{"id":4166,"date":"2025-05-05T11:21:21","date_gmt":"2025-05-05T14:21:21","guid":{"rendered":"https:\/\/www2.uepg.br\/agipi\/?p=4166"},"modified":"2025-05-05T11:23:24","modified_gmt":"2025-05-05T14:23:24","slug":"epitec-e-inprotec-integram-atividade-no-curso-de-economia-da-uepg","status":"publish","type":"post","link":"https:\/\/www2.uepg.br\/agipi\/epitec-e-inprotec-integram-atividade-no-curso-de-economia-da-uepg\/","title":{"rendered":"Epitec e Inprotec integram atividade no curso de Economia da UEPG"},"content":{"rendered":"<p class=\"\" data-start=\"200\" data-end=\"733\"><strong>Inova\u00e7\u00e3o e Propriedade Intelectual<\/strong> foram os temas abordados na aula dos acad\u00eamicos do 2\u00ba ano do curso de Economia da Universidade Estadual de Ponta Grossa (UEPG). Os representantes t\u00e9cnicos da Incubadora de Projetos Inovadores (Inprotec), Guilherme Bucholdz Moro, e do Escrit\u00f3rio de Propriedade Intelectual e Transfer\u00eancia de Tecnologia (Epitec), Aline Staut Carneiro, estiveram presentes no Campus de Uvaranas, na segunda-feira (28), para explanar sobre o processo de incuba\u00e7\u00e3o, as modalidade de residentes da universidade e os procedimentos para dep\u00f3sito de patentes no Instituto Nacional da Propriedade Industrial (INPI). &#8220;Nesta apresenta\u00e7\u00e3o da AGIPI, assim como nas anteriores, sentimos a alegria de compartilhar com os alunos o conceito de inova\u00e7\u00e3o. Al\u00e9m de explicar o que \u00e9 inova\u00e7\u00e3o, tamb\u00e9m abordamos os meios de proteg\u00ea-la \u2014 algo essencial, pois \u00e9 importante saber que ideias e cria\u00e7\u00f5es precisam ser resguardadas. A energia dos alunos foi contagiante, e a participa\u00e7\u00e3o da turma, excelente. Foram receptivos e engajados, o que tornou a din\u00e2mica leve, produtiva e muito agrad\u00e1vel&#8221;, destacou Aline.<\/p>\n<p class=\"\" data-start=\"735\" data-end=\"1135\">A Ag\u00eancia de Inova\u00e7\u00e3o e Propriedade Intelectual promove visitas t\u00e9cnicas a setores e departamentos da universidade como forma de ampliar o ecossistema de inova\u00e7\u00e3o e aproximar diferentes \u00e1reas do conhecimento. Em mar\u00e7o, a equipe realizou um encontro com as turmas do 2\u00ba e 3\u00ba anos do curso de Com\u00e9rcio Exterior. O agendamento de visitas pode ser solicitado pelo e-mail da ag\u00eancia:<span style=\"color: #0000ff\"> agipi@uepg.br<\/span>.<\/p>\n<p data-start=\"735\" data-end=\"1135\">Texto: Daniela Borcezi<\/p>\n<p style=\"text-align: left\" data-start=\"735\" data-end=\"1135\">Foto de capa: Guilherme Bucholdz Moro<!--more--><\/p>\n<div id=\"attachment_4186\" style=\"width: 611px\" class=\"wp-caption aligncenter\"><img aria-describedby=\"caption-attachment-4186\" loading=\"lazy\" class=\"wp-image-4186\" src=\"https:\/\/www2.uepg.br\/agipi\/wp-content\/uploads\/sites\/17\/2025\/05\/702e4a60-6e44-45a9-8222-0e646951aa1a-1.jpg\" alt=\"\" width=\"601\" height=\"874\" \/><p id=\"caption-attachment-4186\" class=\"wp-caption-text\">Foto: Aline Staut Carneiro<\/p><\/div>\n<div id=\"attachment_4191\" style=\"width: 610px\" class=\"wp-caption aligncenter\"><img aria-describedby=\"caption-attachment-4191\" loading=\"lazy\" class=\"wp-image-4191\" src=\"https:\/\/www2.uepg.br\/agipi\/wp-content\/uploads\/sites\/17\/2025\/05\/e6122596-ee54-4f0f-98ec-84c77a411e50.jpg\" alt=\"\" width=\"600\" height=\"329\" \/><p id=\"caption-attachment-4191\" class=\"wp-caption-text\">Foto: Aline Staut Carneiro<\/p><\/div>\n<div id=\"attachment_4199\" style=\"width: 611px\" class=\"wp-caption aligncenter\"><img aria-describedby=\"caption-attachment-4199\" loading=\"lazy\" class=\"wp-image-4199\" src=\"https:\/\/www2.uepg.br\/agipi\/wp-content\/uploads\/sites\/17\/2025\/05\/b1a2f274-56ac-4167-8c6d-0b248a4871ae.jpg\" alt=\"\" width=\"601\" height=\"798\" \/><p id=\"caption-attachment-4199\" class=\"wp-caption-text\">Foto: Guilherme Bucholdz Moro<\/p><\/div>\n<div id=\"attachment_4193\" style=\"width: 610px\" class=\"wp-caption aligncenter\"><img aria-describedby=\"caption-attachment-4193\" loading=\"lazy\" class=\"wp-image-4193\" src=\"https:\/\/www2.uepg.br\/agipi\/wp-content\/uploads\/sites\/17\/2025\/05\/92640dcb-6593-440f-9401-a4d025f6b82e-1.jpg\" alt=\"\" width=\"600\" height=\"333\" \/><p id=\"caption-attachment-4193\" class=\"wp-caption-text\">Foto: Aline Staut Carneiro<\/p><\/div>\n<p data-start=\"735\" data-end=\"1135\">\n","protected":false},"excerpt":{"rendered":"<p>Inova\u00e7\u00e3o e Propriedade Intelectual foram os temas abordados na aula dos acad\u00eamicos do 2\u00ba ano do curso de Economia da Universidade Estadual de Ponta Grossa (UEPG). Os representantes t\u00e9cnicos da Incubadora de Projetos Inovadores (Inprotec), Guilherme Bucholdz Moro, e do Escrit\u00f3rio de Propriedade Intelectual e Transfer\u00eancia de Tecnologia (Epitec), Aline Staut Carneiro, estiveram presentes no&nbsp;&hellip;<\/p>\n","protected":false},"author":767,"featured_media":4180,"comment_status":"closed","ping_status":"closed","sticky":false,"template":"","format":"standard","meta":[],"categories":[3],"tags":[59,231,184,41,196,40],"_links":{"self":[{"href":"https:\/\/www2.uepg.br\/agipi\/wp-json\/wp\/v2\/posts\/4166"}],"collection":[{"href":"https:\/\/www2.uepg.br\/agipi\/wp-json\/wp\/v2\/posts"}],"about":[{"href":"https:\/\/www2.uepg.br\/agipi\/wp-json\/wp\/v2\/types\/post"}],"author":[{"embeddable":true,"href":"https:\/\/www2.uepg.br\/agipi\/wp-json\/wp\/v2\/users\/767"}],"replies":[{"embeddable":true,"href":"https:\/\/www2.uepg.br\/agipi\/wp-json\/wp\/v2\/comments?post=4166"}],"version-history":[{"count":60,"href":"https:\/\/www2.uepg.br\/agipi\/wp-json\/wp\/v2\/posts\/4166\/revisions"}],"predecessor-version":[{"id":4242,"href":"https:\/\/www2.uepg.br\/agipi\/wp-json\/wp\/v2\/posts\/4166\/revisions\/4242"}],"wp:featuredmedia":[{"embeddable":true,"href":"https:\/\/www2.uepg.br\/agipi\/wp-json\/wp\/v2\/media\/4180"}],"wp:attachment":[{"href":"https:\/\/www2.uepg.br\/agipi\/wp-json\/wp\/v2\/media?parent=4166"}],"wp:term":[{"taxonomy":"category","embeddable":true,"href":"https:\/\/www2.uepg.br\/agipi\/wp-json\/wp\/v2\/categories?post=4166"},{"taxonomy":"post_tag","embeddable":true,"href":"https:\/\/www2.uepg.br\/agipi\/wp-json\/wp\/v2\/tags?post=4166"}],"curies":[{"name":"wp","href":"https:\/\/api.w.org\/{rel}","templated":true}]}}