{"id":7533,"date":"2026-04-22T15:34:55","date_gmt":"2026-04-22T18:34:55","guid":{"rendered":"https:\/\/www2.uepg.br\/agipi\/?p=7533"},"modified":"2026-04-22T15:37:20","modified_gmt":"2026-04-22T18:37:20","slug":"agipi-ageuni-participa-de-reuniao-estrategica-do-programa-ari-junto-ao-sebrae","status":"publish","type":"post","link":"https:\/\/www2.uepg.br\/agipi\/agipi-ageuni-participa-de-reuniao-estrategica-do-programa-ari-junto-ao-sebrae\/","title":{"rendered":"Ageuni-Agipi participa de reuni\u00e3o estrat\u00e9gica do Programa ARI  junto ao Sebrae"},"content":{"rendered":"<p><span style=\"font-weight: 400\">Ao dar continuidade \u00e0 agenda de trabalhos iniciado em mar\u00e7o em Curitiba, na qual houve direcionamento estrat\u00e9gico sobre a atua\u00e7\u00e3o dos Agentes Regionais de Inova\u00e7\u00e3o (ARIs), o diretor da Agipi e secret\u00e1rio da Ag\u00eancia de Desenvolvimento Regional Sustent\u00e1vel (Ageuni) da UEPG, Cesar Eduardo Abud Limas, reuniu-se, na ter\u00e7a-feira (14), na sede do Sebrae, em Ponta Grossa, com a consultora de neg\u00f3cios Suellen Pavanelo e os ARIs Guilherme Bucholdz Moro e Samuel Sleiman Mouchaileh.\u00a0<\/span><\/p>\n<p><span style=\"font-weight: 400\">Ao destacar a relev\u00e2ncia do encontro, o professor Cesar enfatizou a import\u00e2ncia do planejamento para 2026, com indicadores aprovados pela governan\u00e7a, o que facilitar\u00e1 o acompanhamento do projeto. A partir dessa atua\u00e7\u00e3o estrat\u00e9gica, Suellen\u00a0 acredita que foi poss\u00edvel analisar as principais demandas dos ecossistemas locais e relacion\u00e1-las aos indicadores que orientam a atua\u00e7\u00e3o dos agentes regionais de inova\u00e7\u00e3o. \u201cEsse processo foi muito relevante, pois permitiu a constru\u00e7\u00e3o de um plano de trabalho focado na atua\u00e7\u00e3o desses agentes, com o objetivo de torn\u00e1-la ainda mais efetiva\u201d.\u00a0<\/span><\/p>\n<p><span style=\"font-weight: 400\">Em mar\u00e7o, representantes da Secretaria da Ci\u00eancia, Tecnologia e Ensino Superior do Paran\u00e1 (SETI), da UEPG e da Unicentro participaram da reuni\u00e3o intitulada \u201cDa Universidade para o Territ\u00f3rio: o ARI como Agente de Transforma\u00e7\u00e3o Regional\u201d, com o objetivo de alinhar as a\u00e7\u00f5es do Programa dos Agentes Regionais de Inova\u00e7\u00e3o. Durante o encontro, foram apresentadas as atividades desenvolvidas pelos agentes regionais, al\u00e9m da defini\u00e7\u00e3o de indicadores para o acompanhamento do programa.<\/span><\/p>\n<p><span style=\"font-weight: 400\">Texto: Daniela Borcezi<\/span><\/p>\n<p><span style=\"font-weight: 400\">Foto: Divulga\u00e7\u00e3o<\/span><\/p>\n","protected":false},"excerpt":{"rendered":"<p>Ao dar continuidade \u00e0 agenda de trabalhos iniciado em mar\u00e7o em Curitiba, na qual houve direcionamento estrat\u00e9gico sobre a atua\u00e7\u00e3o dos Agentes Regionais de Inova\u00e7\u00e3o (ARIs), o diretor da Agipi e secret\u00e1rio da Ag\u00eancia de Desenvolvimento Regional Sustent\u00e1vel (Ageuni) da UEPG, Cesar Eduardo Abud Limas, reuniu-se, na ter\u00e7a-feira (14), na sede do Sebrae, em Ponta&nbsp;&hellip;<\/p>\n","protected":false},"author":767,"featured_media":7537,"comment_status":"closed","ping_status":"closed","sticky":false,"template":"","format":"standard","meta":[],"categories":[3],"tags":[59,507,439,169,506,61,72],"_links":{"self":[{"href":"https:\/\/www2.uepg.br\/agipi\/wp-json\/wp\/v2\/posts\/7533"}],"collection":[{"href":"https:\/\/www2.uepg.br\/agipi\/wp-json\/wp\/v2\/posts"}],"about":[{"href":"https:\/\/www2.uepg.br\/agipi\/wp-json\/wp\/v2\/types\/post"}],"author":[{"embeddable":true,"href":"https:\/\/www2.uepg.br\/agipi\/wp-json\/wp\/v2\/users\/767"}],"replies":[{"embeddable":true,"href":"https:\/\/www2.uepg.br\/agipi\/wp-json\/wp\/v2\/comments?post=7533"}],"version-history":[{"count":2,"href":"https:\/\/www2.uepg.br\/agipi\/wp-json\/wp\/v2\/posts\/7533\/revisions"}],"predecessor-version":[{"id":7538,"href":"https:\/\/www2.uepg.br\/agipi\/wp-json\/wp\/v2\/posts\/7533\/revisions\/7538"}],"wp:featuredmedia":[{"embeddable":true,"href":"https:\/\/www2.uepg.br\/agipi\/wp-json\/wp\/v2\/media\/7537"}],"wp:attachment":[{"href":"https:\/\/www2.uepg.br\/agipi\/wp-json\/wp\/v2\/media?parent=7533"}],"wp:term":[{"taxonomy":"category","embeddable":true,"href":"https:\/\/www2.uepg.br\/agipi\/wp-json\/wp\/v2\/categories?post=7533"},{"taxonomy":"post_tag","embeddable":true,"href":"https:\/\/www2.uepg.br\/agipi\/wp-json\/wp\/v2\/tags?post=7533"}],"curies":[{"name":"wp","href":"https:\/\/api.w.org\/{rel}","templated":true}]}}