{"id":7541,"date":"2026-04-23T12:08:52","date_gmt":"2026-04-23T15:08:52","guid":{"rendered":"https:\/\/www2.uepg.br\/agipi\/?p=7541"},"modified":"2026-04-23T12:08:59","modified_gmt":"2026-04-23T15:08:59","slug":"forum-regional-da-industria-aponta-desafios-e-oportunidades-para-o-futuro-do-setor-no-parana","status":"publish","type":"post","link":"https:\/\/www2.uepg.br\/agipi\/forum-regional-da-industria-aponta-desafios-e-oportunidades-para-o-futuro-do-setor-no-parana\/","title":{"rendered":"F\u00f3rum Regional da Ind\u00fastria aponta desafios e oportunidades para o futuro do setor no Paran\u00e1"},"content":{"rendered":"<p><span style=\"font-weight: 400\">Mais de 50% das ind\u00fastrias ainda desconhecem os impactos da reforma tribut\u00e1ria, enquanto 72% pretendem manter investimentos mesmo diante de uma poss\u00edvel retra\u00e7\u00e3o econ\u00f4mica estimada em at\u00e9 50%. Esses dados abriram o F\u00f3rum Regional da Ind\u00fastria, realizado no dia 17 de abril, em Ponta Grossa, com foco na an\u00e1lise do cen\u00e1rio industrial e na constru\u00e7\u00e3o de caminhos para o fortalecimento do setor no Paran\u00e1.<\/span><\/p>\n<p><span style=\"font-weight: 400\">A Federa\u00e7\u00e3o das Ind\u00fastrias do Estado do Paran\u00e1 (Fiep) reuniu empres\u00e1rios, lideran\u00e7as e representantes institucionais dos Campos Gerais e da regi\u00e3o Centro Oriental para discutir desafios estruturais, como a escassez de m\u00e3o de obra e a necessidade de moderniza\u00e7\u00e3o tecnol\u00f3gica. A programa\u00e7\u00e3o tamb\u00e9m apresentou a Sondagem Industrial, al\u00e9m de iniciativas como a Expo+Ind\u00fastria, prevista para agosto em Curitiba, que deve reunir solu\u00e7\u00f5es tecnol\u00f3gicas internacionais, oportunidades de financiamento e conex\u00f5es de neg\u00f3cios.<\/span><\/p>\n<p><span style=\"font-weight: 400\"><img loading=\"lazy\" class=\"size-medium wp-image-7544 alignleft\" src=\"https:\/\/www2.uepg.br\/agipi\/wp-content\/uploads\/sites\/17\/2026\/04\/forum-fiep-3-300x225.jpeg\" alt=\"\" width=\"300\" height=\"225\" srcset=\"https:\/\/www2.uepg.br\/agipi\/wp-content\/uploads\/sites\/17\/2026\/04\/forum-fiep-3-300x225.jpeg 300w, https:\/\/www2.uepg.br\/agipi\/wp-content\/uploads\/sites\/17\/2026\/04\/forum-fiep-3.jpeg 720w\" sizes=\"(max-width: 300px) 100vw, 300px\" \/>A Ag\u00eancia de Inova\u00e7\u00e3o e Propriedade Intelectual (Agipi-UEPG) marcou presen\u00e7a no evento, refor\u00e7ando sua atua\u00e7\u00e3o na interface entre universidade e setor produtivo. Para Alessandra Juliane de Carvalho, representante da Agipi, a conex\u00e3o entre dados e inova\u00e7\u00e3o \u00e9 central para o avan\u00e7o do setor. \u201cA inova\u00e7\u00e3o s\u00f3 acontece quando resolve um problema real. O mapeamento da Fiep mostra as demandas da nossa regi\u00e3o, e a Agipi atua na linha de frente para que as pesquisas da UEPG se transformem em patentes e processos que a ind\u00fastria precisa para crescer\u201d, afirmou.<\/span><\/p>\n<p><span style=\"font-weight: 400\">O f\u00f3rum integra um novo ciclo de encontros promovidos pela Fiep em diferentes regi\u00f5es do estado, com o objetivo de ampliar o di\u00e1logo com o setor produtivo e construir uma agenda industrial alinhada \u00e0s demandas locais e \u00e0s estrat\u00e9gias de longo prazo.<\/span><\/p>\n<h3><b>Fiep e Agipi: converg\u00eancias<\/b><\/h3>\n<p><span style=\"font-weight: 400\"><img loading=\"lazy\" class=\"alignright size-medium wp-image-7543\" src=\"https:\/\/www2.uepg.br\/agipi\/wp-content\/uploads\/sites\/17\/2026\/04\/Forum-fiep-2-240x300.jpeg\" alt=\"\" width=\"240\" height=\"300\" srcset=\"https:\/\/www2.uepg.br\/agipi\/wp-content\/uploads\/sites\/17\/2026\/04\/Forum-fiep-2-240x300.jpeg 240w, https:\/\/www2.uepg.br\/agipi\/wp-content\/uploads\/sites\/17\/2026\/04\/Forum-fiep-2-819x1024.jpeg 819w, https:\/\/www2.uepg.br\/agipi\/wp-content\/uploads\/sites\/17\/2026\/04\/Forum-fiep-2-768x960.jpeg 768w, https:\/\/www2.uepg.br\/agipi\/wp-content\/uploads\/sites\/17\/2026\/04\/Forum-fiep-2-1229x1536.jpeg 1229w, https:\/\/www2.uepg.br\/agipi\/wp-content\/uploads\/sites\/17\/2026\/04\/Forum-fiep-2-1638x2048.jpeg 1638w, https:\/\/www2.uepg.br\/agipi\/wp-content\/uploads\/sites\/17\/2026\/04\/Forum-fiep-2-1232x1540.jpeg 1232w, https:\/\/www2.uepg.br\/agipi\/wp-content\/uploads\/sites\/17\/2026\/04\/Forum-fiep-2-864x1080.jpeg 864w, https:\/\/www2.uepg.br\/agipi\/wp-content\/uploads\/sites\/17\/2026\/04\/Forum-fiep-2-scaled.jpeg 2048w\" sizes=\"(max-width: 240px) 100vw, 240px\" \/>A atua\u00e7\u00e3o conjunta entre a Fiep e a Ageuni-Agipi se materializa em uma s\u00e9rie de programas voltados ao desenvolvimento industrial e \u00e0 inova\u00e7\u00e3o regional. Entre eles, destaca-se a Jornada da Produtividade, conduzida pelo Senai e que oferece consultorias e suporte \u00e0 digitaliza\u00e7\u00e3o para micro, pequenas e m\u00e9dias ind\u00fastrias.<\/span><\/p>\n<p><span style=\"font-weight: 400\">Outro ponto de converg\u00eancia \u00e9 o programa Agente Regional de Inova\u00e7\u00e3o (ARI), desenvolvido em parceria com o Sebrae, que fortalece ecossistemas locais ao conectar empresas, universidades e centros de pesquisa. A iniciativa estimula a transfer\u00eancia de tecnologia e amplia a capacidade de inova\u00e7\u00e3o das regi\u00f5es.<\/span><\/p>\n<p><span style=\"font-weight: 400\">A Fiep tamb\u00e9m integra a governan\u00e7a do Programa Especializa Paran\u00e1, no qual atua como espa\u00e7o de apoio \u00e0 implementa\u00e7\u00e3o pr\u00e1tica das pol\u00edticas desenvolvidas. O programa busca potencializar as oportunidades regionais e promover o desenvolvimento econ\u00f4mico sustent\u00e1vel, em sintonia com o trabalho da Agipi na articula\u00e7\u00e3o entre conhecimento e aplica\u00e7\u00e3o industrial.<\/span><\/p>\n<p>Texto: Alex Dolgan<\/p>\n<p>Fotos: Alessandra <span style=\"font-weight: 400\">Carvalho<\/span><\/p>\n","protected":false},"excerpt":{"rendered":"<p>Mais de 50% das ind\u00fastrias ainda desconhecem os impactos da reforma tribut\u00e1ria, enquanto 72% pretendem manter investimentos mesmo diante de uma poss\u00edvel retra\u00e7\u00e3o econ\u00f4mica estimada em at\u00e9 50%. Esses dados abriram o F\u00f3rum Regional da Ind\u00fastria, realizado no dia 17 de abril, em Ponta Grossa, com foco na an\u00e1lise do cen\u00e1rio industrial e na constru\u00e7\u00e3o&nbsp;&hellip;<\/p>\n","protected":false},"author":916,"featured_media":7542,"comment_status":"closed","ping_status":"closed","sticky":false,"template":"","format":"standard","meta":[],"categories":[3],"tags":[100,508,78,169],"_links":{"self":[{"href":"https:\/\/www2.uepg.br\/agipi\/wp-json\/wp\/v2\/posts\/7541"}],"collection":[{"href":"https:\/\/www2.uepg.br\/agipi\/wp-json\/wp\/v2\/posts"}],"about":[{"href":"https:\/\/www2.uepg.br\/agipi\/wp-json\/wp\/v2\/types\/post"}],"author":[{"embeddable":true,"href":"https:\/\/www2.uepg.br\/agipi\/wp-json\/wp\/v2\/users\/916"}],"replies":[{"embeddable":true,"href":"https:\/\/www2.uepg.br\/agipi\/wp-json\/wp\/v2\/comments?post=7541"}],"version-history":[{"count":1,"href":"https:\/\/www2.uepg.br\/agipi\/wp-json\/wp\/v2\/posts\/7541\/revisions"}],"predecessor-version":[{"id":7545,"href":"https:\/\/www2.uepg.br\/agipi\/wp-json\/wp\/v2\/posts\/7541\/revisions\/7545"}],"wp:featuredmedia":[{"embeddable":true,"href":"https:\/\/www2.uepg.br\/agipi\/wp-json\/wp\/v2\/media\/7542"}],"wp:attachment":[{"href":"https:\/\/www2.uepg.br\/agipi\/wp-json\/wp\/v2\/media?parent=7541"}],"wp:term":[{"taxonomy":"category","embeddable":true,"href":"https:\/\/www2.uepg.br\/agipi\/wp-json\/wp\/v2\/categories?post=7541"},{"taxonomy":"post_tag","embeddable":true,"href":"https:\/\/www2.uepg.br\/agipi\/wp-json\/wp\/v2\/tags?post=7541"}],"curies":[{"name":"wp","href":"https:\/\/api.w.org\/{rel}","templated":true}]}}