{"id":7556,"date":"2026-04-24T14:45:07","date_gmt":"2026-04-24T17:45:07","guid":{"rendered":"https:\/\/www2.uepg.br\/agipi\/?p=7556"},"modified":"2026-04-24T15:39:31","modified_gmt":"2026-04-24T18:39:31","slug":"agipi-acompanha-a-inauguracao-de-abrigo-para-gado-leiteiro-na-fazenda-escola-da-uepg","status":"publish","type":"post","link":"https:\/\/www2.uepg.br\/agipi\/agipi-acompanha-a-inauguracao-de-abrigo-para-gado-leiteiro-na-fazenda-escola-da-uepg\/","title":{"rendered":"Agipi acompanha a inaugura\u00e7\u00e3o de abrigo para gado leiteiro na Fazenda Escola da UEPG"},"content":{"rendered":"<p><span style=\"font-weight: 400\">A equipe da Agipi participou, nesta quinta-feira (23), do lan\u00e7amento do novo abrigo para gado leiteiro da Fazenda Escola Cap\u00e3o da On\u00e7a (Fescon), da Universidade Estadual de Ponta Grossa (UEPG). A participa\u00e7\u00e3o refor\u00e7a a aproxima\u00e7\u00e3o da Agipi com o setor agr\u00edcola e iniciativas que integram ensino, pesquisa e extens\u00e3o, fortalecendo o desenvolvimento tecnol\u00f3gico e inovador da institui\u00e7\u00e3o.\u00a0<\/span><\/p>\n<div id=\"attachment_7573\" style=\"width: 310px\" class=\"wp-caption alignleft\"><img aria-describedby=\"caption-attachment-7573\" loading=\"lazy\" class=\"wp-image-7573 size-medium\" src=\"https:\/\/www2.uepg.br\/agipi\/wp-content\/uploads\/sites\/17\/2026\/04\/foto-inauguracao...-300x232.jpg\" alt=\"\" width=\"300\" height=\"232\" srcset=\"https:\/\/www2.uepg.br\/agipi\/wp-content\/uploads\/sites\/17\/2026\/04\/foto-inauguracao...-300x232.jpg 300w, https:\/\/www2.uepg.br\/agipi\/wp-content\/uploads\/sites\/17\/2026\/04\/foto-inauguracao...-1024x792.jpg 1024w, https:\/\/www2.uepg.br\/agipi\/wp-content\/uploads\/sites\/17\/2026\/04\/foto-inauguracao...-768x594.jpg 768w, https:\/\/www2.uepg.br\/agipi\/wp-content\/uploads\/sites\/17\/2026\/04\/foto-inauguracao....jpg 1164w\" sizes=\"(max-width: 300px) 100vw, 300px\" \/><p id=\"caption-attachment-7573\" class=\"wp-caption-text\">Foto: Daniela Borcezi<\/p><\/div>\n<p><span style=\"font-weight: 400\">Assim como em 2025, a Fescon recepcionou a equipe e apresentou as atividades desenvolvidas no local. Neste ano, com a presen\u00e7a de novos funcion\u00e1rios da ag\u00eancia que tiveram a oportunidade de conhecer, na pr\u00e1tica, a estrutura e os ambientes da Fazenda Escola.\u00a0<\/span><\/p>\n<p><span style=\"font-weight: 400\">A cobertura completa do evento pode ser acompanhada no site da UEPG: <\/span><a href=\"https:\/\/www.uepg.br\/abrigo-gado-fescon\/\"><span style=\"font-weight: 400\">https:\/\/www.uepg.br\/abrigo-gado-fescon\/<\/span><\/a><\/p>\n<p><span style=\"font-weight: 400\">Texto: Daniela Borcezi<\/span><\/p>\n<p><span style=\"font-weight: 400\">Foto de capa: Fescon<\/span><!--more--><\/p>\n\n\t\t<style type=\"text\/css\">\n\t\t\t#gallery-1 {\n\t\t\t\tmargin: auto;\n\t\t\t}\n\t\t\t#gallery-1 .gallery-item {\n\t\t\t\tfloat: left;\n\t\t\t\tmargin-top: 10px;\n\t\t\t\ttext-align: center;\n\t\t\t\twidth: 50%;\n\t\t\t}\n\t\t\t#gallery-1 img {\n\t\t\t\tborder: 2px solid #cfcfcf;\n\t\t\t}\n\t\t\t#gallery-1 .gallery-caption {\n\t\t\t\tmargin-left: 0;\n\t\t\t}\n\t\t\t\/* see gallery_shortcode() in wp-includes\/media.php *\/\n\t\t<\/style>\n\t\t<div id='gallery-1' class='gallery galleryid-7556 gallery-columns-2 gallery-size-medium'><dl class='gallery-item'>\n\t\t\t<dt class='gallery-icon landscape'>\n\t\t\t\t<a href='https:\/\/www2.uepg.br\/agipi\/agipi-acompanha-a-inauguracao-de-abrigo-para-gado-leiteiro-na-fazenda-escola-da-uepg\/fazenda-1-2\/'><img width=\"300\" height=\"169\" src=\"https:\/\/www2.uepg.br\/agipi\/wp-content\/uploads\/sites\/17\/2026\/04\/fazenda-1-300x169.jpg\" class=\"attachment-medium size-medium\" alt=\"\" loading=\"lazy\" srcset=\"https:\/\/www2.uepg.br\/agipi\/wp-content\/uploads\/sites\/17\/2026\/04\/fazenda-1-300x169.jpg 300w, https:\/\/www2.uepg.br\/agipi\/wp-content\/uploads\/sites\/17\/2026\/04\/fazenda-1-1024x576.jpg 1024w, https:\/\/www2.uepg.br\/agipi\/wp-content\/uploads\/sites\/17\/2026\/04\/fazenda-1-768x432.jpg 768w, https:\/\/www2.uepg.br\/agipi\/wp-content\/uploads\/sites\/17\/2026\/04\/fazenda-1-1536x864.jpg 1536w, https:\/\/www2.uepg.br\/agipi\/wp-content\/uploads\/sites\/17\/2026\/04\/fazenda-1-1232x693.jpg 1232w, https:\/\/www2.uepg.br\/agipi\/wp-content\/uploads\/sites\/17\/2026\/04\/fazenda-1.jpg 1600w\" sizes=\"(max-width: 300px) 100vw, 300px\" \/><\/a>\n\t\t\t<\/dt><\/dl><dl class='gallery-item'>\n\t\t\t<dt class='gallery-icon landscape'>\n\t\t\t\t<a href='https:\/\/www2.uepg.br\/agipi\/agipi-acompanha-a-inauguracao-de-abrigo-para-gado-leiteiro-na-fazenda-escola-da-uepg\/fazenda-escola-2\/'><img width=\"300\" height=\"169\" src=\"https:\/\/www2.uepg.br\/agipi\/wp-content\/uploads\/sites\/17\/2026\/04\/Fazenda-escola-2-300x169.jpg\" class=\"attachment-medium size-medium\" alt=\"\" loading=\"lazy\" srcset=\"https:\/\/www2.uepg.br\/agipi\/wp-content\/uploads\/sites\/17\/2026\/04\/Fazenda-escola-2-300x169.jpg 300w, https:\/\/www2.uepg.br\/agipi\/wp-content\/uploads\/sites\/17\/2026\/04\/Fazenda-escola-2-1024x576.jpg 1024w, https:\/\/www2.uepg.br\/agipi\/wp-content\/uploads\/sites\/17\/2026\/04\/Fazenda-escola-2-768x432.jpg 768w, https:\/\/www2.uepg.br\/agipi\/wp-content\/uploads\/sites\/17\/2026\/04\/Fazenda-escola-2-1536x864.jpg 1536w, https:\/\/www2.uepg.br\/agipi\/wp-content\/uploads\/sites\/17\/2026\/04\/Fazenda-escola-2-1232x693.jpg 1232w, https:\/\/www2.uepg.br\/agipi\/wp-content\/uploads\/sites\/17\/2026\/04\/Fazenda-escola-2.jpg 1600w\" sizes=\"(max-width: 300px) 100vw, 300px\" \/><\/a>\n\t\t\t<\/dt><\/dl><br style=\"clear: both\" \/><dl class='gallery-item'>\n\t\t\t<dt class='gallery-icon landscape'>\n\t\t\t\t<a href='https:\/\/www2.uepg.br\/agipi\/agipi-acompanha-a-inauguracao-de-abrigo-para-gado-leiteiro-na-fazenda-escola-da-uepg\/fazenda-5\/'><img width=\"300\" height=\"169\" src=\"https:\/\/www2.uepg.br\/agipi\/wp-content\/uploads\/sites\/17\/2026\/04\/fazenda-5-300x169.jpg\" class=\"attachment-medium size-medium\" alt=\"\" loading=\"lazy\" srcset=\"https:\/\/www2.uepg.br\/agipi\/wp-content\/uploads\/sites\/17\/2026\/04\/fazenda-5-300x169.jpg 300w, https:\/\/www2.uepg.br\/agipi\/wp-content\/uploads\/sites\/17\/2026\/04\/fazenda-5-1024x576.jpg 1024w, https:\/\/www2.uepg.br\/agipi\/wp-content\/uploads\/sites\/17\/2026\/04\/fazenda-5-768x432.jpg 768w, https:\/\/www2.uepg.br\/agipi\/wp-content\/uploads\/sites\/17\/2026\/04\/fazenda-5-1536x864.jpg 1536w, https:\/\/www2.uepg.br\/agipi\/wp-content\/uploads\/sites\/17\/2026\/04\/fazenda-5-1232x693.jpg 1232w, https:\/\/www2.uepg.br\/agipi\/wp-content\/uploads\/sites\/17\/2026\/04\/fazenda-5.jpg 1600w\" sizes=\"(max-width: 300px) 100vw, 300px\" \/><\/a>\n\t\t\t<\/dt><\/dl><dl class='gallery-item'>\n\t\t\t<dt class='gallery-icon landscape'>\n\t\t\t\t<a href='https:\/\/www2.uepg.br\/agipi\/agipi-acompanha-a-inauguracao-de-abrigo-para-gado-leiteiro-na-fazenda-escola-da-uepg\/fazenda-13\/'><img width=\"300\" height=\"169\" src=\"https:\/\/www2.uepg.br\/agipi\/wp-content\/uploads\/sites\/17\/2026\/04\/fazenda-13-300x169.jpg\" class=\"attachment-medium size-medium\" alt=\"\" loading=\"lazy\" srcset=\"https:\/\/www2.uepg.br\/agipi\/wp-content\/uploads\/sites\/17\/2026\/04\/fazenda-13-300x169.jpg 300w, https:\/\/www2.uepg.br\/agipi\/wp-content\/uploads\/sites\/17\/2026\/04\/fazenda-13-1024x576.jpg 1024w, https:\/\/www2.uepg.br\/agipi\/wp-content\/uploads\/sites\/17\/2026\/04\/fazenda-13-768x432.jpg 768w, https:\/\/www2.uepg.br\/agipi\/wp-content\/uploads\/sites\/17\/2026\/04\/fazenda-13-1536x864.jpg 1536w, https:\/\/www2.uepg.br\/agipi\/wp-content\/uploads\/sites\/17\/2026\/04\/fazenda-13-1232x693.jpg 1232w, https:\/\/www2.uepg.br\/agipi\/wp-content\/uploads\/sites\/17\/2026\/04\/fazenda-13.jpg 1600w\" sizes=\"(max-width: 300px) 100vw, 300px\" \/><\/a>\n\t\t\t<\/dt><\/dl><br style=\"clear: both\" \/>\n\t\t<\/div>\n\n","protected":false},"excerpt":{"rendered":"<p>A equipe da Agipi participou, nesta quinta-feira (23), do lan\u00e7amento do novo abrigo para gado leiteiro da Fazenda Escola Cap\u00e3o da On\u00e7a (Fescon), da Universidade Estadual de Ponta Grossa (UEPG). A participa\u00e7\u00e3o refor\u00e7a a aproxima\u00e7\u00e3o da Agipi com o setor agr\u00edcola e iniciativas que integram ensino, pesquisa e extens\u00e3o, fortalecendo o desenvolvimento tecnol\u00f3gico e inovador&nbsp;&hellip;<\/p>\n","protected":false},"author":767,"featured_media":7561,"comment_status":"closed","ping_status":"closed","sticky":false,"template":"","format":"standard","meta":[],"categories":[3],"tags":[59,516,517,229,515,5,518],"_links":{"self":[{"href":"https:\/\/www2.uepg.br\/agipi\/wp-json\/wp\/v2\/posts\/7556"}],"collection":[{"href":"https:\/\/www2.uepg.br\/agipi\/wp-json\/wp\/v2\/posts"}],"about":[{"href":"https:\/\/www2.uepg.br\/agipi\/wp-json\/wp\/v2\/types\/post"}],"author":[{"embeddable":true,"href":"https:\/\/www2.uepg.br\/agipi\/wp-json\/wp\/v2\/users\/767"}],"replies":[{"embeddable":true,"href":"https:\/\/www2.uepg.br\/agipi\/wp-json\/wp\/v2\/comments?post=7556"}],"version-history":[{"count":16,"href":"https:\/\/www2.uepg.br\/agipi\/wp-json\/wp\/v2\/posts\/7556\/revisions"}],"predecessor-version":[{"id":7580,"href":"https:\/\/www2.uepg.br\/agipi\/wp-json\/wp\/v2\/posts\/7556\/revisions\/7580"}],"wp:featuredmedia":[{"embeddable":true,"href":"https:\/\/www2.uepg.br\/agipi\/wp-json\/wp\/v2\/media\/7561"}],"wp:attachment":[{"href":"https:\/\/www2.uepg.br\/agipi\/wp-json\/wp\/v2\/media?parent=7556"}],"wp:term":[{"taxonomy":"category","embeddable":true,"href":"https:\/\/www2.uepg.br\/agipi\/wp-json\/wp\/v2\/categories?post=7556"},{"taxonomy":"post_tag","embeddable":true,"href":"https:\/\/www2.uepg.br\/agipi\/wp-json\/wp\/v2\/tags?post=7556"}],"curies":[{"name":"wp","href":"https:\/\/api.w.org\/{rel}","templated":true}]}}