{"id":1243,"date":"2021-10-04T09:49:04","date_gmt":"2021-10-04T12:49:04","guid":{"rendered":"https:\/\/www2.uepg.br\/caic\/?p=1243"},"modified":"2021-10-04T09:49:04","modified_gmt":"2021-10-04T12:49:04","slug":"retorno-ensino-em-tempo-integral-escola-reitor-pre-i-ao-5o-ano","status":"publish","type":"post","link":"https:\/\/www2.uepg.br\/caic\/retorno-ensino-em-tempo-integral-escola-reitor-pre-i-ao-5o-ano\/","title":{"rendered":"RETORNO ENSINO EM TEMPO INTEGRAL ESCOLA REITOR &#8211; PR\u00c9 I AO 5\u00ba ANO"},"content":{"rendered":"<p><strong>Srs. pais e\/ou respons\u00e1veis<\/strong><\/p>\n<p><strong>\u00a0<\/strong>Informamos que o ensino em <strong>tempo integral<\/strong> ser\u00e1 retomado a partir de 18\/10\/2021, todavia, continuar\u00e1 funcionando de modo escalonado, ou seja, os alunos do <u>Grupo A<\/u> vir\u00e3o para o ensino presencial\/h\u00edbrido ao longo de uma semana e, na pr\u00f3xima, permanecer\u00e3o em casa, possibilitando que o <u>Grupo B<\/u> venha para a escola.<\/p>\n<p>Esclarecemos que o modelo escalonado ser\u00e1 mantido para garantir a seguran\u00e7a de toda a comunidade escolar, uma vez que os espa\u00e7os coletivos do CAIC (banheiros, refeit\u00f3rio, biblioteca, gin\u00e1sio, quadra esportiva, p\u00e1tio) s\u00e3o compartilhados por duas escolas (Escola Reitor e Escola Halia), fato que nos difere das demais institui\u00e7\u00f5es escolares. Ressaltamos que, somado o total de alunos matriculados nas duas escolas, temos 693 alunos no CAIC. Al\u00e9m disso, o n\u00famero de ades\u00e3o de alunos ao ensino presencial\/h\u00edbrido vem crescendo e, diante de tal situa\u00e7\u00e3o, a escola precisa manter a l\u00f3gica das turmas escalonadas para garantir a sa\u00fade e seguran\u00e7a de todos.<\/p>\n<p>As aulas ter\u00e3o in\u00edcio \u00e0s 8h e t\u00e9rmino \u00e0s 16h. A sa\u00edda acontecer\u00e1 de forma escalonada, entre 15h45 e 16h. Pedimos aos pais que respeitem o hor\u00e1rio de sa\u00edda dos alunos, evitando atrasos, pois os professores estar\u00e3o atendendo as demandas dos alunos que permaneceram na modalidade do ensino remoto, no hor\u00e1rio entre 16h e 17h.<\/p>\n<p>Vale ressaltar que os pais e\/ou respons\u00e1veis ainda t\u00eam a op\u00e7\u00e3o de manter seus filhos na modalidade do ensino remoto. Para tanto, precisam renovar a assinatura do documento na Coordena\u00e7\u00e3o Pedag\u00f3gica.<\/p>\n<p>Destacamos que n\u00e3o haver\u00e1 cobran\u00e7a da taxa de alimenta\u00e7\u00e3o (almo\u00e7o) para o ano letivo de 2021, uma vez que recebemos itens aliment\u00edcios do Programa Nacional de Alimenta\u00e7\u00e3o Escolar \u2013 PNAE.<\/p>\n<p>Comunicamos que os dois port\u00f5es do CAIC estar\u00e3o abertos, operando com todas as medidas de biosseguran\u00e7a.<\/p>\n<p><strong>IMPORTANTE: <\/strong>o acesso de ve\u00edculos no interior do estacionamento principal do CAIC \u00e9 exclusivo para o embarque\/desembarque de vans escolares e funcion\u00e1rios do CAIC.<\/p>\n<p>Atenciosamente<\/p>\n<p><strong>\u00a0DIRE\u00c7\u00c3O GERAL DO CAIC<\/strong><\/p>\n","protected":false},"excerpt":{"rendered":"<p>Srs. pais e\/ou respons\u00e1veis \u00a0Informamos que o ensino em tempo integral ser\u00e1 retomado a partir de 18\/10\/2021, todavia, continuar\u00e1 funcionando de modo escalonado, ou seja, os alunos do Grupo A vir\u00e3o para o ensino presencial\/h\u00edbrido ao longo de uma semana e, na pr\u00f3xima, permanecer\u00e3o em casa, possibilitando que o Grupo B venha para a escola.&nbsp;&hellip;<\/p>\n","protected":false},"author":306,"featured_media":0,"comment_status":"closed","ping_status":"open","sticky":false,"template":"","format":"standard","meta":[],"categories":[2],"tags":[],"_links":{"self":[{"href":"https:\/\/www2.uepg.br\/caic\/wp-json\/wp\/v2\/posts\/1243"}],"collection":[{"href":"https:\/\/www2.uepg.br\/caic\/wp-json\/wp\/v2\/posts"}],"about":[{"href":"https:\/\/www2.uepg.br\/caic\/wp-json\/wp\/v2\/types\/post"}],"author":[{"embeddable":true,"href":"https:\/\/www2.uepg.br\/caic\/wp-json\/wp\/v2\/users\/306"}],"replies":[{"embeddable":true,"href":"https:\/\/www2.uepg.br\/caic\/wp-json\/wp\/v2\/comments?post=1243"}],"version-history":[{"count":1,"href":"https:\/\/www2.uepg.br\/caic\/wp-json\/wp\/v2\/posts\/1243\/revisions"}],"predecessor-version":[{"id":1244,"href":"https:\/\/www2.uepg.br\/caic\/wp-json\/wp\/v2\/posts\/1243\/revisions\/1244"}],"wp:attachment":[{"href":"https:\/\/www2.uepg.br\/caic\/wp-json\/wp\/v2\/media?parent=1243"}],"wp:term":[{"taxonomy":"category","embeddable":true,"href":"https:\/\/www2.uepg.br\/caic\/wp-json\/wp\/v2\/categories?post=1243"},{"taxonomy":"post_tag","embeddable":true,"href":"https:\/\/www2.uepg.br\/caic\/wp-json\/wp\/v2\/tags?post=1243"}],"curies":[{"name":"wp","href":"https:\/\/api.w.org\/{rel}","templated":true}]}}