{"id":1246,"date":"2021-10-08T10:37:09","date_gmt":"2021-10-08T13:37:09","guid":{"rendered":"https:\/\/www2.uepg.br\/caic\/?p=1246"},"modified":"2021-10-08T10:37:09","modified_gmt":"2021-10-08T13:37:09","slug":"informacoes-importantes-pre-i-ao-5o-ano","status":"publish","type":"post","link":"https:\/\/www2.uepg.br\/caic\/informacoes-importantes-pre-i-ao-5o-ano\/","title":{"rendered":"INFORMA\u00c7\u00d5ES IMPORTANTES &#8211; PR\u00c9 I AO 5\u00ba ANO"},"content":{"rendered":"<p><strong><u>Srs. Pais e\/ou Respons\u00e1veis<\/u><\/strong><\/p>\n<p>Informamos que nos dias <strong>11 e 12 de\u00a0 outubro de 2021 (segunda e ter\u00e7a-feira)<\/strong>, o CAIC \u2013 Reitor Alvaro Augusto Cunha Rocha estar\u00e1 fechado, conforme\u00a0 previsto no calend\u00e1rio universit\u00e1rio da UEPG e nos calend\u00e1rios das escolas do CAIC. Destacamos que nestes dias n\u00e3o haver\u00e1 aula tanto para o ensino h\u00edbrido quanto para o ensino remoto.<\/p>\n<p>O CAIC retorna \u00e0s suas atividades no dia 13 de outubro de 2021 (quarta-feira). Pedimos aos pais que observem a escala de seu filho(a).<\/p>\n<p>No <strong>dia 14 de outubro (quinta-feira),<\/strong> <strong>das 13h \u00e0s 16h45,<\/strong>\u00a0ser\u00e3o entregues os\u00a0<strong>pareceres e boletins<\/strong>\u00a0referente ao 3\u00ba trimestre de 2021 para as turmas do Pr\u00e9 I ao 5\u00ba ano. A assinatura dos\u00a0<strong>pareceres e boletins\u00a0<\/strong><strong>acontec<\/strong>er\u00e1 na sala de aula do pr\u00f3prio(a) aluno (a). Os pais e\/ou respons\u00e1veis que n\u00e3o puderem comparecer nesse dia e hor\u00e1rio, dever\u00e3o agendar hor\u00e1rio espec\u00edfico com o professor de seu filho (a). <strong>Neste dia o ensino h\u00edbrido e remoto acontecer\u00e3o normalmente, com escalonamento, das 8h \u00e0s 12h. \u00a0\u00c0 tarde os professores estar\u00e3o atendendo os pais em sala de aula.<\/strong><\/p>\n<p>Solicitamos aos pais ou respons\u00e1veis que utilizem m\u00e1scara, conforme orienta\u00e7\u00e3o para a preven\u00e7\u00e3o do COVID- 19.<\/p>\n<p>Informamos tamb\u00e9m que no dia <strong>15 de outubro (sexta-feira),<\/strong> <strong>N\u00c3O HAVER\u00c1 AULA\u00a0 PRESENCIAL\/H\u00cdBRIDO, APENAS O ENSINO REMOTO (CASA). <\/strong>Esta medida obedece as determina\u00e7\u00f5es do Informativo 26\/21 de 04\/10\/2021 da Secretaria Municipal de Educa\u00e7\u00e3o<strong>.<\/strong><\/p>\n<p>&nbsp;<\/p>\n","protected":false},"excerpt":{"rendered":"<p>Srs. Pais e\/ou Respons\u00e1veis Informamos que nos dias 11 e 12 de\u00a0 outubro de 2021 (segunda e ter\u00e7a-feira), o CAIC \u2013 Reitor Alvaro Augusto Cunha Rocha estar\u00e1 fechado, conforme\u00a0 previsto no calend\u00e1rio universit\u00e1rio da UEPG e nos calend\u00e1rios das escolas do CAIC. Destacamos que nestes dias n\u00e3o haver\u00e1 aula tanto para o ensino h\u00edbrido quanto&nbsp;&hellip;<\/p>\n","protected":false},"author":306,"featured_media":0,"comment_status":"closed","ping_status":"open","sticky":false,"template":"","format":"standard","meta":[],"categories":[2],"tags":[],"_links":{"self":[{"href":"https:\/\/www2.uepg.br\/caic\/wp-json\/wp\/v2\/posts\/1246"}],"collection":[{"href":"https:\/\/www2.uepg.br\/caic\/wp-json\/wp\/v2\/posts"}],"about":[{"href":"https:\/\/www2.uepg.br\/caic\/wp-json\/wp\/v2\/types\/post"}],"author":[{"embeddable":true,"href":"https:\/\/www2.uepg.br\/caic\/wp-json\/wp\/v2\/users\/306"}],"replies":[{"embeddable":true,"href":"https:\/\/www2.uepg.br\/caic\/wp-json\/wp\/v2\/comments?post=1246"}],"version-history":[{"count":1,"href":"https:\/\/www2.uepg.br\/caic\/wp-json\/wp\/v2\/posts\/1246\/revisions"}],"predecessor-version":[{"id":1247,"href":"https:\/\/www2.uepg.br\/caic\/wp-json\/wp\/v2\/posts\/1246\/revisions\/1247"}],"wp:attachment":[{"href":"https:\/\/www2.uepg.br\/caic\/wp-json\/wp\/v2\/media?parent=1246"}],"wp:term":[{"taxonomy":"category","embeddable":true,"href":"https:\/\/www2.uepg.br\/caic\/wp-json\/wp\/v2\/categories?post=1246"},{"taxonomy":"post_tag","embeddable":true,"href":"https:\/\/www2.uepg.br\/caic\/wp-json\/wp\/v2\/tags?post=1246"}],"curies":[{"name":"wp","href":"https:\/\/api.w.org\/{rel}","templated":true}]}}