{"id":2068,"date":"2026-02-09T12:03:51","date_gmt":"2026-02-09T15:03:51","guid":{"rendered":"https:\/\/www2.uepg.br\/caic\/?p=2068"},"modified":"2026-02-09T12:03:51","modified_gmt":"2026-02-09T15:03:51","slug":"recesso-de-carnaval","status":"publish","type":"post","link":"https:\/\/www2.uepg.br\/caic\/recesso-de-carnaval\/","title":{"rendered":"RECESSO DE CARNAVAL"},"content":{"rendered":"<p style=\"text-align: center\">Senhores pais e\/ou respons\u00e1veis<\/p>\n<p style=\"text-align: center\">\u00a0\u00a0\u00a0\u00a0\u00a0\u00a0\u00a0\u00a0\u00a0\u00a0\u00a0 Informamos que no per\u00edodo de <strong>16 a 18 de fevereiro (segunda a quarta-feira),<\/strong> o CAIC \u2013 Reitor Alvaro Augusto Cunha Rocha estar\u00e1 <strong>fechado<\/strong>, conforme previsto nos calend\u00e1rios das escolas do CAIC.<\/p>\n<p style=\"text-align: center\"><strong>\u00a0\u00a0\u00a0\u00a0\u00a0\u00a0\u00a0\u00a0\u00a0\u00a0\u00a0 O CAIC retorna \u00e0s suas atividades no dia 19 de fevereiro de 2026 (quinta-feira).<\/strong><\/p>\n<p style=\"text-align: center\">A Dire\u00e7\u00e3o.<\/p>\n<p style=\"text-align: center\">\n","protected":false},"excerpt":{"rendered":"<p>Senhores pais e\/ou respons\u00e1veis \u00a0\u00a0\u00a0\u00a0\u00a0\u00a0\u00a0\u00a0\u00a0\u00a0\u00a0 Informamos que no per\u00edodo de 16 a 18 de fevereiro (segunda a quarta-feira), o CAIC \u2013 Reitor Alvaro Augusto Cunha Rocha estar\u00e1 fechado, conforme previsto nos calend\u00e1rios das escolas do CAIC. \u00a0\u00a0\u00a0\u00a0\u00a0\u00a0\u00a0\u00a0\u00a0\u00a0\u00a0 O CAIC retorna \u00e0s suas atividades no dia 19 de fevereiro de 2026 (quinta-feira). A Dire\u00e7\u00e3o.<\/p>\n","protected":false},"author":306,"featured_media":0,"comment_status":"closed","ping_status":"open","sticky":false,"template":"","format":"standard","meta":[],"categories":[2],"tags":[],"_links":{"self":[{"href":"https:\/\/www2.uepg.br\/caic\/wp-json\/wp\/v2\/posts\/2068"}],"collection":[{"href":"https:\/\/www2.uepg.br\/caic\/wp-json\/wp\/v2\/posts"}],"about":[{"href":"https:\/\/www2.uepg.br\/caic\/wp-json\/wp\/v2\/types\/post"}],"author":[{"embeddable":true,"href":"https:\/\/www2.uepg.br\/caic\/wp-json\/wp\/v2\/users\/306"}],"replies":[{"embeddable":true,"href":"https:\/\/www2.uepg.br\/caic\/wp-json\/wp\/v2\/comments?post=2068"}],"version-history":[{"count":2,"href":"https:\/\/www2.uepg.br\/caic\/wp-json\/wp\/v2\/posts\/2068\/revisions"}],"predecessor-version":[{"id":2070,"href":"https:\/\/www2.uepg.br\/caic\/wp-json\/wp\/v2\/posts\/2068\/revisions\/2070"}],"wp:attachment":[{"href":"https:\/\/www2.uepg.br\/caic\/wp-json\/wp\/v2\/media?parent=2068"}],"wp:term":[{"taxonomy":"category","embeddable":true,"href":"https:\/\/www2.uepg.br\/caic\/wp-json\/wp\/v2\/categories?post=2068"},{"taxonomy":"post_tag","embeddable":true,"href":"https:\/\/www2.uepg.br\/caic\/wp-json\/wp\/v2\/tags?post=2068"}],"curies":[{"name":"wp","href":"https:\/\/api.w.org\/{rel}","templated":true}]}}