{"id":221,"date":"2023-11-02T22:44:11","date_gmt":"2023-11-03T01:44:11","guid":{"rendered":"https:\/\/www2.uepg.br\/cipa\/?p=221"},"modified":"2023-11-02T22:52:53","modified_gmt":"2023-11-03T01:52:53","slug":"assedios-plurais","status":"publish","type":"post","link":"https:\/\/www2.uepg.br\/cipa\/assedios-plurais\/","title":{"rendered":"Ass\u00e9dios Plurais"},"content":{"rendered":"<p>A partir de mar\u00e7o a CIPA passou se chamar \u201cComiss\u00e3o Interna de Preven\u00e7\u00e3o de Acidentes e de Ass\u00e9dio\u201d, englobando a partir de ent\u00e3o medidas contra o ass\u00e9dio e viol\u00eancia no trabalho. A portaria MPT n\u00ba 4.219\/2022 mant\u00e9m tamb\u00e9m as atribui\u00e7\u00f5es de preven\u00e7\u00e3o de acidentes e doen\u00e7as laborais.<\/p>\n<p>Com as mudan\u00e7as, a atua\u00e7\u00e3o da CIPA deve prever a inclus\u00e3o dos novos temas nas atividades e pr\u00e1ticas da comiss\u00e3o, como disponibiliza\u00e7\u00e3o de conte\u00fado de qualidade e de fontes oficiais sobre os temas, divulga\u00e7\u00e3o aos trabalhadores sobre os canais de den\u00fancia e locais de apoio, al\u00e9m de treinamento sobre a tem\u00e1tica para os integrantes da CIPA, sempre com foco em educa\u00e7\u00e3o e fiscaliza\u00e7\u00e3o.<\/p>\n<p>O curso de forma\u00e7\u00e3o de integrantes da UEPG atende as exig\u00eancias estabelecidas na Portaria MPT n\u00ba 4.219\/2022, oferecendo aos participantes materiais espec\u00edficos sobre combate e preven\u00e7\u00e3o ao ass\u00e9dio e viol\u00eancia no trabalho.<\/p>\n<p><a href=\"https:\/\/www.youtube.com\/watch?v=rgIgDXiYCDw\">https:\/\/www.youtube.com\/watch?v=rgIgDXiYCDw<\/a><\/p>\n","protected":false},"excerpt":{"rendered":"<p>A partir de mar\u00e7o a CIPA passou se chamar \u201cComiss\u00e3o Interna de Preven\u00e7\u00e3o de Acidentes e de Ass\u00e9dio\u201d, englobando a partir de ent\u00e3o medidas contra o ass\u00e9dio e viol\u00eancia no trabalho. A portaria MPT n\u00ba 4.219\/2022 mant\u00e9m tamb\u00e9m as atribui\u00e7\u00f5es de preven\u00e7\u00e3o de acidentes e doen\u00e7as laborais. Com as mudan\u00e7as, a atua\u00e7\u00e3o da CIPA deve&nbsp;&hellip;<\/p>\n","protected":false},"author":493,"featured_media":0,"comment_status":"closed","ping_status":"open","sticky":false,"template":"","format":"standard","meta":[],"categories":[2],"tags":[],"_links":{"self":[{"href":"https:\/\/www2.uepg.br\/cipa\/wp-json\/wp\/v2\/posts\/221"}],"collection":[{"href":"https:\/\/www2.uepg.br\/cipa\/wp-json\/wp\/v2\/posts"}],"about":[{"href":"https:\/\/www2.uepg.br\/cipa\/wp-json\/wp\/v2\/types\/post"}],"author":[{"embeddable":true,"href":"https:\/\/www2.uepg.br\/cipa\/wp-json\/wp\/v2\/users\/493"}],"replies":[{"embeddable":true,"href":"https:\/\/www2.uepg.br\/cipa\/wp-json\/wp\/v2\/comments?post=221"}],"version-history":[{"count":4,"href":"https:\/\/www2.uepg.br\/cipa\/wp-json\/wp\/v2\/posts\/221\/revisions"}],"predecessor-version":[{"id":225,"href":"https:\/\/www2.uepg.br\/cipa\/wp-json\/wp\/v2\/posts\/221\/revisions\/225"}],"wp:attachment":[{"href":"https:\/\/www2.uepg.br\/cipa\/wp-json\/wp\/v2\/media?parent=221"}],"wp:term":[{"taxonomy":"category","embeddable":true,"href":"https:\/\/www2.uepg.br\/cipa\/wp-json\/wp\/v2\/categories?post=221"},{"taxonomy":"post_tag","embeddable":true,"href":"https:\/\/www2.uepg.br\/cipa\/wp-json\/wp\/v2\/tags?post=221"}],"curies":[{"name":"wp","href":"https:\/\/api.w.org\/{rel}","templated":true}]}}