{"id":745,"date":"2021-02-24T18:44:06","date_gmt":"2021-02-24T21:44:06","guid":{"rendered":"http:\/\/www2.uepg.br\/demat\/?p=745"},"modified":"2021-03-09T13:19:03","modified_gmt":"2021-03-09T16:19:03","slug":"convite-para-sessao-publica-para-ascensao-a-classe-de-professora-associada-nivel-a","status":"publish","type":"post","link":"https:\/\/www2.uepg.br\/demat\/convite-para-sessao-publica-para-ascensao-a-classe-de-professora-associada-nivel-a\/","title":{"rendered":"Convite para Sess\u00e3o P\u00fablica para ascens\u00e3o \u00e0 classe de Professora Associada n\u00edvel A"},"content":{"rendered":"<p>O Departamento de Matem\u00e1tica e Estat\u00edstica da Universidade Estadual de Ponta Grossa tem a satisfa\u00e7\u00e3o de convidar a comunidade acad\u00eamica e externa para participar da defesa de memorial descritivo das atividades docentes, para ascens\u00e3o \u00e0 classe de Professor Associado n\u00edvel A, elaborado pela <strong>Profa Dra Ana L\u00facia Pereira<\/strong>.<\/p>\n<p>A banca examinadora ter\u00e1 a seguinte composi\u00e7\u00e3o:<\/p>\n<p>Dra Luciane Grossi (DEMAT &#8211; UEPG) &#8211; presidente<br \/>\nDra Leila In\u00eas Follmann Freire (DEQUIM \u2013 UEPG) &#8211; membro<br \/>\nDr. Sergio de Melo Arruda (PECEM\/UEL) &#8211; membro externo<br \/>\nDra Elisangela dos Santos Meza (DEMAT &#8211; UEPG) &#8211; suplente<\/p>\n<p>A sess\u00e3o p\u00fablica de defesa ser\u00e1 realizada no dia 26 de fevereiro de 2021, \u00e0s 09:00, de forma online, com link da sala: <a href=\"https:\/\/meet.google.com\/vkz-zzok-mjc\" target=\"_blank\" rel=\"noopener\">https:\/\/meet.google.com\/vkz-zzok-mjc<\/a><\/p>\n<p>&nbsp;<\/p>\n<p>&nbsp;<\/p>\n","protected":false},"excerpt":{"rendered":"<p>O Departamento de Matem\u00e1tica e Estat\u00edstica da Universidade Estadual de Ponta Grossa tem a satisfa\u00e7\u00e3o de convidar a comunidade acad\u00eamica e externa para participar da defesa de memorial descritivo das atividades docentes, para ascens\u00e3o \u00e0 classe de Professor Associado n\u00edvel A, elaborado pela Profa Dra Ana L\u00facia Pereira. A banca examinadora ter\u00e1 a seguinte composi\u00e7\u00e3o:&nbsp;&hellip;<\/p>\n","protected":false},"author":110,"featured_media":0,"comment_status":"closed","ping_status":"open","sticky":false,"template":"","format":"standard","meta":[],"categories":[2],"tags":[],"_links":{"self":[{"href":"https:\/\/www2.uepg.br\/demat\/wp-json\/wp\/v2\/posts\/745"}],"collection":[{"href":"https:\/\/www2.uepg.br\/demat\/wp-json\/wp\/v2\/posts"}],"about":[{"href":"https:\/\/www2.uepg.br\/demat\/wp-json\/wp\/v2\/types\/post"}],"author":[{"embeddable":true,"href":"https:\/\/www2.uepg.br\/demat\/wp-json\/wp\/v2\/users\/110"}],"replies":[{"embeddable":true,"href":"https:\/\/www2.uepg.br\/demat\/wp-json\/wp\/v2\/comments?post=745"}],"version-history":[{"count":4,"href":"https:\/\/www2.uepg.br\/demat\/wp-json\/wp\/v2\/posts\/745\/revisions"}],"predecessor-version":[{"id":753,"href":"https:\/\/www2.uepg.br\/demat\/wp-json\/wp\/v2\/posts\/745\/revisions\/753"}],"wp:attachment":[{"href":"https:\/\/www2.uepg.br\/demat\/wp-json\/wp\/v2\/media?parent=745"}],"wp:term":[{"taxonomy":"category","embeddable":true,"href":"https:\/\/www2.uepg.br\/demat\/wp-json\/wp\/v2\/categories?post=745"},{"taxonomy":"post_tag","embeddable":true,"href":"https:\/\/www2.uepg.br\/demat\/wp-json\/wp\/v2\/tags?post=745"}],"curies":[{"name":"wp","href":"https:\/\/api.w.org\/{rel}","templated":true}]}}