{"id":885,"date":"2020-03-09T20:20:50","date_gmt":"2020-03-09T20:20:50","guid":{"rendered":"http:\/\/www2.uepg.br\/dicion\/?p=885"},"modified":"2021-05-15T22:31:23","modified_gmt":"2021-05-15T22:31:23","slug":"fenata-festival-nacional-de-teatro-amador-na-decada-de-1970","status":"publish","type":"post","link":"https:\/\/www2.uepg.br\/dicion\/fenata-festival-nacional-de-teatro-amador-na-decada-de-1970\/","title":{"rendered":"Fenata \u2013 Festival Nacional de Teatro Amador \u2013 na d\u00e9cada de 1970"},"content":{"rendered":"<p style=\"text-align: left\">O Festival Nacional de Teatro Amador de Ponta Grossa, popularmente conhecido pelos moradores e p\u00fablico universit\u00e1rio da cidade como Fenata, teve seu in\u00edcio na d\u00e9cada de 1970. Entre os dias 3 a 10 de novembro de 1973, no audit\u00f3rio da reitoria da ent\u00e3o Faculdade de Ci\u00eancias e Letras de Ponta Grossa, ocorreram oito apresenta\u00e7\u00f5es.<\/p>\n<p>\u00a0As pe\u00e7as representadas na primeira edi\u00e7\u00e3o do Fenata foram: <strong>Ant\u00edgona<\/strong>, de S\u00f3focles, pelo Grupo Amador da Cidade de Arapongas-PR; <strong>Tempo dos inocentes e tempo dos culpados<\/strong>, de Siegsried Lenz, pelo Grupo Amador de Santo Andr\u00e9- SP; <strong>A pane<\/strong>, de <em>Frederich Durenmatt<\/em>, apresentada por dois grupos distintos: Grupo de Teatro do Estudante do Paran\u00e1, de Curitiba-PR, e pelo Teatro Estudantil de Vanguarda de Santos-SP; <strong>Transe<\/strong>, de <em>Ronaldo Rhaadd<\/em>, pelo Grupo Teatro Universit\u00e1rio de Lages- RS; <strong>Seis personagens a procura de um autor<\/strong>, de Pirandello, pelo Grupo Divulga\u00e7\u00e3o de Minas Gerais; <strong>O Auto da Compadecida<\/strong>, de Ariano Suassuna, pela Escola T\u00e9cnica Federal do Paran\u00e1, de Curitiba-PR<em>; <\/em>\u00a0<strong>Andorra<\/strong>, de Max Friesch, pelo Grupo Gama de Teres\u00f3polis-RJ; e <strong>Pedro Malasartes<\/strong><em>, <\/em>de Maria Helena, pelo grupo Teatro \u00d3pera de S\u00e3o Crist\u00f3v\u00e3o-Guanabara.<\/p>\n<p>A encena\u00e7\u00e3o que ocorreu dia sete de novembro daquele ano se deu em meio a um clima de euforia na cidade. Naquela data houve o reconhecimento\u00a0da Universidade Estadual de Ponta Grossa (criada em 1969), pelo Conselho Federal de Educa\u00e7\u00e3o (CFE). At\u00e9 ent\u00e3o, a institui\u00e7\u00e3o n\u00e3o possu\u00eda esse estatuto: era, administrativamente, a jun\u00e7\u00e3o de diversas faculdades estaduais j\u00e1 existentes na cidade, como: Filosofia, Ci\u00eancias e Letras, Farm\u00e1cia e Odontologia, Direito, Ci\u00eancias Econ\u00f4micas e Administra\u00e7\u00e3o.<\/p>\n<p>A cria\u00e7\u00e3o do festival teve como principal idealizador Jos\u00e9 Faria Moritz (Telmo Faria, como era mais conhecido), que possu\u00eda uma larga experi\u00eancia no cen\u00e1rio teatral, com participa\u00e7\u00f5es como ator em famosas companhias de teatro, como a de Bibi Ferreira e a de Eva Todor. As apresenta\u00e7\u00f5es do festival ocorriam no audit\u00f3rio da reitoria e no Cine Teatro \u00d3pera (atualmente as apresenta\u00e7\u00f5es ocorrem em diversos espa\u00e7os da cidade como escolas, pra\u00e7as, etc.)<\/p>\n<p>No seu in\u00edcio, o Fenata possu\u00eda o requisito de aceitar apenas produ\u00e7\u00f5es de car\u00e1ter amador. Incentivava sobretudo o teatro universit\u00e1rio realizado no interior da institui\u00e7\u00e3o, que possu\u00eda um grupo de teatro, o Grupo de Teatro Universit\u00e1rio-GTU; e tamb\u00e9m incentivava grupos de outras institui\u00e7\u00f5es universit\u00e1rias brasileiras que vinham de diferentes regi\u00f5es apresentar suas produ\u00e7\u00f5es art\u00edsticas.<\/p>\n<p>Nos anos iniciais do festival n\u00e3o ocorriam apresenta\u00e7\u00f5es de pe\u00e7as infantis, estas foram incorporadas ao longo das edi\u00e7\u00f5es. Em 1973, o primeiro festival tinha como programa\u00e7\u00e3o, al\u00e9m das apresenta\u00e7\u00f5es das pe\u00e7as inscritas, aulas sobre diferentes tem\u00e1ticas teatrais e debates ap\u00f3s os espet\u00e1culos. Esse formato se estendeu a diversas edi\u00e7\u00f5es do festival, que n\u00e3o se limitavam apenas as apresenta\u00e7\u00f5es teatrais; o encontro art\u00edstico explorava o teatro de diversas formas, debatendo suas linguagens e potencialidades. Tal caracter\u00edstica foi se perdendo ao longo dos anos e, atualmente, o festival tem como principal foco as apresenta\u00e7\u00f5es teatrais, sem realiza\u00e7\u00e3o de oficinas e sem debates diversos sobre a arte teatral.<\/p>\n<p>Na d\u00e9cada de 1970, os jornais locais e os da capital do estado sempre destacavam o evento em suas p\u00e1ginas. O <em>Di\u00e1rio do Paran\u00e1<\/em>, de Curitiba, em 1974 noticiou que grupos de v\u00e1rias localidades do Brasil estariam presentes na segunda edi\u00e7\u00e3o do Fenata: grupos provenientes de S\u00e3o Paulo, de Aracaju, de Curitiba, do Rio de Janeiro, de Salvador, de Teres\u00f3polis, de S\u00e3o Jos\u00e9 do Rio Preto; e registrou que o grupo de teatro amador de Ponta Grossa apresentaria a pe\u00e7a Yerma, do espanhol Garc\u00eda Lorca. (DI\u00c1RIO DO PARAN\u00c1, 29\/09\/1974, p. 11).<\/p>\n<p>N\u00e3o se pode discorrer sobre o in\u00edcio do Fenata excluindo-se quest\u00f5es pol\u00edticas importantes sobre o per\u00edodo hist\u00f3rico ao qual ele esteve vinculado. O festival inicia-se no contexto da ditadura militar instaurada no Brasil em 1964. Os festivais de teatro amador n\u00e3o estavam imunes aos t\u00e9cnicos e a burocracia da censura que reinava sobre a cultura naquele momento (GARCIA, 2018). Vale ressaltar que, nos tr\u00eas primeiros anos de festival, as hospedagens dos grupos provenientes de fora da cidade eram feitas dentro do 13\u00ba Batalh\u00e3o de Infantaria Blindado da cidade de Ponta Grossa.<\/p>\n<p>O ano em que se inicia o festival \u00e9 um momento de grande instabilidade nacional para os setores culturais e, principalmente, o setor teatral, fosse ele amador ou profissional. Todas as pe\u00e7as encenadas no pa\u00eds teriam que passar pelos processos de censura pr\u00e9via para posterior libera\u00e7\u00e3o para apresenta\u00e7\u00f5es A partir dessa an\u00e1lise, a pe\u00e7a poderia ser: liberada integralmente, liberada com cortes, ou at\u00e9 n\u00e3o ser liberada (GARCIA, 2010). Al\u00e9m disso, era estipulada uma classifica\u00e7\u00e3o et\u00e1ria a partir do conte\u00fado da pe\u00e7a, que ainda ganhava um tempo determinado de encena\u00e7\u00e3o que n\u00e3o ultrapassava cinco anos; passado esse tempo, todo o processo para libera\u00e7\u00e3o teria que ser refeito.<\/p>\n<p>O Fenata, ao longo da d\u00e9cada de 1970, firmou-se como um importante evento cultural de teatro amador realizado no interior do Brasil. Hoje, \u00e9 reconhecido como um dos festivais mais antigos de arte teatral no Brasil, ocorrendo de forma ininterrupta desde 1973. Atualmente, o Fenata recebe tamb\u00e9m grupos profissionais de diversas partes do Brasil e do exterior, que para a cidade de Ponta Grossa se dirigem no m\u00eas de outubro e\/ou novembro para a celebra\u00e7\u00e3o da arte do teatro.<\/p>\n<p><strong>FONTES<\/strong><\/p>\n<p>Di\u00e1rio do Paran\u00e1, 29\/09\/1974.<\/p>\n<p>FUNARTE. <em>FENATA<\/em> &#8211; Festival Nacional de Teatro Amador (1<strong>:\u00a0<\/strong>1973: Ponta Grossa, PR). [S.l.: s.n.]. 1 dossi\u00ea.<\/p>\n<p>FUNARTE. <em>FENATA<\/em> &#8211; Festival Nacional de Teatro Amador (4:<strong>\u00a0<\/strong>1976: Ponta Grossa, PR). [S.l.: s.n.]. 1 dossi\u00ea.<\/p>\n<p>Gazeta do Povo, 04\/11\/2012 (edi\u00e7\u00e3o eletr\u00f4nica). Dispon\u00edvel em: &lt;http:\/\/www.gazetadopovo.com.br\/caderno-g\/40-anos-de-teatro-nos-campos-gerais-2unzuxyrvfw2tv79plgomhjke&gt;. Acesso em: 14 de dezembro de 2019.<\/p>\n<p><strong>REFER\u00caNCIAS<\/strong><\/p>\n<p>FOPPA, Emanuelly. <em>A censura n\u00e3o tem endere\u00e7o<\/em>: a censura \u00e0 pe\u00e7a O Assalto<em>, <\/em>de Jos\u00e9 Vicente de Paula, no Fenata (Ponta Grossa, anos 1970). 2019. Trabalho de Conclus\u00e3o de Curso (Gradua\u00e7\u00e3o em Licenciatura em Hist\u00f3ria) \u2013 Universidade Estadual de Ponta Grossa, Ponta Grossa, 2020.<\/p>\n<p>GARCIA, Miliandre. Censura, resist\u00eancia e teatro na ditadura militar. <em>Concinnitas<\/em>, a. 19, n. 33, p. 144-177, dez. 2018.<\/p>\n<p>GARCIA, Miliandre. Ou voc\u00eas mudam ou acabam: aspectos pol\u00edticos da censura teatral (1964-1985). <em>Topoi<\/em>, Rio de Janeiro, v. 11, p. 235-259, 2010.<\/p>\n<p><strong>Autora:\u00a0 <\/strong>Emanuelly Foppa \u2013 Licenciada em Hist\u00f3ria UEPG, 2019.<\/p>\n<p><strong>Ano<\/strong>: 2020<\/p>\n<p><strong>\u00a0<\/strong><\/p>\n","protected":false},"excerpt":{"rendered":"<p>O Festival Nacional de Teatro Amador de Ponta Grossa, popularmente conhecido pelos moradores e p\u00fablico universit\u00e1rio da cidade como Fenata, teve seu in\u00edcio na d\u00e9cada de 1970. Entre os dias 3 a 10 de novembro de 1973, no audit\u00f3rio da reitoria da ent\u00e3o Faculdade de Ci\u00eancias e Letras de Ponta Grossa, ocorreram oito apresenta\u00e7\u00f5es. \u00a0As&nbsp;&hellip;<\/p>\n","protected":false},"author":19,"featured_media":0,"comment_status":"closed","ping_status":"open","sticky":false,"template":"","format":"standard","meta":[],"categories":[3],"tags":[],"_links":{"self":[{"href":"https:\/\/www2.uepg.br\/dicion\/wp-json\/wp\/v2\/posts\/885"}],"collection":[{"href":"https:\/\/www2.uepg.br\/dicion\/wp-json\/wp\/v2\/posts"}],"about":[{"href":"https:\/\/www2.uepg.br\/dicion\/wp-json\/wp\/v2\/types\/post"}],"author":[{"embeddable":true,"href":"https:\/\/www2.uepg.br\/dicion\/wp-json\/wp\/v2\/users\/19"}],"replies":[{"embeddable":true,"href":"https:\/\/www2.uepg.br\/dicion\/wp-json\/wp\/v2\/comments?post=885"}],"version-history":[{"count":12,"href":"https:\/\/www2.uepg.br\/dicion\/wp-json\/wp\/v2\/posts\/885\/revisions"}],"predecessor-version":[{"id":1080,"href":"https:\/\/www2.uepg.br\/dicion\/wp-json\/wp\/v2\/posts\/885\/revisions\/1080"}],"wp:attachment":[{"href":"https:\/\/www2.uepg.br\/dicion\/wp-json\/wp\/v2\/media?parent=885"}],"wp:term":[{"taxonomy":"category","embeddable":true,"href":"https:\/\/www2.uepg.br\/dicion\/wp-json\/wp\/v2\/categories?post=885"},{"taxonomy":"post_tag","embeddable":true,"href":"https:\/\/www2.uepg.br\/dicion\/wp-json\/wp\/v2\/tags?post=885"}],"curies":[{"name":"wp","href":"https:\/\/api.w.org\/{rel}","templated":true}]}}