{"id":1124,"date":"2021-03-24T16:36:07","date_gmt":"2021-03-24T19:36:07","guid":{"rendered":"https:\/\/www2.uepg.br\/direito\/?p=1124"},"modified":"2021-03-24T16:36:07","modified_gmt":"2021-03-24T19:36:07","slug":"prorrogado-ate-dia-02-04-prazo-para-inscricao-no-processo-seletivo-para-o-mestrado-em-direito-da-uepg","status":"publish","type":"post","link":"https:\/\/www2.uepg.br\/direito\/prorrogado-ate-dia-02-04-prazo-para-inscricao-no-processo-seletivo-para-o-mestrado-em-direito-da-uepg\/","title":{"rendered":"Prorrogado, at\u00e9 dia 02\/04, prazo para inscri\u00e7\u00e3o no processo seletivo para o Mestrado em Direito da UEPG"},"content":{"rendered":"<p>O Colegiado do Programa de P\u00f3s-Gradua\u00e7\u00e3o em Direito da UEPG, em sua reuni\u00e3o de 23\/03\/2021, decidiu estender, at\u00e9 o dia 02\/04\/2021, sexta-feira, o prazo de inscri\u00e7\u00e3o para o processo seletivo de ingresso na Primeira Turma do Mestrado Profissional em Direito.<br \/>\nPara inscri\u00e7\u00e3o, os interessados podem, acessar no site do Setor de Ci\u00eancias Jur\u00eddicas. O in\u00edcio das aulas est\u00e1 previsto para agosto de 2021 e ser\u00e1 realizado presencialmente.<\/p>\n","protected":false},"excerpt":{"rendered":"<p>O Colegiado do Programa de P\u00f3s-Gradua\u00e7\u00e3o em Direito da UEPG, em sua reuni\u00e3o de 23\/03\/2021, decidiu estender, at\u00e9 o dia 02\/04\/2021, sexta-feira, o prazo de inscri\u00e7\u00e3o para o processo seletivo de ingresso na Primeira Turma do Mestrado Profissional em Direito. Para inscri\u00e7\u00e3o, os interessados podem, acessar no site do Setor de Ci\u00eancias Jur\u00eddicas. O in\u00edcio&nbsp;&hellip;<\/p>\n","protected":false},"author":24,"featured_media":0,"comment_status":"closed","ping_status":"open","sticky":false,"template":"","format":"standard","meta":[],"categories":[17,12],"tags":[],"_links":{"self":[{"href":"https:\/\/www2.uepg.br\/direito\/wp-json\/wp\/v2\/posts\/1124"}],"collection":[{"href":"https:\/\/www2.uepg.br\/direito\/wp-json\/wp\/v2\/posts"}],"about":[{"href":"https:\/\/www2.uepg.br\/direito\/wp-json\/wp\/v2\/types\/post"}],"author":[{"embeddable":true,"href":"https:\/\/www2.uepg.br\/direito\/wp-json\/wp\/v2\/users\/24"}],"replies":[{"embeddable":true,"href":"https:\/\/www2.uepg.br\/direito\/wp-json\/wp\/v2\/comments?post=1124"}],"version-history":[{"count":1,"href":"https:\/\/www2.uepg.br\/direito\/wp-json\/wp\/v2\/posts\/1124\/revisions"}],"predecessor-version":[{"id":1125,"href":"https:\/\/www2.uepg.br\/direito\/wp-json\/wp\/v2\/posts\/1124\/revisions\/1125"}],"wp:attachment":[{"href":"https:\/\/www2.uepg.br\/direito\/wp-json\/wp\/v2\/media?parent=1124"}],"wp:term":[{"taxonomy":"category","embeddable":true,"href":"https:\/\/www2.uepg.br\/direito\/wp-json\/wp\/v2\/categories?post=1124"},{"taxonomy":"post_tag","embeddable":true,"href":"https:\/\/www2.uepg.br\/direito\/wp-json\/wp\/v2\/tags?post=1124"}],"curies":[{"name":"wp","href":"https:\/\/api.w.org\/{rel}","templated":true}]}}