{"id":1134,"date":"2021-04-07T18:16:52","date_gmt":"2021-04-07T21:16:52","guid":{"rendered":"https:\/\/www2.uepg.br\/direito\/?p=1134"},"modified":"2021-04-07T18:16:52","modified_gmt":"2021-04-07T21:16:52","slug":"novo-mestrado-em-direito-da-uepg-atrai-significativo-numero-de-candidatos","status":"publish","type":"post","link":"https:\/\/www2.uepg.br\/direito\/novo-mestrado-em-direito-da-uepg-atrai-significativo-numero-de-candidatos\/","title":{"rendered":"Novo Mestrado em Direito da UEPG atrai significativo n\u00famero de candidatos"},"content":{"rendered":"<p>O Programa de Mestrado em Direito da UEPG registrou significativa procura em seu primeiro edital de sele\u00e7\u00e3o. Ao t\u00e9rmino de pouco mais de 40 dias de inscri\u00e7\u00e3o, encerradas em 02\/04, foram registradas 93 inscri\u00e7\u00f5es para as 20 vagas anuais.<\/p>\n<p>Na distribui\u00e7\u00e3o dos inscritos por linhas de pesquisa do Programa, 34 candidatos se interessaram por aprofundamento na \u00e1rea penal (que oferta 6 vagas), 23 candidatos se interessaram por pesquisas na \u00e1rea de rela\u00e7\u00f5es privadas e socioecon\u00f4micas (que oferta 9 vagas) e 36 candidatos manifestaram interesses em temas relacionados aos direitos fundamentais e \u00e0 promo\u00e7\u00e3o de pol\u00edticas p\u00fablicas (que oferece 5 vagas).<\/p>\n<p>Al\u00e9m de candidatos domiciliados na regi\u00e3o dos Campos Gerais, Curitiba e diversas outras cidades dos estados do Paran\u00e1 e S\u00e3o Paulo, h\u00e1 inscritos domiciliados em cidades distantes, como Cuiab\u00e1, Fortaleza, Belo Horizonte, Jo\u00e3o Pessoa e Uberl\u00e2ndia, a despeito de se tratar de curso na modalidade presencial.<\/p>\n<p>Tendo em vista os not\u00f3rias dificuldades decorrentes da pandemia, e o fato de se tratar de sele\u00e7\u00e3o para a Primeira Turma, a Coordena\u00e7\u00e3o do Programa e seu corpo docente (grupo que re\u00fane 20 professores Doutores) consideram que a grande procura demonstra vivo interesse no rec\u00e9m-criado programa, que tem como \u00e1rea de concentra\u00e7\u00e3o \u201cTeorias e Pr\u00e1ticas Jur\u00eddicas em Perspectiva Translacional\u201d, que se desdobra nas tr\u00eas citadas linhas de pesquisa.<\/p>\n<p>A primeira etapa do processo seletivo ocorrer\u00e1 entre os dias 22\/04 e 03\/05, com a an\u00e1lise dos pr\u00e9-projetos de pesquisa, com resultado preliminar previsto para 05\/05.<\/p>\n","protected":false},"excerpt":{"rendered":"<p>O Programa de Mestrado em Direito da UEPG registrou significativa procura em seu primeiro edital de sele\u00e7\u00e3o. Ao t\u00e9rmino de pouco mais de 40 dias de inscri\u00e7\u00e3o, encerradas em 02\/04, foram registradas 93 inscri\u00e7\u00f5es para as 20 vagas anuais. Na distribui\u00e7\u00e3o dos inscritos por linhas de pesquisa do Programa, 34 candidatos se interessaram por aprofundamento&nbsp;&hellip;<\/p>\n","protected":false},"author":24,"featured_media":0,"comment_status":"closed","ping_status":"open","sticky":false,"template":"","format":"standard","meta":[],"categories":[17,12],"tags":[],"_links":{"self":[{"href":"https:\/\/www2.uepg.br\/direito\/wp-json\/wp\/v2\/posts\/1134"}],"collection":[{"href":"https:\/\/www2.uepg.br\/direito\/wp-json\/wp\/v2\/posts"}],"about":[{"href":"https:\/\/www2.uepg.br\/direito\/wp-json\/wp\/v2\/types\/post"}],"author":[{"embeddable":true,"href":"https:\/\/www2.uepg.br\/direito\/wp-json\/wp\/v2\/users\/24"}],"replies":[{"embeddable":true,"href":"https:\/\/www2.uepg.br\/direito\/wp-json\/wp\/v2\/comments?post=1134"}],"version-history":[{"count":1,"href":"https:\/\/www2.uepg.br\/direito\/wp-json\/wp\/v2\/posts\/1134\/revisions"}],"predecessor-version":[{"id":1135,"href":"https:\/\/www2.uepg.br\/direito\/wp-json\/wp\/v2\/posts\/1134\/revisions\/1135"}],"wp:attachment":[{"href":"https:\/\/www2.uepg.br\/direito\/wp-json\/wp\/v2\/media?parent=1134"}],"wp:term":[{"taxonomy":"category","embeddable":true,"href":"https:\/\/www2.uepg.br\/direito\/wp-json\/wp\/v2\/categories?post=1134"},{"taxonomy":"post_tag","embeddable":true,"href":"https:\/\/www2.uepg.br\/direito\/wp-json\/wp\/v2\/tags?post=1134"}],"curies":[{"name":"wp","href":"https:\/\/api.w.org\/{rel}","templated":true}]}}