{"id":1241,"date":"2021-08-07T14:36:17","date_gmt":"2021-08-07T17:36:17","guid":{"rendered":"https:\/\/www2.uepg.br\/direito\/?p=1241"},"modified":"2021-08-07T14:36:17","modified_gmt":"2021-08-07T17:36:17","slug":"direito-uepg-lamenta-falecimento-de-aluna-do-curso","status":"publish","type":"post","link":"https:\/\/www2.uepg.br\/direito\/direito-uepg-lamenta-falecimento-de-aluna-do-curso\/","title":{"rendered":"Direito UEPG lamenta falecimento de aluna do curso"},"content":{"rendered":"<p>O Curso de Direito da Universidade Estadual de Ponta Grossa lamenta com profundo pesar o falecimento da jovem Ana Glaucia Schaicouski Moreira da Silva, aos 20 anos, ocorrido na sexta-feira, dia 06 de agosto. O sepultamento ocorre na tarde deste s\u00e1bado, dia 07, no Parque Jardim Para\u00edso, \u00e0s 14:30hs, conforme informa o Servi\u00e7o Funer\u00e1rio Municipal de Ponta Grossa.<\/p>\n<p>A comunidade acad\u00eamica do curso de Direito manifesta sentimento de saudade e solidariedade a familiares e amigos.<\/p>\n<p>&nbsp;<\/p>\n<p style=\"text-align: right;\">Ponta Grossa, 07 de agosto de 2021.<\/p>\n<p>&nbsp;<\/p>\n<p style=\"text-align: center;\"><strong>Coordena\u00e7\u00e3o do Curso de Direito<\/strong><\/p>\n","protected":false},"excerpt":{"rendered":"<p>O Curso de Direito da Universidade Estadual de Ponta Grossa lamenta com profundo pesar o falecimento da jovem Ana Glaucia Schaicouski Moreira da Silva, aos 20 anos, ocorrido na sexta-feira, dia 06 de agosto. O sepultamento ocorre na tarde deste s\u00e1bado, dia 07, no Parque Jardim Para\u00edso, \u00e0s 14:30hs, conforme informa o Servi\u00e7o Funer\u00e1rio Municipal&nbsp;&hellip;<\/p>\n","protected":false},"author":24,"featured_media":0,"comment_status":"closed","ping_status":"open","sticky":false,"template":"","format":"standard","meta":[],"categories":[12],"tags":[],"_links":{"self":[{"href":"https:\/\/www2.uepg.br\/direito\/wp-json\/wp\/v2\/posts\/1241"}],"collection":[{"href":"https:\/\/www2.uepg.br\/direito\/wp-json\/wp\/v2\/posts"}],"about":[{"href":"https:\/\/www2.uepg.br\/direito\/wp-json\/wp\/v2\/types\/post"}],"author":[{"embeddable":true,"href":"https:\/\/www2.uepg.br\/direito\/wp-json\/wp\/v2\/users\/24"}],"replies":[{"embeddable":true,"href":"https:\/\/www2.uepg.br\/direito\/wp-json\/wp\/v2\/comments?post=1241"}],"version-history":[{"count":1,"href":"https:\/\/www2.uepg.br\/direito\/wp-json\/wp\/v2\/posts\/1241\/revisions"}],"predecessor-version":[{"id":1242,"href":"https:\/\/www2.uepg.br\/direito\/wp-json\/wp\/v2\/posts\/1241\/revisions\/1242"}],"wp:attachment":[{"href":"https:\/\/www2.uepg.br\/direito\/wp-json\/wp\/v2\/media?parent=1241"}],"wp:term":[{"taxonomy":"category","embeddable":true,"href":"https:\/\/www2.uepg.br\/direito\/wp-json\/wp\/v2\/categories?post=1241"},{"taxonomy":"post_tag","embeddable":true,"href":"https:\/\/www2.uepg.br\/direito\/wp-json\/wp\/v2\/tags?post=1241"}],"curies":[{"name":"wp","href":"https:\/\/api.w.org\/{rel}","templated":true}]}}