{"id":1244,"date":"2021-08-13T12:31:06","date_gmt":"2021-08-13T15:31:06","guid":{"rendered":"https:\/\/www2.uepg.br\/direito\/?p=1244"},"modified":"2021-08-13T12:31:06","modified_gmt":"2021-08-13T15:31:06","slug":"direito-com-habilidade-estrategia-com-design-thinking-e-aposta-apresentada-por-fabricio-bittencourt-da-cruz-em-oab-talk","status":"publish","type":"post","link":"https:\/\/www2.uepg.br\/direito\/direito-com-habilidade-estrategia-com-design-thinking-e-aposta-apresentada-por-fabricio-bittencourt-da-cruz-em-oab-talk\/","title":{"rendered":"Direito com habilidade: estrat\u00e9gia com design thinking \u00e9 aposta apresentada por Fabr\u00edcio Bittencourt da Cruz em OAB Talk"},"content":{"rendered":"<p><img src=\"https:\/\/www.oabpr.org.br\/wp-content\/uploads\/2021\/08\/FabricioCRuzTalk-1536x1024.jpg\" \/><\/p>\n<p>O desenvolvimento de diversas habilidades \u00e9 fundamental para que o profissional do direito esteja atualizado e desenvolva constantemente seu potencial. \u00a0Esse vi\u00e9s foi abordado pelo juiz federal\u00a0<span data-schedule=\"author-content-lZ6uY6vB3Jbp7yrggP4S\">Fabr\u00edcio Bittencourt da Cruz durante sua palestra\u00a0 em um dos pain\u00e9is OAB Talk, da 7\u00aa Confer\u00eancia da Advocacia Paranaense. O magistrado \u00e9 d<\/span><span data-schedule=\"author-content-lZ6uY6vB3Jbp7yrggP4S\">outor pela Faculdade de Direito da Universidade de S\u00e3o Paulo (USP) e membro fundador do\u00a0<em>International Institute for Justice Excellence<\/em>, na Holanda.\u00a0 A programa\u00e7\u00e3o da Confer\u00eancia na \u00edntegra pode ser conferida na\u00a0<strong><a href=\"https:\/\/conferencia.oabpr.org.br\/\">plataforma do evento<\/a><\/strong>.<\/span><\/p>\n<p>Cruz conduziu sua exposi\u00e7\u00e3o trazendo refer\u00eancias de conhecimento geral relacionadas \u00e0 tecnologia. Ele iniciou demonstrando o personagem Steve, do jogo Minecraft, que com uma picareta de madeira consegue abrir novos caminhos e ressaltou a capacidade de se cavar oportunidades. Da datilografia \u00e0 programa\u00e7\u00e3o, o magistrado trouxe outros elementos para demonstrar como o conhecimento evolui constantemente e como a atualiza\u00e7\u00e3o frequente \u00e9 necess\u00e1ria.<\/p>\n<p>O palestrante demonstrou ainda que, como a assemblage dos vinhos, que re\u00fane variedades distintas de uvas, os profissionais do direito precisam reunir diversas habilidades, sejam jur\u00eddicas, interpessoais, capacidade de orat\u00f3ria e qualquer outra que seja necess\u00e1ria para se desenvolver bem na profiss\u00e3o e na vida pessoal. \u201cQuais habilidades voc\u00ea tem e quais gostaria de preencher como profissional?\u201d, provocou Cruz. Ele trouxe tamb\u00e9m a no\u00e7\u00e3o de\u00a0<em>design thinking<\/em>, em que se deve colocar em primeiro plano a experi\u00eancia. \u201cO que fica \u00e9 o que voc\u00ea entrega e seu talento tem tudo a ver com as habilidades que voc\u00ea desenvolve\u201d, pontuou.<\/p>\n<p>Por fim, o magistrado fez um convite a todos os que acompanharam a transmiss\u00e3o, para que reflitam sobre o que pretendem desenvolver, trabalhem nisso e compartilhem suas experi\u00eancias com a hashtag #direitocomhabilidade.<\/p>\n<p>&nbsp;<\/p>\n<p><em>Fonte da not\u00edcia original em: <a href=\"https:\/\/www.oabpr.org.br\/crimes-empresariais-tem-consequencias-para-os-direitos-humanos-afimar-fabricio-bittencourt-da-cruz\/\" target=\"_blank\" rel=\"noopener\">https:\/\/www.oabpr.org.br\/crimes-empresariais-tem-consequencias-para-os-direitos-humanos-afimar-fabricio-bittencourt-da-cruz\/<\/a><\/em><\/p>\n<p>&nbsp;<\/p>\n","protected":false},"excerpt":{"rendered":"<p>O desenvolvimento de diversas habilidades \u00e9 fundamental para que o profissional do direito esteja atualizado e desenvolva constantemente seu potencial. \u00a0Esse vi\u00e9s foi abordado pelo juiz federal\u00a0Fabr\u00edcio Bittencourt da Cruz durante sua palestra\u00a0 em um dos pain\u00e9is OAB Talk, da 7\u00aa Confer\u00eancia da Advocacia Paranaense. O magistrado \u00e9 doutor pela Faculdade de Direito da Universidade&nbsp;&hellip;<\/p>\n","protected":false},"author":24,"featured_media":0,"comment_status":"closed","ping_status":"open","sticky":false,"template":"","format":"standard","meta":[],"categories":[12],"tags":[],"_links":{"self":[{"href":"https:\/\/www2.uepg.br\/direito\/wp-json\/wp\/v2\/posts\/1244"}],"collection":[{"href":"https:\/\/www2.uepg.br\/direito\/wp-json\/wp\/v2\/posts"}],"about":[{"href":"https:\/\/www2.uepg.br\/direito\/wp-json\/wp\/v2\/types\/post"}],"author":[{"embeddable":true,"href":"https:\/\/www2.uepg.br\/direito\/wp-json\/wp\/v2\/users\/24"}],"replies":[{"embeddable":true,"href":"https:\/\/www2.uepg.br\/direito\/wp-json\/wp\/v2\/comments?post=1244"}],"version-history":[{"count":1,"href":"https:\/\/www2.uepg.br\/direito\/wp-json\/wp\/v2\/posts\/1244\/revisions"}],"predecessor-version":[{"id":1245,"href":"https:\/\/www2.uepg.br\/direito\/wp-json\/wp\/v2\/posts\/1244\/revisions\/1245"}],"wp:attachment":[{"href":"https:\/\/www2.uepg.br\/direito\/wp-json\/wp\/v2\/media?parent=1244"}],"wp:term":[{"taxonomy":"category","embeddable":true,"href":"https:\/\/www2.uepg.br\/direito\/wp-json\/wp\/v2\/categories?post=1244"},{"taxonomy":"post_tag","embeddable":true,"href":"https:\/\/www2.uepg.br\/direito\/wp-json\/wp\/v2\/tags?post=1244"}],"curies":[{"name":"wp","href":"https:\/\/api.w.org\/{rel}","templated":true}]}}