{"id":1251,"date":"2021-08-16T12:08:13","date_gmt":"2021-08-16T15:08:13","guid":{"rendered":"https:\/\/www2.uepg.br\/direito\/?p=1251"},"modified":"2021-08-17T11:47:28","modified_gmt":"2021-08-17T14:47:28","slug":"mestrado-em-direito-da-uepg-inicia-suas-atividades-letivas-com-aula-inaugural-no-dia-18-08-transmissao-online-aberta","status":"publish","type":"post","link":"https:\/\/www2.uepg.br\/direito\/mestrado-em-direito-da-uepg-inicia-suas-atividades-letivas-com-aula-inaugural-no-dia-18-08-transmissao-online-aberta\/","title":{"rendered":"Mestrado em Direito da UEPG inicia suas atividades letivas com aula inaugural no dia 18\/08 \u2013 transmiss\u00e3o online aberta"},"content":{"rendered":"<p>&nbsp;<\/p>\n<p><a href=\"http:\/\/www2.uepg.br\/direito\/wp-content\/uploads\/sites\/76\/2021\/08\/WhatsApp-Image-2021-08-17-at-10.07.33.jpeg\"><img loading=\"lazy\" class=\"aligncenter size-full wp-image-1292\" src=\"http:\/\/www2.uepg.br\/direito\/wp-content\/uploads\/sites\/76\/2021\/08\/WhatsApp-Image-2021-08-17-at-10.07.33.jpeg\" alt=\"\" width=\"800\" height=\"800\" srcset=\"https:\/\/www2.uepg.br\/direito\/wp-content\/uploads\/sites\/76\/2021\/08\/WhatsApp-Image-2021-08-17-at-10.07.33.jpeg 800w, https:\/\/www2.uepg.br\/direito\/wp-content\/uploads\/sites\/76\/2021\/08\/WhatsApp-Image-2021-08-17-at-10.07.33-300x300.jpeg 300w, https:\/\/www2.uepg.br\/direito\/wp-content\/uploads\/sites\/76\/2021\/08\/WhatsApp-Image-2021-08-17-at-10.07.33-150x150.jpeg 150w, https:\/\/www2.uepg.br\/direito\/wp-content\/uploads\/sites\/76\/2021\/08\/WhatsApp-Image-2021-08-17-at-10.07.33-768x768.jpeg 768w\" sizes=\"(max-width: 800px) 100vw, 800px\" \/><\/a><\/p>\n<p>O Programa de Mestrado em Direito da UEPG iniciar\u00e1 suas atividades letivas no pr\u00f3ximo dia 18\/08, quarta-feira, \u00e0s 19 horas, com aula inaugural a ser proferida pelo Professor Doutor Ricardo Marcelo Fonseca, Em\u00e9rito Professor da Faculdade de Direito da UFPR e atual Reitor da UFPR.<\/p>\n<p>&nbsp;<\/p>\n<p>O tema da aula inaugural ser\u00e1\u00a0&#8220;O direito entre teoria e pr\u00e1tica: desafios para a reflex\u00e3o jur\u00eddica no s\u00e9culo XXI&#8221;, especialmente voltado para a \u00e1rea de concentra\u00e7\u00e3o do Programa.<\/p>\n<p>Devido \u00e0s conhecidas restri\u00e7\u00f5es do atual ambiente pand\u00eamico, a aula inaugural, embora transmitida da sede da Reitoria da UEPG (na presen\u00e7a de um n\u00famero muito reduzido de representantes da Universidade, para minimamente marcar a import\u00e2ncia hist\u00f3rica do evento, para o nosso sexagen\u00e1rio curso de Direito) n\u00e3o ter\u00e1 p\u00fablico presencial, sendo\u00a0veiculada em tempo real pelo canal oficial da UEPG no Youtube:<\/p>\n<p>(<a href=\"https:\/\/www.youtube.com\/channel\/UC0FaavHWnRDTYyXpqrWeukw\" target=\"_blank\" rel=\"noopener\"><u>https:\/\/www.youtube.com\/channel\/UC0FaavHWnRDTYyXpqrWeukw<\/u><\/a>).<\/p>\n<p>O car\u00e1ter virtual do evento (com transmiss\u00e3o via Youtube) possibilitar\u00e1 um n\u00famero alargado de participantes da comunidade jur\u00eddica.<\/p>\n","protected":false},"excerpt":{"rendered":"<p>&nbsp; O Programa de Mestrado em Direito da UEPG iniciar\u00e1 suas atividades letivas no pr\u00f3ximo dia 18\/08, quarta-feira, \u00e0s 19 horas, com aula inaugural a ser proferida pelo Professor Doutor Ricardo Marcelo Fonseca, Em\u00e9rito Professor da Faculdade de Direito da UFPR e atual Reitor da UFPR. &nbsp; O tema da aula inaugural ser\u00e1\u00a0&#8220;O direito entre&nbsp;&hellip;<\/p>\n","protected":false},"author":24,"featured_media":0,"comment_status":"closed","ping_status":"open","sticky":false,"template":"","format":"standard","meta":[],"categories":[17,12],"tags":[],"_links":{"self":[{"href":"https:\/\/www2.uepg.br\/direito\/wp-json\/wp\/v2\/posts\/1251"}],"collection":[{"href":"https:\/\/www2.uepg.br\/direito\/wp-json\/wp\/v2\/posts"}],"about":[{"href":"https:\/\/www2.uepg.br\/direito\/wp-json\/wp\/v2\/types\/post"}],"author":[{"embeddable":true,"href":"https:\/\/www2.uepg.br\/direito\/wp-json\/wp\/v2\/users\/24"}],"replies":[{"embeddable":true,"href":"https:\/\/www2.uepg.br\/direito\/wp-json\/wp\/v2\/comments?post=1251"}],"version-history":[{"count":3,"href":"https:\/\/www2.uepg.br\/direito\/wp-json\/wp\/v2\/posts\/1251\/revisions"}],"predecessor-version":[{"id":1293,"href":"https:\/\/www2.uepg.br\/direito\/wp-json\/wp\/v2\/posts\/1251\/revisions\/1293"}],"wp:attachment":[{"href":"https:\/\/www2.uepg.br\/direito\/wp-json\/wp\/v2\/media?parent=1251"}],"wp:term":[{"taxonomy":"category","embeddable":true,"href":"https:\/\/www2.uepg.br\/direito\/wp-json\/wp\/v2\/categories?post=1251"},{"taxonomy":"post_tag","embeddable":true,"href":"https:\/\/www2.uepg.br\/direito\/wp-json\/wp\/v2\/tags?post=1251"}],"curies":[{"name":"wp","href":"https:\/\/api.w.org\/{rel}","templated":true}]}}