{"id":1978,"date":"2023-07-19T22:40:12","date_gmt":"2023-07-20T01:40:12","guid":{"rendered":"https:\/\/www2.uepg.br\/direito\/?p=1978"},"modified":"2023-07-19T22:44:52","modified_gmt":"2023-07-20T01:44:52","slug":"professor-antonio-augusto-barreira-de-oliveira-farah-fica-em-8olugar-em-concurso-de-poesia","status":"publish","type":"post","link":"https:\/\/www2.uepg.br\/direito\/professor-antonio-augusto-barreira-de-oliveira-farah-fica-em-8olugar-em-concurso-de-poesia\/","title":{"rendered":"Professor Antonio Augusto Barreira de Oliveira Farah fica em 8\u00balugar em Concurso de Poesia"},"content":{"rendered":"<p>O Professor Antonio Augusto Barreira de Oliveira Farah, do Departamento de Rela\u00e7\u00f5es Sociais, fica em 8\u00balugar em concurso de poesia promovido pela COSEC, demonstrando sua habilidade em conciliar a profundidade da express\u00e3o po\u00e9tica com sua trajet\u00f3ria acad\u00eamica no campo do ensino, \u00e9 motivo de apre\u00e7o e enaltecimento.<\/p>\n<p><a href=\"http:\/\/www2.uepg.br\/direito\/wp-content\/uploads\/sites\/76\/2023\/07\/WhatsApp-Image-2023-07-19-at-20.46.24.jpeg\"><img loading=\"lazy\" class=\"aligncenter size-full wp-image-1979\" src=\"http:\/\/www2.uepg.br\/direito\/wp-content\/uploads\/sites\/76\/2023\/07\/WhatsApp-Image-2023-07-19-at-20.46.24.jpeg\" alt=\"\" width=\"900\" height=\"1600\" \/><\/a><\/p>\n","protected":false},"excerpt":{"rendered":"<p>O Professor Antonio Augusto Barreira de Oliveira Farah, do Departamento de Rela\u00e7\u00f5es Sociais, fica em 8\u00balugar em concurso de poesia promovido pela COSEC, demonstrando sua habilidade em conciliar a profundidade da express\u00e3o po\u00e9tica com sua trajet\u00f3ria acad\u00eamica no campo do ensino, \u00e9 motivo de apre\u00e7o e enaltecimento.<\/p>\n","protected":false},"author":24,"featured_media":0,"comment_status":"closed","ping_status":"open","sticky":false,"template":"","format":"standard","meta":[],"categories":[14,12],"tags":[],"_links":{"self":[{"href":"https:\/\/www2.uepg.br\/direito\/wp-json\/wp\/v2\/posts\/1978"}],"collection":[{"href":"https:\/\/www2.uepg.br\/direito\/wp-json\/wp\/v2\/posts"}],"about":[{"href":"https:\/\/www2.uepg.br\/direito\/wp-json\/wp\/v2\/types\/post"}],"author":[{"embeddable":true,"href":"https:\/\/www2.uepg.br\/direito\/wp-json\/wp\/v2\/users\/24"}],"replies":[{"embeddable":true,"href":"https:\/\/www2.uepg.br\/direito\/wp-json\/wp\/v2\/comments?post=1978"}],"version-history":[{"count":3,"href":"https:\/\/www2.uepg.br\/direito\/wp-json\/wp\/v2\/posts\/1978\/revisions"}],"predecessor-version":[{"id":1982,"href":"https:\/\/www2.uepg.br\/direito\/wp-json\/wp\/v2\/posts\/1978\/revisions\/1982"}],"wp:attachment":[{"href":"https:\/\/www2.uepg.br\/direito\/wp-json\/wp\/v2\/media?parent=1978"}],"wp:term":[{"taxonomy":"category","embeddable":true,"href":"https:\/\/www2.uepg.br\/direito\/wp-json\/wp\/v2\/categories?post=1978"},{"taxonomy":"post_tag","embeddable":true,"href":"https:\/\/www2.uepg.br\/direito\/wp-json\/wp\/v2\/tags?post=1978"}],"curies":[{"name":"wp","href":"https:\/\/api.w.org\/{rel}","templated":true}]}}