{"id":1989,"date":"2023-07-28T16:59:37","date_gmt":"2023-07-28T19:59:37","guid":{"rendered":"https:\/\/www2.uepg.br\/direito\/?p=1989"},"modified":"2023-07-28T17:02:42","modified_gmt":"2023-07-28T20:02:42","slug":"3-sedreipi-seminario-dialogico-sobre-resultados-de-estagio-de-imersao-pratico-institucional-31-07-2023","status":"publish","type":"post","link":"https:\/\/www2.uepg.br\/direito\/3-sedreipi-seminario-dialogico-sobre-resultados-de-estagio-de-imersao-pratico-institucional-31-07-2023\/","title":{"rendered":"3\u00b0 SEDREIPI Semin\u00e1rio Dial\u00f3gico sobre Resultados de  Est\u00e1gio de Imers\u00e3o Pr\u00e1tico\u2013Institucional &#8211; 31\/07\/2023"},"content":{"rendered":"<p><a href=\"https:\/\/meet.google.com\/fdu-enrw-zvz\"><img loading=\"lazy\" class=\"aligncenter wp-image-1986 size-full\" src=\"http:\/\/www2.uepg.br\/direito\/wp-content\/uploads\/sites\/76\/2023\/07\/Cartaz-3\u00b0-SEDREIPI-_page-0001.jpg\" alt=\"\" width=\"1241\" height=\"1755\" \/><\/a><\/p>\n<p>Evento on-line \u2013 link de acesso: <a href=\"https:\/\/meet.google.com\/fdu-enrw-zvz\">https:\/\/meet.google.com\/fdu-enrw-zvz<\/a><\/p>\n","protected":false},"excerpt":{"rendered":"<p>Evento on-line \u2013 link de acesso: https:\/\/meet.google.com\/fdu-enrw-zvz<\/p>\n","protected":false},"author":24,"featured_media":0,"comment_status":"closed","ping_status":"open","sticky":false,"template":"","format":"standard","meta":[],"categories":[14,17,12],"tags":[],"_links":{"self":[{"href":"https:\/\/www2.uepg.br\/direito\/wp-json\/wp\/v2\/posts\/1989"}],"collection":[{"href":"https:\/\/www2.uepg.br\/direito\/wp-json\/wp\/v2\/posts"}],"about":[{"href":"https:\/\/www2.uepg.br\/direito\/wp-json\/wp\/v2\/types\/post"}],"author":[{"embeddable":true,"href":"https:\/\/www2.uepg.br\/direito\/wp-json\/wp\/v2\/users\/24"}],"replies":[{"embeddable":true,"href":"https:\/\/www2.uepg.br\/direito\/wp-json\/wp\/v2\/comments?post=1989"}],"version-history":[{"count":2,"href":"https:\/\/www2.uepg.br\/direito\/wp-json\/wp\/v2\/posts\/1989\/revisions"}],"predecessor-version":[{"id":1991,"href":"https:\/\/www2.uepg.br\/direito\/wp-json\/wp\/v2\/posts\/1989\/revisions\/1991"}],"wp:attachment":[{"href":"https:\/\/www2.uepg.br\/direito\/wp-json\/wp\/v2\/media?parent=1989"}],"wp:term":[{"taxonomy":"category","embeddable":true,"href":"https:\/\/www2.uepg.br\/direito\/wp-json\/wp\/v2\/categories?post=1989"},{"taxonomy":"post_tag","embeddable":true,"href":"https:\/\/www2.uepg.br\/direito\/wp-json\/wp\/v2\/tags?post=1989"}],"curies":[{"name":"wp","href":"https:\/\/api.w.org\/{rel}","templated":true}]}}