{"id":2244,"date":"2023-12-19T18:32:22","date_gmt":"2023-12-19T21:32:22","guid":{"rendered":"https:\/\/www2.uepg.br\/direito\/?p=2244"},"modified":"2023-12-19T18:50:41","modified_gmt":"2023-12-19T21:50:41","slug":"processo-seletivo-curso-de-pos-graduacao-lato-sensu-especializacao-em-direito-do-trabalho-e-processo-do-trabalho-7a-edicao","status":"publish","type":"post","link":"https:\/\/www2.uepg.br\/direito\/processo-seletivo-curso-de-pos-graduacao-lato-sensu-especializacao-em-direito-do-trabalho-e-processo-do-trabalho-7a-edicao\/","title":{"rendered":"Processo Seletivo Curso de P\u00f3s-gradua\u00e7\u00e3o \u2013 Lato Sensu Especializa\u00e7\u00e3o em Direito do Trabalho e Processo do Trabalho \u2013 7\u00aa Edi\u00e7\u00e3o"},"content":{"rendered":"<p>&nbsp;<\/p>\n<p><a href=\"https:\/\/acad.apps.uepg.br\/incio\" target=\"_blank\" rel=\"noopener\"><img loading=\"lazy\" class=\"aligncenter wp-image-2252 size-full\" src=\"http:\/\/www2.uepg.br\/direito\/wp-content\/uploads\/sites\/76\/2023\/12\/7ED-1-1_page-0001.jpg\" alt=\"\" width=\"1778\" height=\"2515\" \/><\/a><\/p>\n<p>Informa\u00e7\u00f5es:\u00a0<a href=\"https:\/\/www2.uepg.br\/direito\/especializacao-em-direito-do-trabalho-e-processo-do-trabalho\/\">https:\/\/www2.uepg.br\/direito\/especializacao-em-direito-do-trabalho-e-processo-do-trabalho\/<\/a><\/p>\n<p>Inscri\u00e7\u00f5es:\u00a0<a href=\"https:\/\/acad.apps.uepg.br\/inicio\" target=\"_blank\" rel=\"noopener\">https:\/\/acad.apps.uepg.br\/inicio<\/a><\/p>\n","protected":false},"excerpt":{"rendered":"<p>&nbsp; Informa\u00e7\u00f5es:\u00a0https:\/\/www2.uepg.br\/direito\/especializacao-em-direito-do-trabalho-e-processo-do-trabalho\/ Inscri\u00e7\u00f5es:\u00a0https:\/\/acad.apps.uepg.br\/inicio<\/p>\n","protected":false},"author":24,"featured_media":0,"comment_status":"closed","ping_status":"open","sticky":false,"template":"","format":"standard","meta":[],"categories":[18,12],"tags":[],"_links":{"self":[{"href":"https:\/\/www2.uepg.br\/direito\/wp-json\/wp\/v2\/posts\/2244"}],"collection":[{"href":"https:\/\/www2.uepg.br\/direito\/wp-json\/wp\/v2\/posts"}],"about":[{"href":"https:\/\/www2.uepg.br\/direito\/wp-json\/wp\/v2\/types\/post"}],"author":[{"embeddable":true,"href":"https:\/\/www2.uepg.br\/direito\/wp-json\/wp\/v2\/users\/24"}],"replies":[{"embeddable":true,"href":"https:\/\/www2.uepg.br\/direito\/wp-json\/wp\/v2\/comments?post=2244"}],"version-history":[{"count":3,"href":"https:\/\/www2.uepg.br\/direito\/wp-json\/wp\/v2\/posts\/2244\/revisions"}],"predecessor-version":[{"id":2254,"href":"https:\/\/www2.uepg.br\/direito\/wp-json\/wp\/v2\/posts\/2244\/revisions\/2254"}],"wp:attachment":[{"href":"https:\/\/www2.uepg.br\/direito\/wp-json\/wp\/v2\/media?parent=2244"}],"wp:term":[{"taxonomy":"category","embeddable":true,"href":"https:\/\/www2.uepg.br\/direito\/wp-json\/wp\/v2\/categories?post=2244"},{"taxonomy":"post_tag","embeddable":true,"href":"https:\/\/www2.uepg.br\/direito\/wp-json\/wp\/v2\/tags?post=2244"}],"curies":[{"name":"wp","href":"https:\/\/api.w.org\/{rel}","templated":true}]}}