{"id":3187,"date":"2024-12-16T14:22:32","date_gmt":"2024-12-16T17:22:32","guid":{"rendered":"https:\/\/www2.uepg.br\/direito\/?p=3187"},"modified":"2024-12-16T14:22:35","modified_gmt":"2024-12-16T17:22:35","slug":"edital-n-60-2024-convocacao-de-eleicao-para-composicao-do-colegiado-do-programa-de-pos-graduacao-strictu-sensu-em-direito-vagas-para-docentes","status":"publish","type":"post","link":"https:\/\/www2.uepg.br\/direito\/edital-n-60-2024-convocacao-de-eleicao-para-composicao-do-colegiado-do-programa-de-pos-graduacao-strictu-sensu-em-direito-vagas-para-docentes\/","title":{"rendered":"EDITAL N. 60\/2024 CONVOCA\u00c7\u00c3O DE ELEI\u00c7\u00c3O PARA COMPOSI\u00c7\u00c3O DO COLEGIADO DO PROGRAMA DE P\u00d3S-GRADUA\u00c7\u00c3O STRICTU SENSU EM DIREITO &#8211; VAGAS PARA DOCENTES"},"content":{"rendered":"<p><a href=\"http:\/\/www2.uepg.br\/direito\/wp-content\/uploads\/sites\/76\/2024\/12\/edital-colegiado.pdf\">EDITAL N. 60\/2024\u00a0<\/a> &#8211; CONVOCA\u00c7\u00c3O DE ELEI\u00c7\u00c3O PARA COMPOSI\u00c7\u00c3O DO COLEGIADO DO PROGRAMA DE P\u00d3S-GRADUA\u00c7\u00c3O STRICTU SENSU EM DIREITO &#8211; VAGAS PARA DOCENTES<\/p>\n<p style=\"text-align: left\">A comiss\u00e3o eleitoral composta para conduzir \u00e0 elei\u00e7\u00e3o para composi\u00e7\u00e3o do Colegiado do Programa de P\u00f3s Gradua\u00e7\u00e3o strictu sensu em Direito, no uso de suas atribui\u00e7\u00f5es, em aten\u00e7\u00e3o ao protocolo SEI\u00a0 24.000075961-0, fundada nos termos da Resolu\u00e7\u00e3o CEPE n. 20\/2016 e na Resolu\u00e7\u00e3o CEPE 2022.13, faz saber que est\u00e1 aberto o per\u00edodo de inscri\u00e7\u00f5es para \u00e0s elei\u00e7\u00f5es, cujo resultado ir\u00e1 compor o Colegiado do<br \/>\nPrograma, na parte do corpo docente, para o exerc\u00edcio 2025\/2026.<br \/>\nSer\u00e3o preenchidas tr\u00eas vagas assim distribu\u00eddas e cada candidato poder\u00e1 concorrer a apenas uma delas:<br \/>\n1 (uma) vaga para a linha Teorias e Pr\u00e1ticas Jur\u00eddicas no Sistema Penal;<br \/>\n1 (uma) vaga para a linha Teorias e Pr\u00e1ticas Jur\u00eddicas nas Rela\u00e7\u00f5es Privadas e Socioecon\u00f4micas;<br \/>\n1 (uma) vaga para a linha Teorias e Pr\u00e1ticas Jur\u00eddicas na Prote\u00e7\u00e3o dos Direitos Fundamentais.<br \/>\n\u00c0s inscri\u00e7\u00f5es dever\u00e3o ser formalizadas atrav\u00e9s de protocolo eletr\u00f4nico via SEI e encaminhadas para a secretaria do Programa de P\u00f3s Gradua\u00e7\u00e3o strictu sensu em Direito.<br \/>\nO per\u00edodo de inscri\u00e7\u00e3o vai desde o dia 17\/12\/2024, at\u00e9 o dia 13\/02\/2025, \u00e0s 17 horas.<br \/>\nA vota\u00e7\u00e3o ser\u00e1 feita atrav\u00e9s de voto impresso e acontecer\u00e1 no dia 14\/02\/2025, no per\u00edodo das 13:00 \u00e0s 17:00 horas, na Rua Ant\u00f4nio Russo, 28, 1o, andar, Oficinas, em Ponta Grossa, Pr, na secretaria do PPGD.<br \/>\nA apura\u00e7\u00e3o dos votos e a proclama\u00e7\u00e3o do resultado acontecer\u00e1 a partir das 17:30 horas do mesmo dia da vota\u00e7\u00e3o e ser\u00e1 feita pela Comiss\u00e3o Eleitoral eleita para encaminhar o processo ora convocado.<br \/>\nSomente docentes permanentes do Programa pertencentes ao quadro efetivo da UEPG poder\u00e3o candidatar-se. Poder\u00e3o votar somente docentes permanentes do PPGD. O voto \u00e9 obrigat\u00f3rio.<\/p>\n<p style=\"text-align: left\">Ponta Grossa, 16 de dezembro de 2024.<\/p>\n<p style=\"text-align: left\">Professor Dr. Kleber Cazzaro, presidente<br \/>\nProfessor Dr. Alexandre Almeida Rocha, membro<br \/>\nProfessor Dr. Marcelo Alves da Silva, membro<\/p>\n<p>&nbsp;<\/p>\n","protected":false},"excerpt":{"rendered":"<p>EDITAL N. 60\/2024\u00a0 &#8211; CONVOCA\u00c7\u00c3O DE ELEI\u00c7\u00c3O PARA COMPOSI\u00c7\u00c3O DO COLEGIADO DO PROGRAMA DE P\u00d3S-GRADUA\u00c7\u00c3O STRICTU SENSU EM DIREITO &#8211; VAGAS PARA DOCENTES A comiss\u00e3o eleitoral composta para conduzir \u00e0 elei\u00e7\u00e3o para composi\u00e7\u00e3o do Colegiado do Programa de P\u00f3s Gradua\u00e7\u00e3o strictu sensu em Direito, no uso de suas atribui\u00e7\u00f5es, em aten\u00e7\u00e3o ao protocolo SEI\u00a0 24.000075961-0,&nbsp;&hellip;<\/p>\n","protected":false},"author":351,"featured_media":0,"comment_status":"closed","ping_status":"open","sticky":false,"template":"","format":"standard","meta":[],"categories":[17,12],"tags":[],"_links":{"self":[{"href":"https:\/\/www2.uepg.br\/direito\/wp-json\/wp\/v2\/posts\/3187"}],"collection":[{"href":"https:\/\/www2.uepg.br\/direito\/wp-json\/wp\/v2\/posts"}],"about":[{"href":"https:\/\/www2.uepg.br\/direito\/wp-json\/wp\/v2\/types\/post"}],"author":[{"embeddable":true,"href":"https:\/\/www2.uepg.br\/direito\/wp-json\/wp\/v2\/users\/351"}],"replies":[{"embeddable":true,"href":"https:\/\/www2.uepg.br\/direito\/wp-json\/wp\/v2\/comments?post=3187"}],"version-history":[{"count":2,"href":"https:\/\/www2.uepg.br\/direito\/wp-json\/wp\/v2\/posts\/3187\/revisions"}],"predecessor-version":[{"id":3190,"href":"https:\/\/www2.uepg.br\/direito\/wp-json\/wp\/v2\/posts\/3187\/revisions\/3190"}],"wp:attachment":[{"href":"https:\/\/www2.uepg.br\/direito\/wp-json\/wp\/v2\/media?parent=3187"}],"wp:term":[{"taxonomy":"category","embeddable":true,"href":"https:\/\/www2.uepg.br\/direito\/wp-json\/wp\/v2\/categories?post=3187"},{"taxonomy":"post_tag","embeddable":true,"href":"https:\/\/www2.uepg.br\/direito\/wp-json\/wp\/v2\/tags?post=3187"}],"curies":[{"name":"wp","href":"https:\/\/api.w.org\/{rel}","templated":true}]}}