{"id":3053,"date":"2021-04-12T08:59:47","date_gmt":"2021-04-12T11:59:47","guid":{"rendered":"https:\/\/elos.sites.uepg.br\/?p=3053"},"modified":"2021-04-12T08:59:47","modified_gmt":"2021-04-12T11:59:47","slug":"a-importancia-dos-censos","status":"publish","type":"post","link":"https:\/\/www2.uepg.br\/elos\/a-importancia-dos-censos\/","title":{"rendered":"A IMPORT\u00c2NCIA DOS CENSOS"},"content":{"rendered":"<p style=\"text-align: left\"><span style=\"font-weight: 400\">O Brasil \u00e9 um pa\u00eds imenso e\u00a0 tamb\u00e9m um dos mais populosos do Mundo. Por ter mais de oito milh\u00f5es de quil\u00f4metros quadrados \u00e9 chamado de pa\u00eds-continente. O Brasil corresponde a quase metade da Am\u00e9rica do Sul. Um pa\u00eds t\u00e3o grande acaba sendo muito diverso! S\u00e3o cinco grandes regi\u00f5es geogr\u00e1ficas: Norte; Nordeste; Centro-Oeste; Sudeste; Sul.\u00a0<\/span><\/p>\n<p style=\"text-align: left\"><span style=\"font-weight: 400\">A diversidade hist\u00f3rica e geogr\u00e1fica \u00e9 ineg\u00e1vel e gerou uma diferencia\u00e7\u00e3o econ\u00f4mica, cultural e social muito significativa. Por tudo isso, o Brasil tamb\u00e9m \u00e9 chamado de pa\u00eds de contrastes, principalmente em virtude da imensa desigualdade social que \u00e9 expressa por manter lado a lado muita riqueza nas m\u00e3os de poucos cidad\u00e3os e imensa pobreza atingido milh\u00f5es de brasileiros.\u00a0<\/span><\/p>\n<p style=\"text-align: left\"><span style=\"font-weight: 400\">Portanto, a quest\u00e3o que se coloca \u00e9 como administrar um pa\u00eds t\u00e3o grande, populoso, diverso e desigual? Para isso, a primeira op\u00e7\u00e3o que se tem \u00e9 buscar conhecer, da forma mais ampla poss\u00edvel, o pa\u00eds.\u00a0<\/span><\/p>\n<p style=\"text-align: left\"><span style=\"font-weight: 400\">A par disso, um recurso indispens\u00e1vel \u00e9 o censo demogr\u00e1fico, que leva \u00e0 administra\u00e7\u00e3o p\u00fablica, por meio do recenseador,\u00a0 a visitar cada resid\u00eancia dos brasileiros e brasileiras e saber quantos n\u00f3s somos e como vivemos! \u00c9 a forma mais precisa que se tem para conhecer o Brasil.\u00a0<\/span><\/p>\n<p style=\"text-align: left\"><span style=\"font-weight: 400\">O governo federal, de posse da informa\u00e7\u00e3o da popula\u00e7\u00e3o de cada estado e munic\u00edpio, distribui, proporcionalmente a popula\u00e7\u00e3o apurada no Censo,\u00a0 parte dos impostos pagos e\u00a0 juntados nos fundos de recursos p\u00fablicos que s\u00e3o administrados pelo governo federal. Al\u00e9m disso, os governos federais, estaduais e municipais contam com as informa\u00e7\u00f5es dos censos para planejar e definir pol\u00edticas p\u00fablicas que visar resolver os problemas que prejudicam a popula\u00e7\u00e3o brasileira.\u00a0<\/span><\/p>\n<p style=\"text-align: left\"><span style=\"font-weight: 400\">Os censos demogr\u00e1ficos s\u00e3o realizados de dez em dez anos, sendo que o \u00faltimo foi realizado em 2010. Portanto, era para ter sido realizado um censo em 2020, mas foi adiado em virtude da pandemia.<\/span><\/p>\n<p style=\"text-align: left\"><span style=\"font-weight: 400\">\u00a0O Instituto Brasileiro de Geografia e Estat\u00edstica-IBGE, que \u00e9 a institui\u00e7\u00e3o p\u00fablica federal respons\u00e1vel pela realiza\u00e7\u00e3o dos censos e pesquisas, planejou, cuidadosamente, a realiza\u00e7\u00e3o do Censo em 2021, mas os deputados federais cortaram os recursos or\u00e7ament\u00e1rios que estavam previstos para isso, levando o IBGE a cancelar, mais uma vez, a realiza\u00e7\u00e3o do Censo! Os preju\u00edzos ser\u00e3o significativos porque deixaremos de contar, por mais um ano, com as informa\u00e7\u00f5es sobre a popula\u00e7\u00e3o brasileira, prejudicando a administra\u00e7\u00e3o de um pa\u00eds t\u00e3o complexo como o Brasil.<\/span><\/p>\n<p>&nbsp;<\/p>\n<p style=\"text-align: right\"><span style=\"font-weight: 400\">Prof. Luiz Alexandre Gon\u00e7alves Cunha. Graduado em Geografia (UERJ),mestre em Hist\u00f3ria Econ\u00f4mica do Brasil UFPR) e doutor em Ci\u00eancias Sociais (UFRRJ).\u00a0\u00a0<\/span><\/p>\n<p style=\"text-align: right\"><span style=\"font-weight: 400\">Professor Associado C da UEPG. Leciona Geografia Econ\u00f4mica e Humana no curso de Gradua\u00e7\u00e3o em Geografia e nos cursos de p\u00f3s-gradua\u00e7\u00e3o em Geografia e Ci\u00eancias Sociais Aplicadas.<\/span><\/p>\n","protected":false},"excerpt":{"rendered":"<p>O Brasil \u00e9 um pa\u00eds imenso e\u00a0 tamb\u00e9m um dos mais populosos do Mundo. Por ter mais de oito milh\u00f5es de quil\u00f4metros quadrados \u00e9 chamado de pa\u00eds-continente. O Brasil corresponde a quase metade da Am\u00e9rica do Sul. Um pa\u00eds t\u00e3o grande acaba sendo muito diverso! S\u00e3o cinco grandes regi\u00f5es geogr\u00e1ficas: Norte; Nordeste; Centro-Oeste; Sudeste; Sul.\u00a0&nbsp;&hellip;<\/p>\n","protected":false},"author":846,"featured_media":162,"comment_status":"open","ping_status":"open","sticky":false,"template":"","format":"standard","meta":[],"categories":[33,40],"tags":[],"_links":{"self":[{"href":"https:\/\/www2.uepg.br\/elos\/wp-json\/wp\/v2\/posts\/3053"}],"collection":[{"href":"https:\/\/www2.uepg.br\/elos\/wp-json\/wp\/v2\/posts"}],"about":[{"href":"https:\/\/www2.uepg.br\/elos\/wp-json\/wp\/v2\/types\/post"}],"author":[{"embeddable":true,"href":"https:\/\/www2.uepg.br\/elos\/wp-json\/wp\/v2\/users\/846"}],"replies":[{"embeddable":true,"href":"https:\/\/www2.uepg.br\/elos\/wp-json\/wp\/v2\/comments?post=3053"}],"version-history":[{"count":0,"href":"https:\/\/www2.uepg.br\/elos\/wp-json\/wp\/v2\/posts\/3053\/revisions"}],"wp:featuredmedia":[{"embeddable":true,"href":"https:\/\/www2.uepg.br\/elos\/wp-json\/"}],"wp:attachment":[{"href":"https:\/\/www2.uepg.br\/elos\/wp-json\/wp\/v2\/media?parent=3053"}],"wp:term":[{"taxonomy":"category","embeddable":true,"href":"https:\/\/www2.uepg.br\/elos\/wp-json\/wp\/v2\/categories?post=3053"},{"taxonomy":"post_tag","embeddable":true,"href":"https:\/\/www2.uepg.br\/elos\/wp-json\/wp\/v2\/tags?post=3053"}],"curies":[{"name":"wp","href":"https:\/\/api.w.org\/{rel}","templated":true}]}}