{"id":7373,"date":"2026-08-13T14:44:38","date_gmt":"2026-08-13T17:44:38","guid":{"rendered":"https:\/\/www2.uepg.br\/elos\/?p=7373"},"modified":"2026-08-13T14:44:54","modified_gmt":"2026-08-13T17:44:54","slug":"imposicao-de-padroes-esteticos-segue-presente-no-cotidiano-das-mulheres","status":"publish","type":"post","link":"https:\/\/www2.uepg.br\/elos\/imposicao-de-padroes-esteticos-segue-presente-no-cotidiano-das-mulheres\/","title":{"rendered":"Imposi\u00e7\u00e3o de padr\u00f5es est\u00e9ticos segue presente no cotidiano das mulheres"},"content":{"rendered":"<p style=\"text-align: center\"><i><span style=\"font-weight: 400\">Influ\u00eancias socioculturais e exposi\u00e7\u00e3o excessiva a internet contribuem para a normaliza\u00e7\u00e3o de comportamentos de risco e distor\u00e7\u00e3o da autoimagem<\/span><\/i><\/p>\n<pre><span style=\"font-weight: 400\">Por Bruna Sluzala<\/span><\/pre>\n<p><span style=\"font-weight: 400\">De acordo com o Instituto Locomotiva, 62% dos brasileiros conhecem algu\u00e9m que j\u00e1 usou ou utiliza canetas emagrecedoras. Ozempic e Mounjaro, usadas no tratamento para diabetes mellitus tipo 2, s\u00e3o as mais presentes no cotidiano. Al\u00e9m dos impactos diretos \u00e0 sa\u00fade, h\u00e1 efeitos sociais. O desaparecimento do movimento do Body Positive \u00e9 um deles.\u00a0<\/span><\/p>\n<p>&nbsp;<\/p>\n<p><b>O que \u00e9 o movimento Body Positive?<\/b><\/p>\n<p><span style=\"font-weight: 400\">O Body Positive \u00e9 uma corrente que difunde a ideia da liberdade corporal e foi popularizado no Brasil na d\u00e9cada de 2010. A queda das normas est\u00e9ticas, a valoriza\u00e7\u00e3o do biotipo e a fun\u00e7\u00e3o do corpo saud\u00e1vel sob as normas corporais, s\u00e3o colocados em pauta no ativismo. Contudo, o esvaziamento de pautas ocasionado pelo marketing e a predomin\u00e2ncia de padr\u00f5es brancos e h\u00e9teros cisnormativos dentro do movimento, faz com que ele tamb\u00e9m seja suscet\u00edvel a cr\u00edticas, como mostra uma publica\u00e7\u00e3o realizada pela<\/span><a href=\"https:\/\/pmc.ncbi.nlm.nih.gov\/articles\/PMC9589104\/\"><i><span style=\"font-weight: 400\"> National Library of Medicine<\/span><\/i><span style=\"font-weight: 400\"> (NLM)<\/span><\/a><span style=\"font-weight: 400\">.<\/span><\/p>\n<p>&nbsp;<\/p>\n<p><b>A press\u00e3o fision\u00f4mica na sociedade<\/b><\/p>\n<p><span style=\"font-weight: 400\">O p\u00fablico mais afetado \u00e9 o feminino. Desde a Idade Antiga at\u00e9 a Contempor\u00e2nea, os padr\u00f5es est\u00e9ticos surgem como uma das formas de controle social sobre as mulheres. Pr\u00e1ticas como o \u201cp\u00e9 de chinesa\u201d, que consiste na dilacera\u00e7\u00e3o dos dedos do p\u00e9, cosm\u00e9ticos \u00e0 base de chumbo e o uso do espartilho, s\u00e3o exemplos de comportamentos invasivos e nocivos que foram impostos na rotina do bem-estar e da qualidade de vida feminina.\u00a0\u00a0<\/span><\/p>\n<p><span style=\"font-weight: 400\">A piora na sa\u00fade psicol\u00f3gica e a percep\u00e7\u00e3o corporal distorcida s\u00e3o consequ\u00eancias desses impactos. Outro estudo da <\/span><a href=\"https:\/\/pmc.ncbi.nlm.nih.gov\/articles\/PMC9941974\/\"><span style=\"font-weight: 400\">NLM<\/span><\/a><span style=\"font-weight: 400\"> mostra que, dos 16 pa\u00edses analisados, 22% das crian\u00e7as e adolescentes demonstraram algum tipo de transtorno alimentar, al\u00e9m de que meninas possuem mais probabilidade de desenvolver.\u00a0<\/span><\/p>\n<p><span style=\"font-weight: 400\">Para a psic\u00f3loga de an\u00e1lise cl\u00ednica, Heloisa Szeremeta da Cruz, os fatores que contribuem para essas estat\u00edsticas s\u00e3o socioculturais e as fazem serem expostas a padr\u00f5es r\u00edgidos desde cedo.\u00a0<\/span><\/p>\n<p><span style=\"font-weight: 400\">\u201cPara muitas meninas, a apar\u00eancia acaba se tornando um dos principais \u201ccrit\u00e9rios\u201d de valor pessoal. Ent\u00e3o, a forma como elas percebem o pr\u00f3prio corpo passa a influenciar diretamente a autoestima. Se essa percep\u00e7\u00e3o \u00e9 negativa, pode surgir uma tentativa de controlar o corpo como forma de alcan\u00e7ar aceita\u00e7\u00e3o, pertencimento ou sensa\u00e7\u00e3o de controle\u201d, explica.<\/span><\/p>\n<p><span style=\"font-weight: 400\">A psic\u00f3loga tamb\u00e9m exp\u00f5e que a internet \u00e9 uma ferramenta que ajudou a intensificar a compara\u00e7\u00e3o social. \u201cRedes sociais frequentemente mostram corpos idealizados e irreais, o que refor\u00e7a a insatisfa\u00e7\u00e3o corporal. Al\u00e9m disso, algoritmos podem expor o jovem repetidamente a conte\u00fados sobre dietas restritivas e padr\u00f5es extremos\u201d.\u00a0<\/span><\/p>\n<p>&nbsp;<\/p>\n","protected":false},"excerpt":{"rendered":"<p>Influ\u00eancias socioculturais e exposi\u00e7\u00e3o excessiva a internet contribuem para a normaliza\u00e7\u00e3o de comportamentos de risco e distor\u00e7\u00e3o da autoimagem Por Bruna Sluzala De acordo com o Instituto Locomotiva, 62% dos brasileiros conhecem algu\u00e9m que j\u00e1 usou ou utiliza canetas emagrecedoras. Ozempic e Mounjaro, usadas no tratamento para diabetes mellitus tipo 2, s\u00e3o as mais presentes&nbsp;&hellip;<\/p>\n","protected":false},"author":846,"featured_media":7374,"comment_status":"closed","ping_status":"open","sticky":true,"template":"","format":"standard","meta":[],"categories":[2],"tags":[],"_links":{"self":[{"href":"https:\/\/www2.uepg.br\/elos\/wp-json\/wp\/v2\/posts\/7373"}],"collection":[{"href":"https:\/\/www2.uepg.br\/elos\/wp-json\/wp\/v2\/posts"}],"about":[{"href":"https:\/\/www2.uepg.br\/elos\/wp-json\/wp\/v2\/types\/post"}],"author":[{"embeddable":true,"href":"https:\/\/www2.uepg.br\/elos\/wp-json\/wp\/v2\/users\/846"}],"replies":[{"embeddable":true,"href":"https:\/\/www2.uepg.br\/elos\/wp-json\/wp\/v2\/comments?post=7373"}],"version-history":[{"count":2,"href":"https:\/\/www2.uepg.br\/elos\/wp-json\/wp\/v2\/posts\/7373\/revisions"}],"predecessor-version":[{"id":7376,"href":"https:\/\/www2.uepg.br\/elos\/wp-json\/wp\/v2\/posts\/7373\/revisions\/7376"}],"wp:featuredmedia":[{"embeddable":true,"href":"https:\/\/www2.uepg.br\/elos\/wp-json\/wp\/v2\/media\/7374"}],"wp:attachment":[{"href":"https:\/\/www2.uepg.br\/elos\/wp-json\/wp\/v2\/media?parent=7373"}],"wp:term":[{"taxonomy":"category","embeddable":true,"href":"https:\/\/www2.uepg.br\/elos\/wp-json\/wp\/v2\/categories?post=7373"},{"taxonomy":"post_tag","embeddable":true,"href":"https:\/\/www2.uepg.br\/elos\/wp-json\/wp\/v2\/tags?post=7373"}],"curies":[{"name":"wp","href":"https:\/\/api.w.org\/{rel}","templated":true}]}}