{"id":7384,"date":"2026-08-15T21:14:26","date_gmt":"2026-08-16T00:14:26","guid":{"rendered":"https:\/\/www2.uepg.br\/elos\/?p=7384"},"modified":"2026-08-18T10:49:58","modified_gmt":"2026-08-18T13:49:58","slug":"apos-meses-de-interdicao-alunos-retornam-a-escola-jose-pinto-rosas","status":"publish","type":"post","link":"https:\/\/www2.uepg.br\/elos\/apos-meses-de-interdicao-alunos-retornam-a-escola-jose-pinto-rosas\/","title":{"rendered":"Ap\u00f3s meses de interdi\u00e7\u00e3o, alunos retornam \u00e0 Escola Jos\u00e9 Pinto Rosas"},"content":{"rendered":"<p style=\"text-align: center\"><i><span style=\"font-weight: 400\">Estudantes passaram parte do ano letivo em outras institui\u00e7\u00f5es devido aos danos causados pelas fortes chuvas de setembro de 2025<\/span><\/i><\/p>\n<pre style=\"text-align: right\"><i><span style=\"font-weight: 400\">por Leonardo Correia\r\n\r\n<img loading=\"lazy\" class=\"aligncenter wp-image-7382\" src=\"https:\/\/www2.uepg.br\/elos\/wp-content\/uploads\/sites\/285\/2026\/08\/Leonardo-Correia-1024x768.jpg\" alt=\"\" width=\"784\" height=\"588\" srcset=\"https:\/\/www2.uepg.br\/elos\/wp-content\/uploads\/sites\/285\/2026\/08\/Leonardo-Correia-1024x768.jpg 1024w, https:\/\/www2.uepg.br\/elos\/wp-content\/uploads\/sites\/285\/2026\/08\/Leonardo-Correia-300x225.jpg 300w, https:\/\/www2.uepg.br\/elos\/wp-content\/uploads\/sites\/285\/2026\/08\/Leonardo-Correia-768x576.jpg 768w, https:\/\/www2.uepg.br\/elos\/wp-content\/uploads\/sites\/285\/2026\/08\/Leonardo-Correia-1536x1152.jpg 1536w, https:\/\/www2.uepg.br\/elos\/wp-content\/uploads\/sites\/285\/2026\/08\/Leonardo-Correia-1232x924.jpg 1232w, https:\/\/www2.uepg.br\/elos\/wp-content\/uploads\/sites\/285\/2026\/08\/Leonardo-Correia-1440x1080.jpg 1440w, https:\/\/www2.uepg.br\/elos\/wp-content\/uploads\/sites\/285\/2026\/08\/Leonardo-Correia.jpg 1600w\" sizes=\"(max-width: 784px) 100vw, 784px\" \/>\r\n<\/span><\/i><\/pre>\n<p style=\"text-align: justify\"><span style=\"font-weight: 400\">Na primeira semana de agosto, estudantes e professores da Escola Municipal Dr. Jos\u00e9 Pinto Rosas, localizada no N\u00facleo Bonsucesso, retomaram suas atividades ap\u00f3s a interdi\u00e7\u00e3o da unidade, causada pelos danos provocados pelas fortes chuvas de setembro do ano passado. O temporal danificou os telhados do pr\u00e9dio principal e da quadra de esportes, deixando a escola sem condi\u00e7\u00f5es de funcionamento.\u00a0<\/span><\/p>\n<p style=\"text-align: justify\"><span style=\"font-weight: 400\">A situa\u00e7\u00e3o foi denunciada pela equipe do ELOS em reportagem publicada em 9 de abril deste ano, que abordou os danos causados pelo temporal, a demora no in\u00edcio das obras e o per\u00edodo em que os estudantes precisaram ser remanejados para outras institui\u00e7\u00f5es.<\/span><i><\/i><\/p>\n<p style=\"text-align: justify\"><i><span style=\"font-weight: 400\">Para saber mais clique <\/span><\/i><a href=\"https:\/\/www2.uepg.br\/elos\/reforma-de-escola-destruida-por-chuvas-em-ponta-grossa-atrasa-e-gera-indignacao-de-pais\/\"><i><span style=\"font-weight: 400\">[AQUI]<\/span><\/i><\/a><i><span style=\"font-weight: 400\">.<\/span><\/i><i><\/i><\/p>\n<p style=\"text-align: justify\"><span style=\"font-weight: 400\">Para a auxiliar de limpeza Jaqueline Haas, m\u00e3e de um aluno de oito anos do 3\u00ba ano do Ensino Fundamental, o per\u00edodo longe da escola foi dif\u00edcil para o filho, principalmente por causa do deslocamento. \u201cFoi complicado esse per\u00edodo por causa do \u00f4nibus. A\u00ed tinha que embarcar no \u00f4nibus que atravessava a BR, a gente ficava preocupada com as crian\u00e7as longe\u201d, relata. Com o retorno \u00e0 escola, Jaqueline avalia que a situa\u00e7\u00e3o melhorou e afirma que o filho ficou feliz em voltar para a unidade. \u201cPelo que a gente v\u00ea, a mudan\u00e7a ficou boa. Meu filho ficou feliz de voltar para c\u00e1\u201d.\u00a0<\/span><\/p>\n<p style=\"text-align: justify\"><span style=\"font-weight: 400\">Para Marli Aparecida Camargo, av\u00f3 de dois alunos, de sete e oito anos, o per\u00edodo de transfer\u00eancia tamb\u00e9m foi dif\u00edcil e demorado. Segundo ela, durante quase um ano, a fam\u00edlia n\u00e3o conseguia visitar a escola e acompanhava a situa\u00e7\u00e3o dos estudantes apenas pelos relatos das crian\u00e7as. \u201cFoi ruim porque, colocando eles em \u00f4nibus, em uma escola mais longe, n\u00e3o conseguimos ir na escola nenhuma vez durante quase um ano. S\u00f3 sabemos como eles estavam pelo que eles contavam\u201d, diz.<\/span><\/p>\n<p style=\"text-align: justify\"><span style=\"font-weight: 400\">Marli tamb\u00e9m relata que a previs\u00e3o inicial era de que os estudantes retornassem \u00e0 escola no in\u00edcio do ano seguinte, mas a perman\u00eancia na unidade para a qual foram transferidos se estendeu por mais meses. \u201cNo in\u00edcio era para logo no ano seguinte e eles ficaram mais meio ano indo para l\u00e1 ainda. Ent\u00e3o, foi um processo bem demorado\u201d, revela.\u00a0<\/span><\/p>\n<p style=\"text-align: justify\"><span style=\"font-weight: 400\">Durante a interdi\u00e7\u00e3o da escola, a Prefeitura remanejou os estudantes para duas institui\u00e7\u00f5es. Enquanto as crian\u00e7as da Educa\u00e7\u00e3o Infantil foram transferidas para o CMEI Padre Ezequiel Belchior, logo em frente \u00e0 unidade original, os demais alunos passaram a frequentar a Escola Municipal Frederico Constante Degraf, no bairro Sabar\u00e1. Os estudantes percorreram por \u00f4nibus e vans um trajeto de 4,1 quil\u00f4metros, trajeto de aproximadamente uma hora de dura\u00e7\u00e3o que inclu\u00eda trechos da BR-373, que liga Ponta Grossa a Prudent\u00f3polis.<\/span><\/p>\n<pre style=\"text-align: right\"><i><span style=\"font-weight: 400\">\u00a0<\/span><\/i><\/pre>\n","protected":false},"excerpt":{"rendered":"<p>Estudantes passaram parte do ano letivo em outras institui\u00e7\u00f5es devido aos danos causados pelas fortes chuvas de setembro de 2025 por Leonardo Correia Na primeira semana de agosto, estudantes e professores da Escola Municipal Dr. Jos\u00e9 Pinto Rosas, localizada no N\u00facleo Bonsucesso, retomaram suas atividades ap\u00f3s a interdi\u00e7\u00e3o da unidade, causada pelos danos provocados pelas&nbsp;&hellip;<\/p>\n","protected":false},"author":846,"featured_media":7382,"comment_status":"closed","ping_status":"open","sticky":true,"template":"","format":"standard","meta":[],"categories":[41,2,39],"tags":[206,186,102],"_links":{"self":[{"href":"https:\/\/www2.uepg.br\/elos\/wp-json\/wp\/v2\/posts\/7384"}],"collection":[{"href":"https:\/\/www2.uepg.br\/elos\/wp-json\/wp\/v2\/posts"}],"about":[{"href":"https:\/\/www2.uepg.br\/elos\/wp-json\/wp\/v2\/types\/post"}],"author":[{"embeddable":true,"href":"https:\/\/www2.uepg.br\/elos\/wp-json\/wp\/v2\/users\/846"}],"replies":[{"embeddable":true,"href":"https:\/\/www2.uepg.br\/elos\/wp-json\/wp\/v2\/comments?post=7384"}],"version-history":[{"count":1,"href":"https:\/\/www2.uepg.br\/elos\/wp-json\/wp\/v2\/posts\/7384\/revisions"}],"predecessor-version":[{"id":7385,"href":"https:\/\/www2.uepg.br\/elos\/wp-json\/wp\/v2\/posts\/7384\/revisions\/7385"}],"wp:featuredmedia":[{"embeddable":true,"href":"https:\/\/www2.uepg.br\/elos\/wp-json\/wp\/v2\/media\/7382"}],"wp:attachment":[{"href":"https:\/\/www2.uepg.br\/elos\/wp-json\/wp\/v2\/media?parent=7384"}],"wp:term":[{"taxonomy":"category","embeddable":true,"href":"https:\/\/www2.uepg.br\/elos\/wp-json\/wp\/v2\/categories?post=7384"},{"taxonomy":"post_tag","embeddable":true,"href":"https:\/\/www2.uepg.br\/elos\/wp-json\/wp\/v2\/tags?post=7384"}],"curies":[{"name":"wp","href":"https:\/\/api.w.org\/{rel}","templated":true}]}}