{"id":7391,"date":"2026-08-20T17:14:03","date_gmt":"2026-08-20T20:14:03","guid":{"rendered":"https:\/\/www2.uepg.br\/elos\/?p=7391"},"modified":"2026-08-20T17:18:46","modified_gmt":"2026-08-20T20:18:46","slug":"mulheres-com-deficiencia-e-a-comunidade-lgbtqiapn-vulnerabilidades-direitos-e-violencia-intrafamiliar-em-debate","status":"publish","type":"post","link":"https:\/\/www2.uepg.br\/elos\/mulheres-com-deficiencia-e-a-comunidade-lgbtqiapn-vulnerabilidades-direitos-e-violencia-intrafamiliar-em-debate\/","title":{"rendered":"Mulheres com defici\u00eancia e a comunidade LGBTQIAPN+: vulnerabilidades, direitos e viol\u00eancia intrafamiliar em debate"},"content":{"rendered":"<p style=\"text-align: center\"><i><span style=\"font-weight: 400\">No Agosto Lil\u00e1s, o evento Enfrentamento \u00e0 Viol\u00eancia Intrafamiliar prop\u00f5e atividades de preven\u00e7\u00e3o \u00e0 viol\u00eancia contra as mulheres<\/span><\/i><\/p>\n<pre><span style=\"font-weight: 400\">Por Lucas Barbato\r\n\r\n<\/span><\/pre>\n<p><span style=\"font-weight: 400\">A Semana Municipal de Enfrentamento \u00e0 Viol\u00eancia Intrafamiliar surgiu em 2025, a partir do projeto de extens\u00e3o N\u00facleo de Estudos da Viol\u00eancia Intrafamiliar (NEVIN) da Universidade Estadual de Ponta Grossa (UEPG), ligado ao curso de Direito e \u00e0 disciplina de mestrado &#8220;Viol\u00eancia Intrafamiliar&#8221;.<\/span><\/p>\n<p><span style=\"font-weight: 400\">A primeira edi\u00e7\u00e3o foi reconhecida e institu\u00edda por lei na cidade de Ponta Grossa. A professora Maria Cristina Rauch Baranoski, organizadora do evento, destaca a import\u00e2ncia da lei e do marco para o m\u00eas de agosto. &#8220;\u00c9 uma lei simb\u00f3lica, mas importante. \u00c9 a maneira que encontramos de ajudar a comunidade a refletir sobre as viol\u00eancias\u201d.<\/span><\/p>\n<p><span style=\"font-weight: 400\">Neste ano, a 2\u00aa Semana de Enfrentamento \u00e0 Viol\u00eancia Intrafamiliar come\u00e7ou no dia 10 de agosto, com um webin\u00e1rio sobre &#8220;Viol\u00eancia Intrafamiliar e a Rela\u00e7\u00e3o com o Racismo&#8221;. A programa\u00e7\u00e3o seguiu com oficinas e palestras sobre viol\u00eancia contra a mulher, viol\u00eancia intrafamiliar contra crian\u00e7as e adolescentes e direitos e prote\u00e7\u00e3o da pessoa idosa.<\/span><\/p>\n<p><span style=\"font-weight: 400\">Na \u00faltima sexta-feira (14), \u00e0s 14 horas, no Campus Central da UEPG, ocorreram as \u00faltimas oficinas da 2\u00aa Semana de Enfrentamento \u00e0 Viol\u00eancia Intrafamiliar. A primeira teve como tema &#8220;A mulher com defici\u00eancia e suas vulnerabilidades&#8221; e foi ministrada pela professora Dra. Maria Cristina Bacovis, da <\/span><span style=\"font-weight: 400\">Universidade do Estado do Mato Grosso.<\/span><span style=\"font-weight: 400\"> \u00c0s 16 horas, a segunda oficina abordou &#8220;Viol\u00eancia Intrafamiliar na Comunidade LGBTQIAPN+&#8221; e foi conduzida pela advogada Tha\u00eds Boamorte, coordenadora estadual da Alian\u00e7a Nacional LGBTI+ no Paran\u00e1.<\/span><\/p>\n<p><img loading=\"lazy\" class=\"aligncenter size-large wp-image-7393\" src=\"https:\/\/www2.uepg.br\/elos\/wp-content\/uploads\/sites\/285\/2026\/08\/Foto-oficina-1024x768.jpg\" alt=\"\" width=\"1024\" height=\"768\" srcset=\"https:\/\/www2.uepg.br\/elos\/wp-content\/uploads\/sites\/285\/2026\/08\/Foto-oficina-1024x768.jpg 1024w, https:\/\/www2.uepg.br\/elos\/wp-content\/uploads\/sites\/285\/2026\/08\/Foto-oficina-300x225.jpg 300w, https:\/\/www2.uepg.br\/elos\/wp-content\/uploads\/sites\/285\/2026\/08\/Foto-oficina-768x576.jpg 768w, https:\/\/www2.uepg.br\/elos\/wp-content\/uploads\/sites\/285\/2026\/08\/Foto-oficina-1536x1152.jpg 1536w, https:\/\/www2.uepg.br\/elos\/wp-content\/uploads\/sites\/285\/2026\/08\/Foto-oficina-2048x1536.jpg 2048w, https:\/\/www2.uepg.br\/elos\/wp-content\/uploads\/sites\/285\/2026\/08\/Foto-oficina-1232x924.jpg 1232w, https:\/\/www2.uepg.br\/elos\/wp-content\/uploads\/sites\/285\/2026\/08\/Foto-oficina-1440x1080.jpg 1440w\" sizes=\"(max-width: 1024px) 100vw, 1024px\" \/><\/p>\n<p>&nbsp;<\/p>\n<p><span style=\"font-weight: 400\">Para Maria Cristina Bacovis, o debate tem grande relev\u00e2ncia para a comunidade acad\u00eamica.\u00a0 &#8220;A discuss\u00e3o sobre a mulher com defici\u00eancia ainda n\u00e3o \u00e9 feita de forma aberta, por isso \u00e9 t\u00e3o importante\u201d. Ela entende que o espa\u00e7o de discuss\u00e3o \u00e9 um momento de conscientiza\u00e7\u00e3o: \u201cPrecisamos entender que pessoas com defici\u00eancia s\u00e3o pessoas que precisam de prote\u00e7\u00e3o, mas n\u00e3o de superprote\u00e7\u00e3o. T\u00eam autonomia e capacidade para viver normalmente, ter relacionamentos e vida social&#8221;, observa.\u00a0<\/span><\/p>\n<p><span style=\"font-weight: 400\">A professora ainda complementa que trazer um tema t\u00e3o invisibilizado para estudantes e futuros profissionais \u00e9 fundamental: &#8220;\u00c9 importante porque abre os olhos da sociedade. Os universit\u00e1rios s\u00e3o multiplicadores de opini\u00e3o. Ao discutir, debater e conscientizar sobre temas t\u00e3o sens\u00edveis, eles espalham essa ideia\u201d. Ela revela que a expectativa \u00e9 que, um dia, as mulheres com defici\u00eancia que sofrem viol\u00eancia f\u00edsica, intelectual e patrimonial deixem de sofrer.<\/span><\/p>\n<p><span style=\"font-weight: 400\">Para Fernanda Roberta Ferreira Felix, ouvinte e estudante do \u00faltimo ano de Psicologia na Unicesumar, a oficina teve um significado importante em sua trajet\u00f3ria acad\u00eamica:\u00a0 &#8220;Acredito que a oficina foi muito enriquecedora para minha bagagem como futura profissional da Psicologia. Eu vim justamente porque n\u00e3o temos muito acesso a esse tema. A oficina foi bastante agregadora no sentido de nos fazer refletir sobre nossos pr\u00f3prios preconceitos, que \u00e9 o pior problema da nossa sociedade&#8221;, afirma.<\/span><\/p>\n<p><span style=\"font-weight: 400\">Para a advogada Tha\u00eds Boamorte, que tratou da viol\u00eancia intrafamiliar na comunidade LGBTQIAPN+\u2019, trazer essa tem\u00e1tica para dentro da universidade \u00e9 fundamental:\u00a0 &#8220;\u00c9 importante para a gente sair da caixinha da heteronormatividade. Quando falamos do Agosto Lil\u00e1s, falamos muito da viol\u00eancia contra a mulher, mas daquela mulher padr\u00e3o. N\u00e3o entramos nas diversidades. A comunidade LGBTQIAPN+ acaba n\u00e3o compreendendo seus direitos e n\u00e3o sendo protegida nas suas particularidades\u201d, analisa. Ela explica que a Lei Maria da Penha tamb\u00e9m acolhe casos de viol\u00eancia intrafamiliar contra pessoas LGBTQIAPN+, mas muita gente desconhece que elas tamb\u00e9m t\u00eam direito \u00e0 prote\u00e7\u00e3o.<\/span><\/p>\n<p><img loading=\"lazy\" class=\"aligncenter size-large wp-image-7394\" src=\"https:\/\/www2.uepg.br\/elos\/wp-content\/uploads\/sites\/285\/2026\/08\/Foto-oficina--768x1024.jpg\" alt=\"\" width=\"768\" height=\"1024\" srcset=\"https:\/\/www2.uepg.br\/elos\/wp-content\/uploads\/sites\/285\/2026\/08\/Foto-oficina--768x1024.jpg 768w, https:\/\/www2.uepg.br\/elos\/wp-content\/uploads\/sites\/285\/2026\/08\/Foto-oficina--225x300.jpg 225w, https:\/\/www2.uepg.br\/elos\/wp-content\/uploads\/sites\/285\/2026\/08\/Foto-oficina--1152x1536.jpg 1152w, https:\/\/www2.uepg.br\/elos\/wp-content\/uploads\/sites\/285\/2026\/08\/Foto-oficina--1536x2048.jpg 1536w, https:\/\/www2.uepg.br\/elos\/wp-content\/uploads\/sites\/285\/2026\/08\/Foto-oficina--1232x1643.jpg 1232w, https:\/\/www2.uepg.br\/elos\/wp-content\/uploads\/sites\/285\/2026\/08\/Foto-oficina--810x1080.jpg 810w, https:\/\/www2.uepg.br\/elos\/wp-content\/uploads\/sites\/285\/2026\/08\/Foto-oficina--scaled.jpg 1920w\" sizes=\"(max-width: 768px) 100vw, 768px\" \/><\/p>\n<p>&nbsp;<\/p>\n<p><span style=\"font-weight: 400\">A advogada complementa ainda sobre as decis\u00f5es recentes da lei:\u00a0 &#8220;\u00c9 uma decis\u00e3o de inclus\u00e3o que aconteceu recentemente. Tanto casais gays quanto homens que se relacionam com homens, sejam gays ou bissexuais, passaram a ter prote\u00e7\u00e3o da Lei Maria da Penha. A mulher trans tamb\u00e9m \u00e9 amparada pela Lei Maria da Penha. S\u00e3o decis\u00f5es recentes, mas a lei sempre existiu&#8221;, afirma.<\/span><\/p>\n<p><span style=\"font-weight: 400\">Caio Fernando Maziero Rupp, mestrando do curso de Direito da UEPG, conta que a ideia das oficinas surgiu na disciplina de Viol\u00eancia Familiar.\u00a0 &#8220;Ano passado o evento foi feito no modelo de atendimento, um pouco menos diverso. A ideia da oficina surgiu justamente da interdisciplinaridade e da diversidade. Inclu\u00edmos estudantes de Jornalismo, Letras, Servi\u00e7o Social, Psicologia e da \u00e1rea da Sa\u00fade, para que todo mundo pudesse participar e ampliar o debate, saindo da zona de conforto do Direito&#8221;, afirma. Para ele, o debate foi muito proveitoso, pois a organiza\u00e7\u00e3o conseguiu contemplar tem\u00e1ticas como viol\u00eancia racial, crian\u00e7as e adolescentes, idosos, mulheres com defici\u00eancia, comunidade LGBTQIAPN+, al\u00e9m de trabalhar com os homens autores de viol\u00eancia, que faz parte da preven\u00e7\u00e3o \u00e0 viol\u00eancia intrafamiliar.<\/span><\/p>\n<pre><span style=\"font-weight: 400\">\u00a0<\/span><\/pre>\n","protected":false},"excerpt":{"rendered":"<p>No Agosto Lil\u00e1s, o evento Enfrentamento \u00e0 Viol\u00eancia Intrafamiliar prop\u00f5e atividades de preven\u00e7\u00e3o \u00e0 viol\u00eancia contra as mulheres Por Lucas Barbato A Semana Municipal de Enfrentamento \u00e0 Viol\u00eancia Intrafamiliar surgiu em 2025, a partir do projeto de extens\u00e3o N\u00facleo de Estudos da Viol\u00eancia Intrafamiliar (NEVIN) da Universidade Estadual de Ponta Grossa (UEPG), ligado ao curso&nbsp;&hellip;<\/p>\n","protected":false},"author":846,"featured_media":7392,"comment_status":"closed","ping_status":"open","sticky":true,"template":"","format":"standard","meta":[],"categories":[40,287,48,2],"tags":[44,62,45],"_links":{"self":[{"href":"https:\/\/www2.uepg.br\/elos\/wp-json\/wp\/v2\/posts\/7391"}],"collection":[{"href":"https:\/\/www2.uepg.br\/elos\/wp-json\/wp\/v2\/posts"}],"about":[{"href":"https:\/\/www2.uepg.br\/elos\/wp-json\/wp\/v2\/types\/post"}],"author":[{"embeddable":true,"href":"https:\/\/www2.uepg.br\/elos\/wp-json\/wp\/v2\/users\/846"}],"replies":[{"embeddable":true,"href":"https:\/\/www2.uepg.br\/elos\/wp-json\/wp\/v2\/comments?post=7391"}],"version-history":[{"count":1,"href":"https:\/\/www2.uepg.br\/elos\/wp-json\/wp\/v2\/posts\/7391\/revisions"}],"predecessor-version":[{"id":7395,"href":"https:\/\/www2.uepg.br\/elos\/wp-json\/wp\/v2\/posts\/7391\/revisions\/7395"}],"wp:featuredmedia":[{"embeddable":true,"href":"https:\/\/www2.uepg.br\/elos\/wp-json\/wp\/v2\/media\/7392"}],"wp:attachment":[{"href":"https:\/\/www2.uepg.br\/elos\/wp-json\/wp\/v2\/media?parent=7391"}],"wp:term":[{"taxonomy":"category","embeddable":true,"href":"https:\/\/www2.uepg.br\/elos\/wp-json\/wp\/v2\/categories?post=7391"},{"taxonomy":"post_tag","embeddable":true,"href":"https:\/\/www2.uepg.br\/elos\/wp-json\/wp\/v2\/tags?post=7391"}],"curies":[{"name":"wp","href":"https:\/\/api.w.org\/{rel}","templated":true}]}}