{"id":7396,"date":"2026-08-21T14:26:23","date_gmt":"2026-08-21T17:26:23","guid":{"rendered":"https:\/\/www2.uepg.br\/elos\/?p=7396"},"modified":"2026-08-21T14:31:37","modified_gmt":"2026-08-21T17:31:37","slug":"formatura-do-projeto-coletivizando-parto-humanizado-celebra-capacitacao-e-geracao-de-renda","status":"publish","type":"post","link":"https:\/\/www2.uepg.br\/elos\/formatura-do-projeto-coletivizando-parto-humanizado-celebra-capacitacao-e-geracao-de-renda\/","title":{"rendered":"Formatura do projeto Coletivizando Parto Humanizado celebra capacita\u00e7\u00e3o e gera\u00e7\u00e3o de renda"},"content":{"rendered":"<p style=\"text-align: center\"><i><span style=\"font-weight: 400\">Iniciativa da Associa\u00e7\u00e3o das Mulheres dos Campos Gerais uniu capacita\u00e7\u00e3o profissional em costura, apoio ao parto e doa\u00e7\u00e3o de kits produzidos pelas pr\u00f3prias alunas<\/span><\/i><\/p>\n<pre><i><span style=\"font-weight: 400\">por Leonardo Correia \r\n\r\n<\/span><\/i><\/pre>\n<p><span style=\"font-weight: 400\">No \u00faltimo s\u00e1bado (15), ocorreu a cerim\u00f4nia de formatura das integrantes do projeto Coletivizando Parto Humanizado, \u00e0s 16 horas, no Centro Social Casa do Pi\u00e1. O projeto oferece forma\u00e7\u00e3o gratuita para gestantes e mulheres, com atividades voltadas ao cuidado, ao conhecimento e \u00e0 gera\u00e7\u00e3o de renda solid\u00e1ria.\u00a0<\/span><\/p>\n<p><span style=\"font-weight: 400\">Como parte da forma\u00e7\u00e3o, as integrantes participaram de oficinas de costura realizadas \u00e0s ter\u00e7as e quintas-feiras, das 13h30 \u00e0s 16 horas, na Casa do Pi\u00e1. Durante o per\u00edodo de atividades, foram confeccionados 80 kits destinados ao projeto. Na cerim\u00f4nia de formatura, 17 desses kits foram entregues a m\u00e3es em situa\u00e7\u00e3o de vulnerabilidade social.\u00a0<\/span><\/p>\n<p><span style=\"font-weight: 400\">O projeto \u00e9 uma realiza\u00e7\u00e3o da Associa\u00e7\u00e3o das Mulheres dos Campos Gerais, com apoio da Funda\u00e7\u00e3o Banco do Brasil. A proposta busca unir a forma\u00e7\u00e3o das participantes \u00e0 produ\u00e7\u00e3o de materiais que possam beneficiar outras mulheres.\u00a0<\/span><\/p>\n<div id=\"attachment_7397\" style=\"width: 1034px\" class=\"wp-caption aligncenter\"><img aria-describedby=\"caption-attachment-7397\" loading=\"lazy\" class=\"wp-image-7397 size-large\" src=\"https:\/\/www2.uepg.br\/elos\/wp-content\/uploads\/sites\/285\/2026\/08\/Leonardo-Correia-1-1024x685.jpg\" alt=\"\" width=\"1024\" height=\"685\" srcset=\"https:\/\/www2.uepg.br\/elos\/wp-content\/uploads\/sites\/285\/2026\/08\/Leonardo-Correia-1-1024x685.jpg 1024w, https:\/\/www2.uepg.br\/elos\/wp-content\/uploads\/sites\/285\/2026\/08\/Leonardo-Correia-1-300x201.jpg 300w, https:\/\/www2.uepg.br\/elos\/wp-content\/uploads\/sites\/285\/2026\/08\/Leonardo-Correia-1-768x514.jpg 768w, https:\/\/www2.uepg.br\/elos\/wp-content\/uploads\/sites\/285\/2026\/08\/Leonardo-Correia-1-1536x1028.jpg 1536w, https:\/\/www2.uepg.br\/elos\/wp-content\/uploads\/sites\/285\/2026\/08\/Leonardo-Correia-1-2048x1371.jpg 2048w, https:\/\/www2.uepg.br\/elos\/wp-content\/uploads\/sites\/285\/2026\/08\/Leonardo-Correia-1-1232x825.jpg 1232w, https:\/\/www2.uepg.br\/elos\/wp-content\/uploads\/sites\/285\/2026\/08\/Leonardo-Correia-1-1613x1080.jpg 1613w, https:\/\/www2.uepg.br\/elos\/wp-content\/uploads\/sites\/285\/2026\/08\/Leonardo-Correia-1-272x182.jpg 272w\" sizes=\"(max-width: 1024px) 100vw, 1024px\" \/><p id=\"caption-attachment-7397\" class=\"wp-caption-text\">A vulnerabilidade social ainda \u00e9 um desafio para muitas m\u00e3es em Ponta Grossa, tornando a\u00e7\u00f5es de acolhimento fundamentais.<\/p><\/div>\n<p><span style=\"font-weight: 400\">Para a idealizadora do projeto e presidenta da Associa\u00e7\u00e3o das Mulheres dos Campos Gerais (AUMCG), Andrea Marques Ribeiro, a formatura representa a concretiza\u00e7\u00e3o de uma iniciativa que come\u00e7ou como um projeto e foi constru\u00edda ao longo das atividades \u201cEu acho que foi um sonho realizado. Parece clich\u00ea, mas de fato, a gente colocou no papel, n\u00e3o tinha nem no\u00e7\u00e3o de como as coisas seriam, mas tinha um sentimento daquilo que n\u00f3s quer\u00edamos. E hoje foi a concretiza\u00e7\u00e3o de tudo isso\u201d, afirma.\u00a0<\/span><\/p>\n<p><span style=\"font-weight: 400\">Al\u00e9m da forma\u00e7\u00e3o profissional, Andrea destaca que a iniciativa tamb\u00e9m busca estimular a uni\u00e3o e a organiza\u00e7\u00e3o coletiva entre as mulheres. \u201cN\u00e3o s\u00e3o s\u00f3 n\u00fameros. S\u00e3o cora\u00e7\u00f5es vivendo uma vida e a gente espera que isso desperte nelas e comecem a observar essa quest\u00e3o da organiza\u00e7\u00e3o, do coletivo de mulheres, do movimento de mulheres, que \u00e9 preciso lutar, que \u00e9 preciso estar forte\u201d, destaca.\u00a0<\/span><\/p>\n<p><span style=\"font-weight: 400\">Uma das formandas, Crislaine de Matos Lacerda, conta que j\u00e1 tinha interesse pela costura por trabalhar com dan\u00e7a e ter vontade de confeccionar os pr\u00f3prios figurinos. Ela afirma que, apesar de nunca ter utilizado uma m\u00e1quina de costura, encontrou no projeto uma oportunidade para aprender. \u201cEu lido com dan\u00e7a, ent\u00e3o eu queria aprender um pouco de costura para fazer figurino, essas coisas. Eu sempre tive essa curiosidade, gostei bastante do curso\u201d, relata.\u00a0<\/span><\/p>\n<p><span style=\"font-weight: 400\">Para Crislaine, a conviv\u00eancia com as demais participantes e o acompanhamento durante as oficinas tamb\u00e9m fizeram parte da experi\u00eancia. \u201cAs pessoas foram muito receptivas com a gente, a instrutora foi muito atenciosa, muito carinhosa, desde eu, no meu caso, que n\u00e3o sabia nem mexer em nada, nunca tinha ligado uma m\u00e1quina. Para mim foi realmente de grande valor\u201d, conta.\u00a0<\/span><\/p>\n<div id=\"attachment_7398\" style=\"width: 1034px\" class=\"wp-caption aligncenter\"><img aria-describedby=\"caption-attachment-7398\" loading=\"lazy\" class=\"wp-image-7398 size-large\" src=\"https:\/\/www2.uepg.br\/elos\/wp-content\/uploads\/sites\/285\/2026\/08\/Leonardo-Correia-1-1-1024x685.jpg\" alt=\"\" width=\"1024\" height=\"685\" srcset=\"https:\/\/www2.uepg.br\/elos\/wp-content\/uploads\/sites\/285\/2026\/08\/Leonardo-Correia-1-1-1024x685.jpg 1024w, https:\/\/www2.uepg.br\/elos\/wp-content\/uploads\/sites\/285\/2026\/08\/Leonardo-Correia-1-1-300x201.jpg 300w, https:\/\/www2.uepg.br\/elos\/wp-content\/uploads\/sites\/285\/2026\/08\/Leonardo-Correia-1-1-768x514.jpg 768w, https:\/\/www2.uepg.br\/elos\/wp-content\/uploads\/sites\/285\/2026\/08\/Leonardo-Correia-1-1-1536x1028.jpg 1536w, https:\/\/www2.uepg.br\/elos\/wp-content\/uploads\/sites\/285\/2026\/08\/Leonardo-Correia-1-1-2048x1371.jpg 2048w, https:\/\/www2.uepg.br\/elos\/wp-content\/uploads\/sites\/285\/2026\/08\/Leonardo-Correia-1-1-1232x825.jpg 1232w, https:\/\/www2.uepg.br\/elos\/wp-content\/uploads\/sites\/285\/2026\/08\/Leonardo-Correia-1-1-1613x1080.jpg 1613w, https:\/\/www2.uepg.br\/elos\/wp-content\/uploads\/sites\/285\/2026\/08\/Leonardo-Correia-1-1-272x182.jpg 272w\" sizes=\"(max-width: 1024px) 100vw, 1024px\" \/><p id=\"caption-attachment-7398\" class=\"wp-caption-text\">O aprendizado da costura virou ferramenta de autonomia e solidariedade para as formandas do projeto.<\/p><\/div>\n<p><span style=\"font-weight: 400\">A idealizadora do projeto tamb\u00e9m ressalta a import\u00e2ncia do fortalecimento entre mulheres para a defesa de direitos. Segundo Andrea, a organiza\u00e7\u00e3o coletiva pode contribuir para evitar retrocessos e para a constru\u00e7\u00e3o de uma sociedade mais igualit\u00e1ria. \u201c\u00c9 importante, l\u00e1 no fundo, a gente estar unido, a gente estar se fortalecendo, uma reconhecendo a outra, uma dando apoio \u00e0 outra, para a gente n\u00e3o ter retrocesso nos nossos direitos\u201d, afirma.\u00a0<\/span><\/p>\n<p><span style=\"font-weight: 400\">A equipe ELOS\u00a0 realizou a cobertura do lan\u00e7amento do projeto Coletivizando Parto Humanizado\u00a0 em 24 de outubro de 2025<\/span><\/p>\n<p>&nbsp;<\/p>\n<p><i><span style=\"font-weight: 400\">Para saber mais clique <\/span><\/i><a href=\"https:\/\/elos.sites.uepg.br\/elos\/coletivizando-parto-humanizado-lanca-projeto-em-ponta-grossa-com-foco-em-gestantes-jovens-negras-e-perifericas\/\"><i><span style=\"font-weight: 400\">[AQUI]<\/span><\/i><\/a><\/p>\n<p>&nbsp;<\/p>\n<p><span style=\"font-weight: 400\">Com a conclus\u00e3o das oficinas e a formatura das participantes, o projeto encerra uma etapa de forma\u00e7\u00e3o que uniu aprendizado, produ\u00e7\u00e3o coletiva e solidariedade. As novas datas das oficinas ser\u00e3o divulgadas posteriormente no <\/span><a href=\"https:\/\/www.instagram.com\/aumcg?igsh=Nzk0NTkzMmJjaDQ5\"><span style=\"font-weight: 400\">Instagram<\/span><\/a><span style=\"font-weight: 400\"> da Associa\u00e7\u00e3o das Mulheres dos Campos Gerais. <\/span><\/p>\n","protected":false},"excerpt":{"rendered":"<p>Iniciativa da Associa\u00e7\u00e3o das Mulheres dos Campos Gerais uniu capacita\u00e7\u00e3o profissional em costura, apoio ao parto e doa\u00e7\u00e3o de kits produzidos pelas pr\u00f3prias alunas por Leonardo Correia No \u00faltimo s\u00e1bado (15), ocorreu a cerim\u00f4nia de formatura das integrantes do projeto Coletivizando Parto Humanizado, \u00e0s 16 horas, no Centro Social Casa do Pi\u00e1. O projeto oferece&nbsp;&hellip;<\/p>\n","protected":false},"author":846,"featured_media":7399,"comment_status":"closed","ping_status":"open","sticky":true,"template":"","format":"standard","meta":[],"categories":[287,48,2,39],"tags":[320,44,62],"_links":{"self":[{"href":"https:\/\/www2.uepg.br\/elos\/wp-json\/wp\/v2\/posts\/7396"}],"collection":[{"href":"https:\/\/www2.uepg.br\/elos\/wp-json\/wp\/v2\/posts"}],"about":[{"href":"https:\/\/www2.uepg.br\/elos\/wp-json\/wp\/v2\/types\/post"}],"author":[{"embeddable":true,"href":"https:\/\/www2.uepg.br\/elos\/wp-json\/wp\/v2\/users\/846"}],"replies":[{"embeddable":true,"href":"https:\/\/www2.uepg.br\/elos\/wp-json\/wp\/v2\/comments?post=7396"}],"version-history":[{"count":1,"href":"https:\/\/www2.uepg.br\/elos\/wp-json\/wp\/v2\/posts\/7396\/revisions"}],"predecessor-version":[{"id":7400,"href":"https:\/\/www2.uepg.br\/elos\/wp-json\/wp\/v2\/posts\/7396\/revisions\/7400"}],"wp:featuredmedia":[{"embeddable":true,"href":"https:\/\/www2.uepg.br\/elos\/wp-json\/wp\/v2\/media\/7399"}],"wp:attachment":[{"href":"https:\/\/www2.uepg.br\/elos\/wp-json\/wp\/v2\/media?parent=7396"}],"wp:term":[{"taxonomy":"category","embeddable":true,"href":"https:\/\/www2.uepg.br\/elos\/wp-json\/wp\/v2\/categories?post=7396"},{"taxonomy":"post_tag","embeddable":true,"href":"https:\/\/www2.uepg.br\/elos\/wp-json\/wp\/v2\/tags?post=7396"}],"curies":[{"name":"wp","href":"https:\/\/api.w.org\/{rel}","templated":true}]}}