{"id":7405,"date":"2026-08-27T14:12:36","date_gmt":"2026-08-27T17:12:36","guid":{"rendered":"https:\/\/www2.uepg.br\/elos\/?p=7405"},"modified":"2026-08-27T14:35:39","modified_gmt":"2026-08-27T17:35:39","slug":"a-importancia-do-psicologo-um-profissional-que-atua-em-diferentes-areas","status":"publish","type":"post","link":"https:\/\/www2.uepg.br\/elos\/a-importancia-do-psicologo-um-profissional-que-atua-em-diferentes-areas\/","title":{"rendered":"A import\u00e2ncia do psic\u00f3logo: um profissional que atua em diferentes \u00e1reas"},"content":{"rendered":"<p style=\"text-align: center\"><i><span style=\"font-weight: 400\">Paran\u00e1 contabiliza 35,9 mil psic\u00f3logos; o dado mostra a for\u00e7a dos profissionais no campo da psicologia em suas distintas especialidades<\/span><\/i><\/p>\n<pre>Por Lucas Barbato\r\n\r\n<\/pre>\n<p><span style=\"font-weight: 400\">No dia 27 de agosto \u00e9 comemorado o Dia do Psic\u00f3logo no Brasil. A data n\u00e3o lembra apenas a regulamenta\u00e7\u00e3o da profiss\u00e3o, em 1962, mas a import\u00e2ncia de um profissional que atualmente ocupa diferentes espa\u00e7os e \u00e1reas de atua\u00e7\u00e3o, do consult\u00f3rio ao \u00e2mbito educacional, do hospital \u00e0 psicologia jur\u00eddica.\u00a0<\/span><\/p>\n<p><span style=\"font-weight: 400\">Essa presen\u00e7a em v\u00e1rias \u00e1reas \u00e9 garantida tamb\u00e9m pelo C\u00f3digo de \u00c9tica da categoria. Surgiu como uma ferramenta de reflex\u00e3o, de autoconhecimento do que um conjunto de normas a serem seguidas pelos profissionais. O primeiro princ\u00edpio do c\u00f3digo de \u00e9tica profissional foi criado para orientar a rela\u00e7\u00e3o do psic\u00f3logo com a sociedade, com a ci\u00eancia e com as entidades profissionais. O documento acompanhou a evolu\u00e7\u00e3o do pa\u00eds, principalmente ap\u00f3s a Constitui\u00e7\u00e3o Cidad\u00e3 de 1988 e refor\u00e7a o papel social da psicologia enquanto campo cient\u00edfico, profissional e \u00e9tico.\u00a0<\/span><\/p>\n<p><span style=\"font-weight: 400\">A import\u00e2ncia da profiss\u00e3o pode tamb\u00e9m ser percebida nos n\u00fameros. Segundo o Conselho Federal de Psicologia (CFP), o Brasil tem hoje 600.286 psic\u00f3logas e psic\u00f3logos ativos. O Paran\u00e1 concentra 35.939 desses profissionais, sendo o quarto maior contingente do Pa\u00eds. A maioria em atua\u00e7\u00e3o \u00e9 composta por mulheres: s\u00e3o 29.108 psic\u00f3logas, o que confirma a psicologia como uma profiss\u00e3o majoritariamente feminina.<\/span><\/p>\n<p><span style=\"font-weight: 400\">O psic\u00f3logo Samuel Rosa dos Santos destaca que em sua trajet\u00f3ria profissional, o interesse pela psicologia jur\u00eddica surgiu ap\u00f3s a gradua\u00e7\u00e3o. &#8220;Durante a faculdade, tive pouco contato com a \u00e1rea, mas depois de formado, comecei a pesquisar mais e acabei me identificando com essa atua\u00e7\u00e3o. A psicologia jur\u00eddica me atraiu por integrar o comportamento humano e o sistema de justi\u00e7a em um trabalho pr\u00e1tico, din\u00e2mico e de grande impacto social&#8221;, ressalta.<\/span><\/p>\n<p><span style=\"font-weight: 400\">O profissional ainda explica que a psicologia jur\u00eddica, em especial a psicologia judici\u00e1ria, est\u00e1 diretamente ligada \u00e0 fun\u00e7\u00e3o de julgar do magistrado. &#8220;O psic\u00f3logo coloca seus conhecimentos \u00e0 disposi\u00e7\u00e3o, assessorando o juiz em aspectos relevantes para determinadas a\u00e7\u00f5es judiciais, trazendo aos autos a realidade psicol\u00f3gica dos agentes envolvidos que, sem a sua atua\u00e7\u00e3o, jamais chegaria ao conhecimento do julgador&#8221;, complementa.<\/span><\/p>\n<p><span style=\"font-weight: 400\">Com uma trajet\u00f3ria marcada por anos de estudo, p\u00f3s-gradua\u00e7\u00f5es, supervis\u00e3o cl\u00ednica com profissionais experientes e aprofundamento na literatura internacional sobre terapia afirmativa e atendimento a adultos neurodivergentes, a psic\u00f3loga Jussara Doretto Benetti do Prado atua com diversidade de g\u00eanero e sexualidade. Para ela, na psicologia n\u00e3o existe uma especialidade ou abordagem chamada &#8220;psicologia de g\u00eanero&#8221;. &#8220;G\u00eanero e sexualidade n\u00e3o s\u00e3o uma \u00e1rea isolada ou um dogma ideol\u00f3gico, eles s\u00e3o dimens\u00f5es fundamentais do desenvolvimento humano, da socializa\u00e7\u00e3o e da sa\u00fade mental, estudadas transversalmente por toda a ci\u00eancia psicol\u00f3gica&#8221;, explica.<\/span><\/p>\n<p><span style=\"font-weight: 400\">Segundo Jussara, quando h\u00e1 uma atua\u00e7\u00e3o especializada nessas demandas, o que se aplica n\u00e3o \u00e9 uma psicologia \u00e0 parte, mas sim a terapia afirmativa. &#8220;\u00c9 uma postura \u00e9tica, cient\u00edfica e cl\u00ednica de acolhimento \u00e0 diversidade humana, amparada pelas resolu\u00e7\u00f5es do Conselho Federal de Psicologia (CFP)&#8221;, ressalta. A psic\u00f3loga complementa que a perspectiva afirmativa \u00e9 de extrema import\u00e2ncia porque, historicamente, a sa\u00fade mental tendeu a ignorar ou at\u00e9 patologizar pessoas que fugiam dos padr\u00f5es tradicionais de g\u00eanero e sexualidade, representadas pela orienta\u00e7\u00e3o cisg\u00eanero e heterossexual.\u00a0<\/span><\/p>\n","protected":false},"excerpt":{"rendered":"<p>Paran\u00e1 contabiliza 35,9 mil psic\u00f3logos; o dado mostra a for\u00e7a dos profissionais no campo da psicologia em suas distintas especialidades Por Lucas Barbato No dia 27 de agosto \u00e9 comemorado o Dia do Psic\u00f3logo no Brasil. A data n\u00e3o lembra apenas a regulamenta\u00e7\u00e3o da profiss\u00e3o, em 1962, mas a import\u00e2ncia de um profissional que atualmente&nbsp;&hellip;<\/p>\n","protected":false},"author":846,"featured_media":7406,"comment_status":"closed","ping_status":"open","sticky":true,"template":"","format":"standard","meta":[],"categories":[40,293,48,2,39],"tags":[44,45,321],"_links":{"self":[{"href":"https:\/\/www2.uepg.br\/elos\/wp-json\/wp\/v2\/posts\/7405"}],"collection":[{"href":"https:\/\/www2.uepg.br\/elos\/wp-json\/wp\/v2\/posts"}],"about":[{"href":"https:\/\/www2.uepg.br\/elos\/wp-json\/wp\/v2\/types\/post"}],"author":[{"embeddable":true,"href":"https:\/\/www2.uepg.br\/elos\/wp-json\/wp\/v2\/users\/846"}],"replies":[{"embeddable":true,"href":"https:\/\/www2.uepg.br\/elos\/wp-json\/wp\/v2\/comments?post=7405"}],"version-history":[{"count":1,"href":"https:\/\/www2.uepg.br\/elos\/wp-json\/wp\/v2\/posts\/7405\/revisions"}],"predecessor-version":[{"id":7407,"href":"https:\/\/www2.uepg.br\/elos\/wp-json\/wp\/v2\/posts\/7405\/revisions\/7407"}],"wp:featuredmedia":[{"embeddable":true,"href":"https:\/\/www2.uepg.br\/elos\/wp-json\/wp\/v2\/media\/7406"}],"wp:attachment":[{"href":"https:\/\/www2.uepg.br\/elos\/wp-json\/wp\/v2\/media?parent=7405"}],"wp:term":[{"taxonomy":"category","embeddable":true,"href":"https:\/\/www2.uepg.br\/elos\/wp-json\/wp\/v2\/categories?post=7405"},{"taxonomy":"post_tag","embeddable":true,"href":"https:\/\/www2.uepg.br\/elos\/wp-json\/wp\/v2\/tags?post=7405"}],"curies":[{"name":"wp","href":"https:\/\/api.w.org\/{rel}","templated":true}]}}