{"id":7415,"date":"2026-08-28T15:50:52","date_gmt":"2026-08-28T18:50:52","guid":{"rendered":"https:\/\/www2.uepg.br\/elos\/?p=7415"},"modified":"2026-08-28T15:51:24","modified_gmt":"2026-08-28T18:51:24","slug":"blitz-da-inclusao-leva-orientacao-sobre-acessibilidade-ao-calcadao-de-ponta-grossa","status":"publish","type":"post","link":"https:\/\/www2.uepg.br\/elos\/blitz-da-inclusao-leva-orientacao-sobre-acessibilidade-ao-calcadao-de-ponta-grossa\/","title":{"rendered":"Blitz da Inclus\u00e3o leva orienta\u00e7\u00e3o sobre acessibilidade ao cal\u00e7ad\u00e3o de Ponta Grossa"},"content":{"rendered":"<p style=\"text-align: center\"><i><span style=\"font-weight: 400\">Iniciativa busca ampliar a visibilidade sobre os direitos e as dificuldades enfrentadas por pessoas com defici\u00eancia<\/span><\/i><\/p>\n<pre>Por Leonardo Correia\r\n\r\n\r\n<\/pre>\n<p><span style=\"font-weight: 400\">No \u00faltimo s\u00e1bado (21) ocorreu, das 10h \u00e0s 12h, a Blitz da Inclus\u00e3o no cal\u00e7ad\u00e3o de Ponta Grossa, organizada pelo o Conselho Municipal dos Direitos da Pessoa com Defici\u00eancia. A a\u00e7\u00e3o contou com a distribui\u00e7\u00e3o de materiais educativos e orienta\u00e7\u00f5es sobre vagas preferenciais e acessibilidade, visando ampliar a visibilidade sobre o tema e orientar a popula\u00e7\u00e3o.A atividade integra a programa\u00e7\u00e3o da Semana Nacional da Pessoa com Defici\u00eancia, realizada at\u00e9 o dia 28 em diferentes pontos da cidade.<\/span><\/p>\n<p><span style=\"font-weight: 400\">Segundo o presidente do Conselho Municipal dos Direitos da Pessoa com Defici\u00eancia, Fabiano Gioppo, a a\u00e7\u00e3o busca aproximar o debate da popula\u00e7\u00e3o e refor\u00e7ar que pessoas com defici\u00eancia possuem diferentes habilidades e participam ativamente da sociedade. \u201cPonta Grossa tem 70 mil pessoas com defici\u00eancia, ent\u00e3o \u00e9 uma popula\u00e7\u00e3o enorme\u201d, informa Gioppo. Para ele, a quantidade de pessoas diretamente envolvidas com a tem\u00e1tica \u00e9 ainda maior quando considerados familiares e pessoas pr\u00f3ximas.\u00a0<\/span><\/p>\n<p><span style=\"font-weight: 400\">Gioppo tamb\u00e9m destaca a import\u00e2ncia de romper com a vis\u00e3o de que a defici\u00eancia impede a participa\u00e7\u00e3o social \u201cTodas as pessoas t\u00eam potencial, a pessoa com defici\u00eancia tem talento e ela pode, dentro das suas limita\u00e7\u00f5es, como todos n\u00f3s temos limita\u00e7\u00f5es, estudar e trabalhar\u201d, ressalta.\u00a0<\/span><\/p>\n<p><span style=\"font-weight: 400\">A programa\u00e7\u00e3o deste ano tem como proposta colocar a pessoa com defici\u00eancia como protagonista das atividades. Na abertura da Semana Nacional da Pessoa com Defici\u00eancia, realizada no Cine-Teatro \u00d3pera, pessoas com diferentes defici\u00eancias participaram da cerim\u00f4nia, incluindo uma pessoa com transtorno do espectro autista, uma pessoa com S\u00edndrome de Down, uma pessoa com defici\u00eancia f\u00edsica e uma pessoa com defici\u00eancia visual.\u00a0<\/span><\/p>\n<p><span style=\"font-weight: 400\">Para N\u00edvia Mayer, massoterapeuta com defici\u00eancia visual, a\u00e7\u00f5es como a Blitz da Inclus\u00e3o s\u00e3o importantes para mostrar \u00e0 popula\u00e7\u00e3o que pessoas com defici\u00eancia possuem uma vida independente e participam de diferentes espa\u00e7os da cidade. \u201c\u00c9 uma forma de divulga\u00e7\u00e3o, porque as pessoas com defici\u00eancia hoje n\u00e3o t\u00eam tanta visibilidade\u201d, explica. Segundo ela, pessoas com defici\u00eancia trabalham, estudam e circulam diariamente por terminais, ruas e pelo cal\u00e7ad\u00e3o no centro da cidade, mas ainda enfrentam obst\u00e1culos relacionados \u00e0 acessibilidade e \u00e0 mobilidade urbana.\u00a0<\/span><\/p>\n<p><span style=\"font-weight: 400\">N\u00edvia tamb\u00e9m relata que j\u00e1 vivenciou situa\u00e7\u00f5es de falta de preparo no ambiente profissional e no cotidiano. Para ela, muitas dessas situa\u00e7\u00f5es est\u00e3o relacionadas \u00e0 falta de informa\u00e7\u00e3o sobre como interagir adequadamente com uma pessoa com defici\u00eancia \u201c\u00c0s vezes eles oferecem at\u00e9 ajuda, mas n\u00e3o sabem como ajudar\u201d, conta.\u00a0<\/span><\/p>\n<p><span style=\"font-weight: 400\">Entre os exemplos citados por N\u00edvia est\u00e1 a abordagem a pessoas cegas. Segundo ela, \u00e9 comum que algu\u00e9m tente pux\u00e1-las pelo bra\u00e7o para auxili\u00e1-las a caminhar, quando o recomendado \u00e9 oferecer o pr\u00f3prio cotovelo para que a pessoa possa se apoiar e escolher a dire\u00e7\u00e3o.\u00a0<\/span><\/p>\n<p><span style=\"font-weight: 400\">Por isso, a orienta\u00e7\u00e3o \u00e0 popula\u00e7\u00e3o \u00e9 uma das principais fun\u00e7\u00f5es da Blitz da Inclus\u00e3o \u201cNosso objetivo hoje \u00e9 estar aqui no cal\u00e7ad\u00e3o, fazendo essa blitz para divulgar e tamb\u00e9m estar orientando as pessoas da forma correta\u201d, complementa N\u00edvia<\/span><span style=\"font-weight: 400\">.\u00a0<\/span><\/p>\n<pre><span style=\"font-weight: 400\">\u00a0<\/span><\/pre>\n<p><b>Programa\u00e7\u00e3o\u00a0<\/b><\/p>\n<pre><span style=\"font-weight: 400\">\u00a0<\/span><\/pre>\n<p><span style=\"font-weight: 400\">A programa\u00e7\u00e3o da Semana da Pessoa com Defici\u00eancia segue nesta quinta-feira (27) e sexta-feira (28), com atividades gratuitas em Ponta Grossa.\u00a0<\/span><\/p>\n<p><span style=\"font-weight: 400\">Quinta-feira (27) &#8211; Feira de Inclus\u00e3o, das 13h \u00e0s 17h, no Gin\u00e1sio Jamal Bazzi. A programa\u00e7\u00e3o contar\u00e1 com vagas de emprego para pessoas com defici\u00eancia, atendimento do INSS e CRAS, cadastro em programas municipais, \u00f4nibus da vacina e servi\u00e7os de cuidado pessoal.\u00a0<\/span><\/p>\n<p><span style=\"font-weight: 400\">Sexta-feira (28) &#8211; Festival da Inclus\u00e3o, das 13h \u00e0s 17h, tamb\u00e9m no Gin\u00e1sio Jamal Bazzi. A programa\u00e7\u00e3o inclui, \u00e0s 13h, golfe; \u00e0s 14h, oficina de artes; \u00e0s 15h, conta\u00e7\u00e3o de hist\u00f3rias; e, \u00e0s 16h, t\u00eanis de mesa e xadrez. <\/span><\/p>\n<pre><span style=\"font-weight: 400\">\r\n\r\n\r\n<\/span><\/pre>\n<p>&nbsp;<\/p>\n","protected":false},"excerpt":{"rendered":"<p>Iniciativa busca ampliar a visibilidade sobre os direitos e as dificuldades enfrentadas por pessoas com defici\u00eancia Por Leonardo Correia No \u00faltimo s\u00e1bado (21) ocorreu, das 10h \u00e0s 12h, a Blitz da Inclus\u00e3o no cal\u00e7ad\u00e3o de Ponta Grossa, organizada pelo o Conselho Municipal dos Direitos da Pessoa com Defici\u00eancia. A a\u00e7\u00e3o contou com a distribui\u00e7\u00e3o de&nbsp;&hellip;<\/p>\n","protected":false},"author":846,"featured_media":7416,"comment_status":"closed","ping_status":"open","sticky":true,"template":"","format":"standard","meta":[],"categories":[40,289,48,2,39],"tags":[44,322,45],"_links":{"self":[{"href":"https:\/\/www2.uepg.br\/elos\/wp-json\/wp\/v2\/posts\/7415"}],"collection":[{"href":"https:\/\/www2.uepg.br\/elos\/wp-json\/wp\/v2\/posts"}],"about":[{"href":"https:\/\/www2.uepg.br\/elos\/wp-json\/wp\/v2\/types\/post"}],"author":[{"embeddable":true,"href":"https:\/\/www2.uepg.br\/elos\/wp-json\/wp\/v2\/users\/846"}],"replies":[{"embeddable":true,"href":"https:\/\/www2.uepg.br\/elos\/wp-json\/wp\/v2\/comments?post=7415"}],"version-history":[{"count":1,"href":"https:\/\/www2.uepg.br\/elos\/wp-json\/wp\/v2\/posts\/7415\/revisions"}],"predecessor-version":[{"id":7417,"href":"https:\/\/www2.uepg.br\/elos\/wp-json\/wp\/v2\/posts\/7415\/revisions\/7417"}],"wp:featuredmedia":[{"embeddable":true,"href":"https:\/\/www2.uepg.br\/elos\/wp-json\/wp\/v2\/media\/7416"}],"wp:attachment":[{"href":"https:\/\/www2.uepg.br\/elos\/wp-json\/wp\/v2\/media?parent=7415"}],"wp:term":[{"taxonomy":"category","embeddable":true,"href":"https:\/\/www2.uepg.br\/elos\/wp-json\/wp\/v2\/categories?post=7415"},{"taxonomy":"post_tag","embeddable":true,"href":"https:\/\/www2.uepg.br\/elos\/wp-json\/wp\/v2\/tags?post=7415"}],"curies":[{"name":"wp","href":"https:\/\/api.w.org\/{rel}","templated":true}]}}