{"id":7418,"date":"2026-08-28T20:03:45","date_gmt":"2026-08-28T23:03:45","guid":{"rendered":"https:\/\/www2.uepg.br\/elos\/?p=7418"},"modified":"2026-08-28T20:04:06","modified_gmt":"2026-08-28T23:04:06","slug":"grupos-de-reeducacao-para-homens-sao-discutidos-como-estrategia-de-enfrentamento-a-violencia-domestica","status":"publish","type":"post","link":"https:\/\/www2.uepg.br\/elos\/grupos-de-reeducacao-para-homens-sao-discutidos-como-estrategia-de-enfrentamento-a-violencia-domestica\/","title":{"rendered":"Grupos de reeduca\u00e7\u00e3o para homens s\u00e3o discutidos como estrat\u00e9gia de enfrentamento \u00e0 viol\u00eancia dom\u00e9stica"},"content":{"rendered":"<p style=\"text-align: center\"><i><span style=\"font-weight: 400\">Mesa-redonda encerrou a II Semana de Enfrentamento \u00e0 Viol\u00eancia Intrafamiliar da UEPG e debateu responsabiliza\u00e7\u00e3o, preven\u00e7\u00e3o da reincid\u00eancia e pol\u00edticas p\u00fablicas<\/span><\/i><\/p>\n<pre><span style=\"font-weight: 400\">Por: Lorena Santana e Lucas Barbato\u00a0\r\n<\/span><\/pre>\n<p><span style=\"font-weight: 400\">A atua\u00e7\u00e3o de grupos reflexivos para homens autores de viol\u00eancia dom\u00e9stica foi tema da mesa-redonda que encerrou, na noite do \u00faltimo dia 17, a II Semana de Enfrentamento \u00e0 Viol\u00eancia Intrafamiliar da Universidade Estadual de Ponta Grossa (UEPG), com promo\u00e7\u00e3o dos cursos de Direito, Psicologia e Servi\u00e7o Social. O encontro ocorreu no Grande Audit\u00f3rio do Campus Central e reuniu profissionais e pesquisadores para discutir estrat\u00e9gias de responsabiliza\u00e7\u00e3o e preven\u00e7\u00e3o da reincid\u00eancia. Mediado pela professora Dirceia Moreira, do curso de Direito da UEPG, o debate contou com a participa\u00e7\u00e3o do psic\u00f3logo e professor Adriano Beiras, da Universidade Federal de Santa Catarina (UFSC); da ju\u00edza Alessandra Pimentel, do 1\u00ba Juizado de Viol\u00eancia Dom\u00e9stica de Ponta Grossa; e da professora Roseni In\u00eas Marconato, do curso de Servi\u00e7o Social da UEPG.<\/span><\/p>\n<p><span style=\"font-weight: 400\">Para Dirceia Moreira, a composi\u00e7\u00e3o da mesa foi fundamental para ampliar o debate. \u201cTivemos v\u00e1rias perspectivas. A introdu\u00e7\u00e3o com o professor Adriano Beiras, da psicologia jur\u00eddica, que \u00e9 uma grande refer\u00eancia nacional na proposta de grupos reflexivos para homens; a professora Roseni, que trouxe a vis\u00e3o do Servi\u00e7o Social; e a experi\u00eancia da Dra. Alessandra, que lida diariamente com esses homens em cumprimento de senten\u00e7a\u201d, destacou.<\/span><\/p>\n<p><span style=\"font-weight: 400\">Segundo a mediadora do evento, vivemos um momento de retrocesso. Ao mesmo tempo em que existem iniciativas e uma legisla\u00e7\u00e3o voltada a combater e prevenir a viol\u00eancia de g\u00eanero e a garantir o direito da mulher de existir como quiser, a sociedade presencia meninos e adolescentes construindo sua masculinidade a partir da viol\u00eancia. \u201c\u00c9 o discurso redpill, a machosfera. Essas express\u00f5es podem at\u00e9 parecer brincadeira, mas est\u00e3o consolidando um modo de ser homem violento, que n\u00e3o aceita que a mulher seja tratada de forma igual, que a v\u00ea como um objeto que pode ser manipulado e submetido \u00e0 viol\u00eancia\u201d, explicou.<\/span><\/p>\n<p><span style=\"font-weight: 400\">A condu\u00e7\u00e3o principal da mesa redonda foi centrada na exposi\u00e7\u00e3o sobre os grupos reflexivos. Eles s\u00e3o espa\u00e7os de acompanhamento e reflex\u00e3o destinados a homens, autores de viol\u00eancia dom\u00e9stica. Os encontros buscam fazer com que os participantes reconhe\u00e7am a viol\u00eancia praticada, reflitam sobre o crime e compreendam como fatores sociais, culturais e relacionados \u00e0s rela\u00e7\u00f5es de g\u00eanero podem influenciar seus comportamentos. A proposta n\u00e3o se resume \u00e0 puni\u00e7\u00e3o, mas procura promover responsabiliza\u00e7\u00e3o e mudan\u00e7a de comportamento para evitar novos epis\u00f3dios de viol\u00eancia.<\/span><\/p>\n<p><span style=\"font-weight: 400\">Durante os encontros, s\u00e3o discutidos temas como machismo, rela\u00e7\u00f5es de poder, masculinidades, comunica\u00e7\u00e3o e diferentes formas de viol\u00eancia previstas na Lei Maria da Penha. Uma das bases te\u00f3ricas utilizadas \u00e9 o construcionismo social, que compreende que comportamentos e pap\u00e9is de g\u00eanero s\u00e3o constru\u00eddos socialmente e, por isso, podem ser questionados e transformados. A metodologia tamb\u00e9m busca confrontar discursos que responsabilizam a v\u00edtima pela agress\u00e3o. Frases como \u201cela me provocou\u201d ou \u201ceu perdi a cabe\u00e7a\u201d s\u00e3o trabalhadas para que o participante reconhe\u00e7a que a viol\u00eancia praticada \u00e9 de sua responsabilidade.<\/span><\/p>\n<pre><span style=\"font-weight: 400\">\u00a0<\/span><\/pre>\n<p><b>Da puni\u00e7\u00e3o \u00e0 responsabiliza\u00e7\u00e3o<\/b><\/p>\n<p><span style=\"font-weight: 400\">A professora Roseni In\u00eas Marconato destacou que o enfrentamento \u00e0 viol\u00eancia dom\u00e9stica precisa ultrapassar a aplica\u00e7\u00e3o de uma puni\u00e7\u00e3o ao agressor. Para ela, os grupos reflexivos criam um espa\u00e7o para que os homens compreendam a pr\u00f3pria conduta e assumam responsabilidade pelos atos praticados. \u201cN\u00e3o basta apenas punir o homem que praticou a viol\u00eancia. \u00c9 preciso criar espa\u00e7os para que ele reflita sobre o que fez, reconhe\u00e7a sua responsabilidade e compreenda os padr\u00f5es sociais que contribu\u00edram para aquele comportamento\u201d, afirmou Roseni.<\/span><\/p>\n<p><span style=\"font-weight: 400\">Nesse processo, os participantes s\u00e3o estimulados a questionar padr\u00f5es de masculinidade associados \u00e0 for\u00e7a, ao controle e \u00e0 agressividade. A proposta \u00e9 construir novas formas de relacionamento baseadas no respeito, na comunica\u00e7\u00e3o e na igualdade.<\/span><\/p>\n<pre><span style=\"font-weight: 400\">\u00a0<\/span><\/pre>\n<p><b>H\u00e1 mais de uma d\u00e9cada de experi\u00eancia\u00a0<\/b><\/p>\n<p><span style=\"font-weight: 400\">Ponta Grossa possui uma trajet\u00f3ria de mais de dez anos na implementa\u00e7\u00e3o de iniciativas voltadas \u00e0 reflex\u00e3o e responsabiliza\u00e7\u00e3o de homens autores de viol\u00eancia. Um dos principais marcos dessa hist\u00f3ria foi o projeto desenvolvido pela UEPG pelo N\u00facleo de Estudos da Viol\u00eancia Dom\u00e9stica e Familiar contra a Mulher (Nevicom).<\/span><\/p>\n<p><span style=\"font-weight: 400\">A iniciativa teve seu primeiro ciclo de atendimento em grupo com homens encaminhados pela Justi\u00e7a, em 2013. O trabalho reuniu profissionais e acad\u00eamicos de diferentes \u00e1reas e abordou temas relacionados \u00e0 viol\u00eancia dom\u00e9stica, g\u00eanero, machismo, responsabiliza\u00e7\u00e3o e direitos humanos. Atualmente, o Nevicom atua no desenvolvimento de a\u00e7\u00f5es voltadas para a extens\u00e3o, pesquisa e ensino.\u00a0<\/span><\/p>\n<p><span style=\"font-weight: 400\">Durante a mesa, a ju\u00edza Alessandra Pimentel, do 1\u00ba Juizado de Viol\u00eancia Dom\u00e9stica de Ponta Grossa, destacou a import\u00e2ncia da experi\u00eancia constru\u00edda pelo munic\u00edpio ao longo dos anos. Para ela, a continuidade dessas iniciativas \u00e9 fundamental para consolidar o atendimento aos autores de viol\u00eancia como uma pol\u00edtica permanente. \u201cO desafio \u00e9 fazer com que essa experi\u00eancia se consolide e permane\u00e7a como uma pol\u00edtica estruturada, para que o enfrentamento \u00e0 viol\u00eancia n\u00e3o dependa apenas da atua\u00e7\u00e3o de uma pessoa ou de um projeto espec\u00edfico\u201d, destacou. A participante do evento, Kesya Martins, relatou uma esperan\u00e7a em interven\u00e7\u00f5es como essa. \u201cEu n\u00e3o tinha conhecimento sobre esse tipo de grupo. Embora a dor de uma viol\u00eancia dom\u00e9stica n\u00e3o seja revertida, os grupos podem ajudar em uma poss\u00edvel reeduca\u00e7\u00e3o\u201d, refletiu.<\/span><\/p>\n<pre><span style=\"font-weight: 400\">\u00a0<\/span><\/pre>\n<p><b>Transformar projetos em pol\u00edtica p\u00fablica<\/b><\/p>\n<p><span style=\"font-weight: 400\">O psic\u00f3logo jur\u00eddico Adriano Beiras destacou que a exist\u00eancia de grupos reflexivos precisa estar acompanhada de estrutura, financiamento e profissionais capacitados. Segundo ele, experi\u00eancias que dependem exclusivamente de volunt\u00e1rios ou projetos tempor\u00e1rios podem enfrentar dificuldades para manter um atendimento cont\u00ednuo e adequado. \u201cQuando a pol\u00edtica p\u00fablica existe, voc\u00ea tem or\u00e7amento, profissionais remunerados, capacita\u00e7\u00e3o e continuidade. Isso evita a improvisa\u00e7\u00e3o e permite que o trabalho seja feito com qualidade\u201d, explicou.<\/span><\/p>\n<p><span style=\"font-weight: 400\">A preocupa\u00e7\u00e3o est\u00e1 relacionada tamb\u00e9m \u00e0 falta de capacita\u00e7\u00e3o identificada em diferentes experi\u00eancias nacionais. Segundo informa\u00e7\u00f5es do Grupo Margens, da Universidade Federal de Santa Catarina (UFSC), e do<\/span><a href=\"https:\/\/margens.ufsc.br\/files\/2025\/08\/Homens-Viol%C3%AAncias-e-Pol%C3%ADticas-P%C3%BAblicas.pdf\"><span style=\"font-weight: 400\"> Guia Pr\u00e1tico dos Grupos Reflexivos para Homens Autores de Viol\u00eancia,<\/span><\/a><span style=\"font-weight: 400\"> a aus\u00eancia de forma\u00e7\u00e3o adequada pode resultar em sobrecarga profissional, uso inadequado de volunt\u00e1rios, abordagens sem preparo e falta de supervis\u00e3o cont\u00ednua. \u201cN\u00e3o adianta criar um grupo e achar que ele vai funcionar sozinho. \u00c9 necess\u00e1rio ter metodologia, supervis\u00e3o, forma\u00e7\u00e3o e acompanhamento. A pol\u00edtica precisa existir independentemente de quem esteja ocupando determinado cargo\u201d, afirmou.<\/span><\/p>\n<pre><span style=\"font-weight: 400\">\u00a0<\/span><\/pre>\n<p><b>Baixa reincid\u00eancia evidencia a import\u00e2ncia dos grupos reflexivos\u00a0<\/b><\/p>\n<p><span style=\"font-weight: 400\">A preven\u00e7\u00e3o da reincid\u00eancia \u00e9 um dos principais objetivos dos grupos reflexivos. Durante a palestra, o professor Adriano Beiras destacou dados sobre a redu\u00e7\u00e3o desse \u00edndice entre homens que participam das iniciativas. Segundo<\/span><a href=\"https:\/\/www.tjsc.jus.br\/web\/imprensa\/-\/grupos-reflexivos-para-homens-autores-de-violencia-contra-mulher-reduzem-reincidencia?utm_source=chatgpt.com\"><span style=\"font-weight: 400\"> informa\u00e7\u00f5es divulgadas pelo Tribunal de Justi\u00e7a de Santa Catarina<\/span><\/a><span style=\"font-weight: 400\"> (TJSC), o \u00edndice geral de reincid\u00eancia entre homens autuados no \u00e2mbito da Lei Maria da Penha chega a 50%, enquanto, entre aqueles que participam dos grupos reflexivos, o percentual cai para 10%.\u00a0<\/span><\/p>\n<p><span style=\"font-weight: 400\">Os resultados refor\u00e7am a import\u00e2ncia de estrat\u00e9gias que n\u00e3o se limitem \u00e0 puni\u00e7\u00e3o. A proposta dos grupos \u00e9 trabalhar a responsabiliza\u00e7\u00e3o do autor e contribuir para a interrup\u00e7\u00e3o do ciclo de viol\u00eancia.<\/span><\/p>\n<pre><span style=\"font-weight: 400\">\u00a0<\/span><\/pre>\n<p><b>Uma semana de debates sobre viol\u00eancia intrafamiliar<\/b><\/p>\n<p><span style=\"font-weight: 400\">A mesa-redonda marcou o encerramento da II Semana de Enfrentamento \u00e0 Viol\u00eancia Intrafamiliar da UEPG, realizada entre os dias 10 e 17 de agosto, dentro das a\u00e7\u00f5es do Agosto Lil\u00e1s, que \u00e9 o m\u00eas de preven\u00e7\u00e3o e combate da viol\u00eancia contra a mulher. Ao longo de uma semana, a programa\u00e7\u00e3o reuniu profissionais, pesquisadores e estudantes para discutir diferentes formas de viol\u00eancia e os caminhos para seu enfrentamento.<\/span><\/p>\n<p><span style=\"font-weight: 400\">A abertura, no dia 10, foi realizada por meio de um webin\u00e1rio sobre viol\u00eancia intrafamiliar e rela\u00e7\u00f5es raciais. Entre os dias 12 e 14, foram realizadas seis oficinas presenciais no bloco A da UEPG central, com a tem\u00e1tica sobre viol\u00eancia contra mulheres, crian\u00e7as e adolescentes, pessoas idosas, pessoas com defici\u00eancia e popula\u00e7\u00e3o LGBTQIAP+.<\/span><\/p>\n<p><span style=\"font-weight: 400\">O encerramento levou ao Grande Audit\u00f3rio a discuss\u00e3o sobre os homens autores de viol\u00eancia dom\u00e9stica e o papel dos grupos reflexivos na interrup\u00e7\u00e3o do ciclo da viol\u00eancia. Ao reunir os cursos de Direito, Psicologia e Servi\u00e7o Social, a II Semana de Enfrentamento \u00e0 Viol\u00eancia Intrafamiliar ampliou a discuss\u00e3o sobre a viol\u00eancia para al\u00e9m da den\u00fancia dos casos. <\/span><\/p>\n<pre><span style=\"font-weight: 400\">\u00a0<\/span><\/pre>\n","protected":false},"excerpt":{"rendered":"<p>Mesa-redonda encerrou a II Semana de Enfrentamento \u00e0 Viol\u00eancia Intrafamiliar da UEPG e debateu responsabiliza\u00e7\u00e3o, preven\u00e7\u00e3o da reincid\u00eancia e pol\u00edticas p\u00fablicas Por: Lorena Santana e Lucas Barbato\u00a0 A atua\u00e7\u00e3o de grupos reflexivos para homens autores de viol\u00eancia dom\u00e9stica foi tema da mesa-redonda que encerrou, na noite do \u00faltimo dia 17, a II Semana de Enfrentamento&nbsp;&hellip;<\/p>\n","protected":false},"author":846,"featured_media":7419,"comment_status":"closed","ping_status":"open","sticky":true,"template":"","format":"standard","meta":[],"categories":[40,287,48,2,39],"tags":[44,62],"_links":{"self":[{"href":"https:\/\/www2.uepg.br\/elos\/wp-json\/wp\/v2\/posts\/7418"}],"collection":[{"href":"https:\/\/www2.uepg.br\/elos\/wp-json\/wp\/v2\/posts"}],"about":[{"href":"https:\/\/www2.uepg.br\/elos\/wp-json\/wp\/v2\/types\/post"}],"author":[{"embeddable":true,"href":"https:\/\/www2.uepg.br\/elos\/wp-json\/wp\/v2\/users\/846"}],"replies":[{"embeddable":true,"href":"https:\/\/www2.uepg.br\/elos\/wp-json\/wp\/v2\/comments?post=7418"}],"version-history":[{"count":1,"href":"https:\/\/www2.uepg.br\/elos\/wp-json\/wp\/v2\/posts\/7418\/revisions"}],"predecessor-version":[{"id":7420,"href":"https:\/\/www2.uepg.br\/elos\/wp-json\/wp\/v2\/posts\/7418\/revisions\/7420"}],"wp:featuredmedia":[{"embeddable":true,"href":"https:\/\/www2.uepg.br\/elos\/wp-json\/wp\/v2\/media\/7419"}],"wp:attachment":[{"href":"https:\/\/www2.uepg.br\/elos\/wp-json\/wp\/v2\/media?parent=7418"}],"wp:term":[{"taxonomy":"category","embeddable":true,"href":"https:\/\/www2.uepg.br\/elos\/wp-json\/wp\/v2\/categories?post=7418"},{"taxonomy":"post_tag","embeddable":true,"href":"https:\/\/www2.uepg.br\/elos\/wp-json\/wp\/v2\/tags?post=7418"}],"curies":[{"name":"wp","href":"https:\/\/api.w.org\/{rel}","templated":true}]}}