{"id":7425,"date":"2026-08-31T17:50:30","date_gmt":"2026-08-31T20:50:30","guid":{"rendered":"https:\/\/www2.uepg.br\/elos\/?p=7425"},"modified":"2026-08-31T17:51:33","modified_gmt":"2026-08-31T20:51:33","slug":"novas-regras-da-cbv-proibem-a-participacao-de-atletas-trans-no-volei-feminino","status":"publish","type":"post","link":"https:\/\/www2.uepg.br\/elos\/novas-regras-da-cbv-proibem-a-participacao-de-atletas-trans-no-volei-feminino\/","title":{"rendered":"Novas regras da CBV pro\u00edbem a participa\u00e7\u00e3o de atletas trans no v\u00f4lei feminino"},"content":{"rendered":"<p style=\"text-align: center\"><i><span style=\"font-weight: 400\">Enquanto a <\/span><\/i><i><span style=\"font-weight: 400\">Confedera\u00e7\u00e3o Brasileira de Voleibol<\/span><\/i><i><span style=\"font-weight: 400\"> passa a exigir teste gen\u00e9tico e sexo biol\u00f3gico para a categoria feminina, revis\u00f5es m\u00e9dicas apontam aus\u00eancia de vantagem esportiva para atletas trans<\/span><\/i><\/p>\n<pre style=\"text-align: right\"><i><span style=\"font-weight: 400\">por Leonardo Correia\r\n<\/span><\/i><\/pre>\n<p><span style=\"font-weight: 400\">A Confedera\u00e7\u00e3o Brasileira de Voleibol (CBV) passa a adotar em suas competi\u00e7\u00f5es nacionais de quadra e praia os crit\u00e9rios da nova pol\u00edtica do Comit\u00ea Ol\u00edmpico Internacional (COI), para a elegibilidade na categoria feminina. A medida restringe a participa\u00e7\u00e3o a atletas trans e estabelece a realiza\u00e7\u00e3o de triagem gen\u00e9tica para identificar a presen\u00e7a do gene SRY, associado ao desenvolvimento sexual masculino.\u00a0<\/span><\/p>\n<p><span style=\"font-weight: 400\">A mudan\u00e7a substitui os crit\u00e9rios anteriores da CBV, que permitiam a participa\u00e7\u00e3o de mulheres trans mediante a manuten\u00e7\u00e3o dos n\u00edveis de testosterona abaixo de 5 nmol\/L. A nova regra afeta as competi\u00e7\u00f5es nacionais organizadas pela CBV, como a Superliga, a Copa Brasil e a Supercopa, a partir da temporada 2026\/2027. A aplica\u00e7\u00e3o da nova pol\u00edtica em competi\u00e7\u00f5es estaduais ainda precisa ser esclarecida pelas respectivas federa\u00e7\u00f5es.\u00a0<\/span><\/p>\n<p><span style=\"font-weight: 400\">Para a levantadora do FluxoVolley, Stella Dmenjon, a mudan\u00e7a pode representar o fim de sua trajet\u00f3ria competitiva no v\u00f4lei feminino. \u201cSe todos os campeonatos seguirem essa normativa, ser\u00e1 a minha aposentadoria do voleibol competindo\u201d, lamenta. A atleta, por\u00e9m, diz que continuar\u00e1 praticando o esporte. \u201cJamais vou deixar de praticar o voleibol, porque \u00e9 um esporte que amo, mas se eu for impedida de competir nas ligas femininas, me despe\u00e7o das competi\u00e7\u00f5es, me sentiria muito humilhada em jogar no masculino\u201d, relata.\u00a0<\/span><\/p>\n<p><span style=\"font-weight: 400\">A mudan\u00e7a ocorre meses ap\u00f3s o caso de Tifanny Abreu, que tamb\u00e9m colocou em evid\u00eancia a participa\u00e7\u00e3o de mulheres trans no v\u00f4lei paranaense. Em fevereiro, a participa\u00e7\u00e3o de Tifanny Abreu na Copa Brasil de V\u00f4lei, em Londrina, gerou contesta\u00e7\u00e3o ap\u00f3s a C\u00e2mara Municipal aprovar veto \u00e0 atleta com base na Lei Municipal n\u00ba 13.770\/2024 que restringe a participa\u00e7\u00e3o de atletas que n\u00e3o se identificam com o sexo biol\u00f3gico. Em resposta, a Confedera\u00e7\u00e3o Brasileira de Voleibol CBV acionou a Justi\u00e7a, e decis\u00f5es do Tribunal de Justi\u00e7a do Paran\u00e1 e do Supremo Tribunal Federal (STF) garantiram a presen\u00e7a da jogadora no torneio.<\/span><\/p>\n<p><span style=\"font-weight: 400\">Para Stella, o v\u00f4lei \u00e9 mais do que um esporte. \u00c9 o lugar onde ela encontra liberdade. A atleta come\u00e7ou a praticar v\u00f4lei de quadra em 2009, em C\u00e2ndido de Abreu, sua cidade natal. Anos depois, j\u00e1 em Ponta Grossa, passou a disputar campeonatos masculinos \u201cO v\u00f4lei \u00e9 onde eu consigo me expressar, me sinto melhor, e ensinou tudo na minha vida. Me ensinou a ter empatia, lideran\u00e7a e saber escutar\u201d, conta Stella.\u00a0<\/span><\/p>\n<p><span style=\"font-weight: 400\">A atleta deixou de competir em 2019, deu in\u00edcio \u00e0 sua transi\u00e7\u00e3o de g\u00eanero em 2021 e retornou \u00e0s quadras em 2022. No ano seguinte, ainda integrando equipes masculinas, percebeu dificuldades para acompanhar a velocidade e a for\u00e7a exigidas na categoria. Stella, ent\u00e3o, passou a atuar na comiss\u00e3o t\u00e9cnica. Em 2025, iniciou oficialmente sua participa\u00e7\u00e3o em equipes femininas.\u00a0<\/span><\/p>\n<p><span style=\"font-weight: 400\">A mudan\u00e7a de categoria, segundo ela, n\u00e3o foi marcada por dificuldades de acolhimento. \u201cN\u00e3o tive dificuldades para me inserir no feminino e fui bem aceita\u201d, afirma. O principal obst\u00e1culo que ela enfrentou fora das quadras foi a burocracia. \u201cO mais complicado foi a parte documental, por causa da retifica\u00e7\u00e3o do nome\u201d, reclama. A retifica\u00e7\u00e3o de nome e g\u00eanero pode ser realizada diretamente em Cart\u00f3rio de Registro Civil de Pessoas Naturais, sem a necessidade de processo judicial, advogado ou cirurgia, conforme regulamenta\u00e7\u00e3o do Conselho Nacional de Justi\u00e7a.\u00a0<\/span><\/p>\n<div id=\"attachment_7427\" style=\"width: 412px\" class=\"wp-caption aligncenter\"><img aria-describedby=\"caption-attachment-7427\" loading=\"lazy\" class=\" wp-image-7427\" src=\"https:\/\/www2.uepg.br\/elos\/wp-content\/uploads\/sites\/285\/2026\/08\/IMG_20260813_192449_739-682x1024.jpg\" alt=\"\" width=\"402\" height=\"603\" srcset=\"https:\/\/www2.uepg.br\/elos\/wp-content\/uploads\/sites\/285\/2026\/08\/IMG_20260813_192449_739-682x1024.jpg 682w, https:\/\/www2.uepg.br\/elos\/wp-content\/uploads\/sites\/285\/2026\/08\/IMG_20260813_192449_739-200x300.jpg 200w, https:\/\/www2.uepg.br\/elos\/wp-content\/uploads\/sites\/285\/2026\/08\/IMG_20260813_192449_739-768x1152.jpg 768w, https:\/\/www2.uepg.br\/elos\/wp-content\/uploads\/sites\/285\/2026\/08\/IMG_20260813_192449_739-1024x1536.jpg 1024w, https:\/\/www2.uepg.br\/elos\/wp-content\/uploads\/sites\/285\/2026\/08\/IMG_20260813_192449_739-720x1080.jpg 720w, https:\/\/www2.uepg.br\/elos\/wp-content\/uploads\/sites\/285\/2026\/08\/IMG_20260813_192449_739.jpg 1179w\" sizes=\"(max-width: 402px) 100vw, 402px\" \/><p id=\"caption-attachment-7427\" class=\"wp-caption-text\">Foto: Arquivo Pessoal<\/p><\/div>\n<p><b>Situa\u00e7\u00e3o no Paran\u00e1<\/b><\/p>\n<pre style=\"text-align: right\"><i><span style=\"font-weight: 400\">\u00a0<\/span><\/i><\/pre>\n<p><span style=\"font-weight: 400\">A Federa\u00e7\u00e3o Paranaense de Voleibol (FPV) esclareceu em nota a reportagem que seguia os crit\u00e9rios antigos estabelecidos pela Confedera\u00e7\u00e3o Brasileira de Voleibol (CBV) para a participa\u00e7\u00e3o de atletas trans em competi\u00e7\u00f5es femininas. De acordo com a regulamenta\u00e7\u00e3o, a atleta deveria comprovar que manteve o n\u00edvel total de testosterona no sangue abaixo de 1,44 nanogramas por mililitro (ou 5 nmol\/L) por pelo menos 12 meses antes da primeira competi\u00e7\u00e3o. Os exames precisavam ser realizados em laborat\u00f3rios credenciados por programas de qualidade reconhecidos pela Sociedade Brasileira de Patologia Cl\u00ednica ou pela Sociedade Brasileira de An\u00e1lises Cl\u00ednicas. O cumprimento dos crit\u00e9rios devia ser acompanhado por novos testes e caso as condi\u00e7\u00f5es n\u00e3o fossem mantidas, a elegibilidade para competi\u00e7\u00f5es femininas poderia ser suspensa por 12 meses.<\/span><\/p>\n<p><span style=\"font-weight: 400\">Stella explica que precisa manter os n\u00edveis hormonais dentro dos par\u00e2metros exigidos, o que \u00e9 uma preocupa\u00e7\u00e3o constante. \u201cAcho que o mais dif\u00edcil \u00e9 manter a taxa hormonal. Eu tomo minha medica\u00e7\u00e3o certinha, ent\u00e3o n\u00e3o vai acontecer. Mas \u00e9 um medo\u201d, afirma.\u00a0<\/span><\/p>\n<p><span style=\"font-weight: 400\">Na \u00faltima quinta-feira (27) a FPV publicou a Nota Oficial n\u00ba 138\/2026, na qual esclarece os crit\u00e9rios para a participa\u00e7\u00e3o de atletas transg\u00eanero nas competi\u00e7\u00f5es estaduais. Segundo a entidade, os campeonatos da temporada 2026 que j\u00e1 foram iniciados manter\u00e3o as condi\u00e7\u00f5es de participa\u00e7\u00e3o previstas nos regulamentos vigentes no momento de seu in\u00edcio. As atletas que obtiveram regularmente sua condi\u00e7\u00e3o de participa\u00e7\u00e3o continuar\u00e3o submetidas \u00e0s regras e aos procedimentos aplic\u00e1veis \u00e0s competi\u00e7\u00f5es em que est\u00e3o inscritas.<\/span><\/p>\n<p><span style=\"font-weight: 400\">Para a temporada 2027, a Federa\u00e7\u00e3o informa que dever\u00e1 adequar seus regulamentos \u00e0 pol\u00edtica de elegibilidade adotada pela CBV. A FPV utiliza o sistema de registro da Confedera\u00e7\u00e3o, respons\u00e1vel pela valida\u00e7\u00e3o nacional dos registros e pela an\u00e1lise de elegibilidade das atletas. Dessa forma, a Federa\u00e7\u00e3o estadual afirma que n\u00e3o estabelece isoladamente crit\u00e9rios m\u00e9dicos, hormonais ou laboratoriais para determinar a condi\u00e7\u00e3o de participa\u00e7\u00e3o.<\/span><\/p>\n<p><span style=\"font-weight: 400\">A entidade informou ainda que quatro atletas transg\u00eanero no Paran\u00e1 j\u00e1 tiveram seus registros e condi\u00e7\u00f5es de participa\u00e7\u00e3o validados pela CBV. Atualmente, uma delas permanece regularmente inscrita e participa do Campeonato Paranaense Adulto Feminino, cumprindo as exig\u00eancias de acompanhamento e envio peri\u00f3dico dos exames laboratoriais previstos na regulamenta\u00e7\u00e3o pela qual obteve sua condi\u00e7\u00e3o de participa\u00e7\u00e3o.<\/span><\/p>\n<p><span style=\"font-weight: 400\">A FPV tamb\u00e9m anunciou que pretende encaminhar \u00e0 CBV uma proposta de regra de transi\u00e7\u00e3o para atletas que j\u00e1 possu\u00edam registro e elegibilidade reconhecidos pela Confedera\u00e7\u00e3o antes da entrada em vigor da nova pol\u00edtica. A proposta prev\u00ea que essas atletas possam ter a condi\u00e7\u00e3o de participa\u00e7\u00e3o preservada, permanecendo submetidas \u00e0s exig\u00eancias m\u00e9dicas, laboratoriais e de acompanhamento que forem determinadas pela CBV.<\/span><\/p>\n<p><span style=\"font-weight: 400\">Segundo a Federa\u00e7\u00e3o, a proposta diferencia atletas que j\u00e1 tiveram sua elegibilidade oficialmente reconhecida pela CBV de novos pedidos de participa\u00e7\u00e3o. Com isso, novos processos n\u00e3o poderiam utilizar os crit\u00e9rios anteriores, enquanto as atletas previamente autorizadas poderiam ter sua condi\u00e7\u00e3o preservada. A decis\u00e3o sobre a ado\u00e7\u00e3o da regra de transi\u00e7\u00e3o cabe \u00e0 Confedera\u00e7\u00e3o Brasileira de Voleibol.<\/span><\/p>\n<p><span style=\"font-weight: 400\">A nota da\u00a0 FPV traz ainda\u00a0 que a proposta busca garantir seguran\u00e7a jur\u00eddica e considera situa\u00e7\u00f5es constitu\u00eddas sob regras que estavam anteriormente em vigor. A entidade tamb\u00e9m ressalta que a adequa\u00e7\u00e3o dos regulamentos para 2027 n\u00e3o representa, segundo seu posicionamento institucional, uma mudan\u00e7a em rela\u00e7\u00e3o \u00e0s pessoas transg\u00eaneros. A Federa\u00e7\u00e3o cita seu hist\u00f3rico de participa\u00e7\u00e3o no debate, incluindo a autoriza\u00e7\u00e3o de Isabelle Neris para disputar competi\u00e7\u00f5es femininas em 2017, antes da exist\u00eancia de uma regulamenta\u00e7\u00e3o nacional espec\u00edfica, e a primeira participa\u00e7\u00e3o de uma atleta trans no Campeonato Paranaense Adulto Feminino, em 2023.<\/span><\/p>\n<pre style=\"text-align: right\"><i><span style=\"font-weight: 400\">\u00a0<\/span><\/i><\/pre>\n<p><i><span style=\"font-weight: 400\">confira na \u00edntegra da nota da FPV <\/span><\/i><a href=\"https:\/\/voleiparana.com.br\/wp-content\/uploads\/2026\/08\/Nota-Oficial-138-2026-Presidencia-e-Registro-5.pdf\"><i><span style=\"font-weight: 400\">[AQUI]<\/span><\/i><\/a><i><\/i><\/p>\n<p>&nbsp;<\/p>\n<p><b>O que dizem os estudos\u00a0<\/b><i><\/i><\/p>\n<p>&nbsp;<\/p>\n<p><span style=\"font-weight: 400\">A m\u00e9dica Luna Marques, graduada pela Universidade Estadual de Ponta Grossa (UEPG), mulher trans e profissional da Unidade B\u00e1sica de Sa\u00fade Alfredo Levandoski, enfatiza que o debate sobre a presen\u00e7a de mulheres trans no esporte precisa considerar as evid\u00eancias cient\u00edficas. \u201cO principal ponto para desmontar os discursos de que mulheres trans t\u00eam vantagem \u00e9 o embasamento cient\u00edfico\u201d, pontua.\u00a0<\/span><\/p>\n<p><span style=\"font-weight: 400\">Uma revis\u00e3o sistem\u00e1tica publicada em 2026 no <\/span><i><span style=\"font-weight: 400\">British Journal of Sports Medicine<\/span><\/i><span style=\"font-weight: 400\"> analisou 52 estudos, envolvendo 6.485 participantes. Entre mulheres trans, os pesquisadores e as pesquisadoras encontraram resultados semelhantes aos de mulheres cisg\u00eanero em diferentes medidas de composi\u00e7\u00e3o corporal e aptid\u00e3o f\u00edsica. A revis\u00e3o concluiu que as evid\u00eancias dispon\u00edveis n\u00e3o sustentam a exist\u00eancia de uma vantagem esportiva generalizada para mulheres trans.\u00a0<\/span><\/p>\n<p><span style=\"font-weight: 400\">Segundo Luna, a terapia hormonal altera caracter\u00edsticas f\u00edsicas relacionadas \u00e0 testosterona. \u201cA pessoa come\u00e7a bloqueando a testosterona e faz a reposi\u00e7\u00e3o com horm\u00f4nio feminino, com estrog\u00eanio, e o corpo responde aos horm\u00f4nios que est\u00e3o chegando\u201d, explica. A m\u00e9dica tamb\u00e9m chama a aten\u00e7\u00e3o para a pr\u00f3pria diversidade existente entre mulheres cisg\u00eanero. \u201cA gente pode desmontar o discurso porque tamb\u00e9m existem mulheres cis mais fortes e mais fracas. N\u00e3o depende se \u00e9 trans ou n\u00e3o, e isso \u00e9 definido nos estudos cient\u00edficos\u201d, afirma.\u00a0<\/span><\/p>\n<p><span style=\"font-weight: 400\">A trajet\u00f3ria de Stella mostra uma experi\u00eancia marcada pela inser\u00e7\u00e3o no v\u00f4lei feminino sem dificuldades de acolhimento, mas que agora passa a ser atravessada pela incerteza diante das novas regras. Para ela, a possibilidade de competir est\u00e1 relacionada tamb\u00e9m ao direito de ocupar um espa\u00e7o que fez parte de sua vida antes mesmo da transi\u00e7\u00e3o. \u201cEu conquistei esse direito\u201d, finaliza.\u00a0<\/span><\/p>\n","protected":false},"excerpt":{"rendered":"<p>Enquanto a Confedera\u00e7\u00e3o Brasileira de Voleibol passa a exigir teste gen\u00e9tico e sexo biol\u00f3gico para a categoria feminina, revis\u00f5es m\u00e9dicas apontam aus\u00eancia de vantagem esportiva para atletas trans por Leonardo Correia A Confedera\u00e7\u00e3o Brasileira de Voleibol (CBV) passa a adotar em suas competi\u00e7\u00f5es nacionais de quadra e praia os crit\u00e9rios da nova pol\u00edtica do Comit\u00ea&nbsp;&hellip;<\/p>\n","protected":false},"author":846,"featured_media":7427,"comment_status":"closed","ping_status":"open","sticky":true,"template":"","format":"standard","meta":[],"categories":[40,289,41,287],"tags":[325,242,324],"_links":{"self":[{"href":"https:\/\/www2.uepg.br\/elos\/wp-json\/wp\/v2\/posts\/7425"}],"collection":[{"href":"https:\/\/www2.uepg.br\/elos\/wp-json\/wp\/v2\/posts"}],"about":[{"href":"https:\/\/www2.uepg.br\/elos\/wp-json\/wp\/v2\/types\/post"}],"author":[{"embeddable":true,"href":"https:\/\/www2.uepg.br\/elos\/wp-json\/wp\/v2\/users\/846"}],"replies":[{"embeddable":true,"href":"https:\/\/www2.uepg.br\/elos\/wp-json\/wp\/v2\/comments?post=7425"}],"version-history":[{"count":1,"href":"https:\/\/www2.uepg.br\/elos\/wp-json\/wp\/v2\/posts\/7425\/revisions"}],"predecessor-version":[{"id":7428,"href":"https:\/\/www2.uepg.br\/elos\/wp-json\/wp\/v2\/posts\/7425\/revisions\/7428"}],"wp:featuredmedia":[{"embeddable":true,"href":"https:\/\/www2.uepg.br\/elos\/wp-json\/wp\/v2\/media\/7427"}],"wp:attachment":[{"href":"https:\/\/www2.uepg.br\/elos\/wp-json\/wp\/v2\/media?parent=7425"}],"wp:term":[{"taxonomy":"category","embeddable":true,"href":"https:\/\/www2.uepg.br\/elos\/wp-json\/wp\/v2\/categories?post=7425"},{"taxonomy":"post_tag","embeddable":true,"href":"https:\/\/www2.uepg.br\/elos\/wp-json\/wp\/v2\/tags?post=7425"}],"curies":[{"name":"wp","href":"https:\/\/api.w.org\/{rel}","templated":true}]}}