{"id":1443,"date":"2020-09-28T16:39:53","date_gmt":"2020-09-28T19:39:53","guid":{"rendered":"http:\/\/www2.uepg.br\/eri\/?p=1443"},"modified":"2021-03-09T13:28:26","modified_gmt":"2021-03-09T16:28:26","slug":"los-ods-y-su-vinculacion-con-la-academia","status":"publish","type":"post","link":"https:\/\/www2.uepg.br\/eri\/es\/los-ods-y-su-vinculacion-con-la-academia\/","title":{"rendered":"Taller participativo \u2013 Los ODS y su Vinculaci\u00f3n con la Academia"},"content":{"rendered":"<p><span style=\"color: #000000\">En el marco de la Conmemoraci\u00f3n de la aprobaci\u00f3n de los ODS en la Asamblea General de las Naciones Unidas (25 de septiembre del 2015) la <a href=\"http:\/\/uni.edu.py\/2020\/09\/26\/taller-participativo-los-ods-y-su-vinculacion-con-la-academia\/?fbclid=IwAR3fkjlpMj6vVwIEzmlbr07VLmWZ4fik26-TWXDcYJSJKKfP87v9MO8FLag\">Universidad Nacional de Itap\u00faa<\/a> presenta el Taller participativo &#8220;<em><strong>Los ODS y su vinculaci\u00f3n con la Academia<\/strong><\/em>&#8220;, previsto para el mi\u00e9rcoles <strong>30 de septiembre de 14:00 a 15:00 en modalidad virtual.<\/strong><\/span><\/p>\n<p><span style=\"color: #000000\">El taller tiene como objetivo central <em>establecer la vinculaci\u00f3n entre las actividades Acad\u00e9micas, de Extensi\u00f3n, \u00a0e Investigaci\u00f3n \u00a0y los Objetivos de Desarrollo Sostenible<\/em> como objetivos espec\u00edficos: Conocer el alcance de las ODS; Identificar las ODS que se vinculan con la academia; Relacionar las ODS con las actividades de Investigaci\u00f3n y Extensi\u00f3n y el impacto que generan.<\/span><\/p>\n<p><span style=\"color: #000000\">El instructor ser\u00e1 el Ing. H\u00e9ctor Corrales, quien actualmente es\u00a0Punto focal pa\u00eds del ODS 12 ante la ONU y\u00a0Coordinador del Comit\u00e9 ODS 12 Paraguay.<\/span><\/p>\n<p><span style=\"color: #000000\">Los Objetivos de Desarrollo Sostenible son una gu\u00eda, un mapa que permitir\u00e1 a las empresas o instituciones identificar si su impacto social, econ\u00f3mico y medioambiental aporta valor a la sociedad, y en consecuencia fortalecer su reputaci\u00f3n y sus relaciones con los distintos grupos de inter\u00e9s.\u00a0\u00a0<\/span><\/p>\n<div><span style=\"color: #000000\">Los interesados pueden registrarse en el enlace:\u00a0<a href=\"https:\/\/forms.gle\/Ru4eyzYg3hJTMYN99\">https:\/\/forms.gle\/Ru4eyzYg3hJTMYN99<\/a><\/span><\/div>\n","protected":false},"excerpt":{"rendered":"<p>En el marco de la Conmemoraci\u00f3n de la aprobaci\u00f3n de los ODS en la Asamblea General de las Naciones Unidas (25 de septiembre del 2015) la Universidad Nacional de Itap\u00faa presenta el Taller participativo &#8220;Los ODS y su vinculaci\u00f3n con la Academia&#8220;, previsto para el mi\u00e9rcoles 30 de septiembre de 14:00 a 15:00 en modalidad&nbsp;&hellip;<\/p>\n","protected":false},"author":135,"featured_media":1447,"comment_status":"closed","ping_status":"open","sticky":false,"template":"","format":"standard","meta":[],"categories":[14],"tags":[],"_links":{"self":[{"href":"https:\/\/www2.uepg.br\/eri\/wp-json\/wp\/v2\/posts\/1443"}],"collection":[{"href":"https:\/\/www2.uepg.br\/eri\/wp-json\/wp\/v2\/posts"}],"about":[{"href":"https:\/\/www2.uepg.br\/eri\/wp-json\/wp\/v2\/types\/post"}],"author":[{"embeddable":true,"href":"https:\/\/www2.uepg.br\/eri\/wp-json\/wp\/v2\/users\/135"}],"replies":[{"embeddable":true,"href":"https:\/\/www2.uepg.br\/eri\/wp-json\/wp\/v2\/comments?post=1443"}],"version-history":[{"count":4,"href":"https:\/\/www2.uepg.br\/eri\/wp-json\/wp\/v2\/posts\/1443\/revisions"}],"predecessor-version":[{"id":1451,"href":"https:\/\/www2.uepg.br\/eri\/wp-json\/wp\/v2\/posts\/1443\/revisions\/1451"}],"wp:featuredmedia":[{"embeddable":true,"href":"https:\/\/www2.uepg.br\/eri\/wp-json\/wp\/v2\/media\/1447"}],"wp:attachment":[{"href":"https:\/\/www2.uepg.br\/eri\/wp-json\/wp\/v2\/media?parent=1443"}],"wp:term":[{"taxonomy":"category","embeddable":true,"href":"https:\/\/www2.uepg.br\/eri\/wp-json\/wp\/v2\/categories?post=1443"},{"taxonomy":"post_tag","embeddable":true,"href":"https:\/\/www2.uepg.br\/eri\/wp-json\/wp\/v2\/tags?post=1443"}],"curies":[{"name":"wp","href":"https:\/\/api.w.org\/{rel}","templated":true}]}}