{"id":6967,"date":"2025-03-17T13:48:48","date_gmt":"2025-03-17T16:48:48","guid":{"rendered":"https:\/\/www2.uepg.br\/eri\/?p=6967"},"modified":"2025-03-17T13:48:48","modified_gmt":"2025-03-17T16:48:48","slug":"missao-dos-japoneses-2025-chega-na-uepg-nesta-sexta-feira","status":"publish","type":"post","link":"https:\/\/www2.uepg.br\/eri\/missao-dos-japoneses-2025-chega-na-uepg-nesta-sexta-feira\/","title":{"rendered":"Miss\u00e3o dos Japoneses 2025 chega na UEPG nesta sexta-feira"},"content":{"rendered":"<p><img loading=\"lazy\" class=\"alignnone size-full wp-image-6968\" src=\"http:\/\/www2.uepg.br\/eri\/wp-content\/uploads\/sites\/52\/2025\/03\/WhatsApp-Image-2025-03-14-at-3.33.06-PM.jpeg\" alt=\"\" width=\"1080\" height=\"1500\" \/><\/p>\n<p>Nessa sexta-feira (21), a Miss\u00e3o dos Japoneses, evento organizado pela Secretaria da Ci\u00eancia, Tecnologia e Ensino Superior do Paran\u00e1, estar\u00e1 na UEPG. A miss\u00e3o come\u00e7ou no dia 15 de mar\u00e7o, e tem como foco principal a Tecnologia de Alimentos e percorrer\u00e1 sete universidades paranaenses.<\/p>\n<p>Durante o evento, pesquisadores da UEPG apresentar\u00e3o semin\u00e1rios em conjunto com os pesquisadores japoneses sobre suas respectivas \u00e1reas, descritas na programa\u00e7\u00e3o da Miss\u00e3o.<\/p>\n<p>Confira a programa\u00e7\u00e3o completa e acompanhe os semin\u00e1rios ao vivo, que ser\u00e3o realizados no Audit\u00f3rio do NUTEAD, localizado na R. Dr. Ant\u00f4nio Russo, 28 &#8211; Oficinas. Ah, e n\u00e3o precisa de inscri\u00e7\u00e3o: \u00e9 s\u00f3 chegar e assistir.<\/p>\n<p>Participe e fique por dentro das novidades e discuss\u00f5es sobre tecnologia e inova\u00e7\u00e3o na \u00e1rea de Alimentos!<\/p>\n","protected":false},"excerpt":{"rendered":"<p>Nessa sexta-feira (21), a Miss\u00e3o dos Japoneses, evento organizado pela Secretaria da Ci\u00eancia, Tecnologia e Ensino Superior do Paran\u00e1, estar\u00e1 na UEPG. A miss\u00e3o come\u00e7ou no dia 15 de mar\u00e7o, e tem como foco principal a Tecnologia de Alimentos e percorrer\u00e1 sete universidades paranaenses. Durante o evento, pesquisadores da UEPG apresentar\u00e3o semin\u00e1rios em conjunto com&nbsp;&hellip;<\/p>\n","protected":false},"author":699,"featured_media":0,"comment_status":"closed","ping_status":"open","sticky":false,"template":"","format":"standard","meta":[],"categories":[2,68],"tags":[],"_links":{"self":[{"href":"https:\/\/www2.uepg.br\/eri\/wp-json\/wp\/v2\/posts\/6967"}],"collection":[{"href":"https:\/\/www2.uepg.br\/eri\/wp-json\/wp\/v2\/posts"}],"about":[{"href":"https:\/\/www2.uepg.br\/eri\/wp-json\/wp\/v2\/types\/post"}],"author":[{"embeddable":true,"href":"https:\/\/www2.uepg.br\/eri\/wp-json\/wp\/v2\/users\/699"}],"replies":[{"embeddable":true,"href":"https:\/\/www2.uepg.br\/eri\/wp-json\/wp\/v2\/comments?post=6967"}],"version-history":[{"count":1,"href":"https:\/\/www2.uepg.br\/eri\/wp-json\/wp\/v2\/posts\/6967\/revisions"}],"predecessor-version":[{"id":6969,"href":"https:\/\/www2.uepg.br\/eri\/wp-json\/wp\/v2\/posts\/6967\/revisions\/6969"}],"wp:attachment":[{"href":"https:\/\/www2.uepg.br\/eri\/wp-json\/wp\/v2\/media?parent=6967"}],"wp:term":[{"taxonomy":"category","embeddable":true,"href":"https:\/\/www2.uepg.br\/eri\/wp-json\/wp\/v2\/categories?post=6967"},{"taxonomy":"post_tag","embeddable":true,"href":"https:\/\/www2.uepg.br\/eri\/wp-json\/wp\/v2\/tags?post=6967"}],"curies":[{"name":"wp","href":"https:\/\/api.w.org\/{rel}","templated":true}]}}