{"id":7631,"date":"2026-04-23T09:30:48","date_gmt":"2026-04-23T12:30:48","guid":{"rendered":"https:\/\/www2.uepg.br\/eri\/?p=7631"},"modified":"2026-04-23T09:38:59","modified_gmt":"2026-04-23T12:38:59","slug":"biblioteca-recebe-acervo-de-livros-em-evento-que-celebra-boas-relacoes-entre-uepg-e-japao","status":"publish","type":"post","link":"https:\/\/www2.uepg.br\/eri\/biblioteca-recebe-acervo-de-livros-em-evento-que-celebra-boas-relacoes-entre-uepg-e-japao\/","title":{"rendered":"Biblioteca recebe acervo de livros em evento que celebra boas rela\u00e7\u00f5es entre UEPG e Jap\u00e3o"},"content":{"rendered":"<p>A Universidade Estadual de Ponta Grossa (UEPG) e Jap\u00e3o celebraram hoje (22) as boas rela\u00e7\u00f5es em um evento realizado no Campus Uvaranas. Apresenta\u00e7\u00f5es culturais e uma doa\u00e7\u00e3o de 175 livros sobre a cultura japonesa para a Biblioteca Central foram os marcos do evento, que contou com a presen\u00e7a do C\u00f4nsul-geral do Jap\u00e3o, Yasuhiro Mitsui. Al\u00e9m disso, o evento teve um momento simb\u00f3lico de plantio das cerejeiras da esp\u00e9cie Sakura (\u685c),\u00a0<em>Prunus serrulata<\/em>, que simbolizam a uni\u00e3o e o florescer das rela\u00e7\u00f5es entre UEPG e Jap\u00e3o.<span class=\"Apple-converted-space\">\u00a0<\/span><\/p>\n<p><a role=\"link\" href=\"https:\/\/www.uepg.br\/wp-content\/uploads\/2026\/04\/read-japan-Aline-Jasper-BAIXA_16.jpg\"><img loading=\"lazy\" class=\"alignleft wp-image-113935 lazyloaded\" src=\"https:\/\/www.uepg.br\/wp-content\/uploads\/2026\/04\/read-japan-Aline-Jasper-BAIXA_16.jpg\" alt=\"\" width=\"428\" height=\"285\" data-srcset=\"https:\/\/www.uepg.br\/wp-content\/uploads\/2026\/04\/read-japan-Aline-Jasper-BAIXA_16.jpg 1920w, https:\/\/www.uepg.br\/wp-content\/uploads\/2026\/04\/read-japan-Aline-Jasper-BAIXA_16-300x200.jpg 300w, https:\/\/www.uepg.br\/wp-content\/uploads\/2026\/04\/read-japan-Aline-Jasper-BAIXA_16-1024x683.jpg 1024w, https:\/\/www.uepg.br\/wp-content\/uploads\/2026\/04\/read-japan-Aline-Jasper-BAIXA_16-768x512.jpg 768w, https:\/\/www.uepg.br\/wp-content\/uploads\/2026\/04\/read-japan-Aline-Jasper-BAIXA_16-1536x1024.jpg 1536w, https:\/\/www.uepg.br\/wp-content\/uploads\/2026\/04\/read-japan-Aline-Jasper-BAIXA_16-1232x821.jpg 1232w, https:\/\/www.uepg.br\/wp-content\/uploads\/2026\/04\/read-japan-Aline-Jasper-BAIXA_16-1620x1080.jpg 1620w, https:\/\/www.uepg.br\/wp-content\/uploads\/2026\/04\/read-japan-Aline-Jasper-BAIXA_16-272x182.jpg 272w\" data-src=\"https:\/\/www.uepg.br\/wp-content\/uploads\/2026\/04\/read-japan-Aline-Jasper-BAIXA_16.jpg\" data-sizes=\"(max-width: 428px) 100vw, 428px\" \/><\/a>A doa\u00e7\u00e3o dos livros integra o projeto Read Japan, do Consulado do Jap\u00e3o. O objetivo da doa\u00e7\u00e3o \u00e9 apoiar o estudo e a pesquisa, promovendo maior entendimento entre os dois pa\u00edses. Este projeto \u00e9 administrado pela Funda\u00e7\u00e3o de T\u00f3quio, com apoio financeiro da Funda\u00e7\u00e3o Nippon. Uma funda\u00e7\u00e3o privada sem fins lucrativos criada em 1962 com o objetivo de realizar atividades filantr\u00f3picas, a\u00a0Nippon promove o Read Japan Project com o desejo de oferecer informa\u00e7\u00f5es de alta qualidade sobre o Jap\u00e3o \u00e0queles que possuem interesse pelo pa\u00eds. At\u00e9 o momento, j\u00e1 foram doados mais de 117 mil volumes para mais de 1.600 bibliotecas e institui\u00e7\u00f5es de pesquisa em mais de 150 pa\u00edses.<\/p>\n<p>O reitor da UEPG, professor Miguel Sanches Neto, comemorou a parceria. \u201cEssa cole\u00e7\u00e3o \u00e9 a ess\u00eancia do saber. Uma cultura tem que ter como centro o que j\u00e1 foi produzido sobre esse pa\u00eds. O que estamos vivendo \u00e9 um encontro da fun\u00e7\u00e3o da biblioteca, com os leitores e com um projeto de internacionaliza\u00e7\u00e3o\u201d, defende o reitor. A diretora da Biblioteca Central da UEPG, Maria L\u00facia Madruga, complementa: \u201cao tratarmos a Biblioteca como universo do conhecimento, garantimos que o conhecimento conecte a totalidade do saber\u201d.<\/p>\n<p>A diretora do Escrit\u00f3rio de Rela\u00e7\u00f5es Internacionais (ERI), professora Sulany Silveira dos Santos, comemora a consolida\u00e7\u00e3o dessa rela\u00e7\u00e3o. \u201cTemos uma rela\u00e7\u00e3o estrat\u00e9gica, especialmente nas \u00e1reas da agricultura e da cultura. Essa doa\u00e7\u00e3o de livros \u00e9 para divulgar a cultura do Jap\u00e3o. Ent\u00e3o, consideramos um fortalecimento de rela\u00e7\u00f5es culturais, acad\u00eamicas e de pesquisa\u201d, explica Sulany. Gisele Onuki representou a Secretaria da Ci\u00eancia, Tecnologia e Inova\u00e7\u00e3o (Seti) e refor\u00e7ou a import\u00e2ncia do momento: \u201cesperamos que todos usufruam desse material in\u00e9dito e exclusivo. Dificilmente ter\u00edamos acesso, sen\u00e3o fosse atrav\u00e9s da Universidade\u201d.<span class=\"Apple-converted-space\">\u00a0<\/span><\/p>\n<p><a role=\"link\" href=\"https:\/\/www.uepg.br\/wp-content\/uploads\/2026\/04\/read-japan-Aline-Jasper-BAIXA_40.jpg\"><img loading=\"lazy\" class=\"wp-image-113955 alignright lazyloaded\" src=\"https:\/\/www.uepg.br\/wp-content\/uploads\/2026\/04\/read-japan-Aline-Jasper-BAIXA_40.jpg\" alt=\"\" width=\"419\" height=\"279\" data-srcset=\"https:\/\/www.uepg.br\/wp-content\/uploads\/2026\/04\/read-japan-Aline-Jasper-BAIXA_40.jpg 1920w, https:\/\/www.uepg.br\/wp-content\/uploads\/2026\/04\/read-japan-Aline-Jasper-BAIXA_40-300x200.jpg 300w, https:\/\/www.uepg.br\/wp-content\/uploads\/2026\/04\/read-japan-Aline-Jasper-BAIXA_40-1024x683.jpg 1024w, https:\/\/www.uepg.br\/wp-content\/uploads\/2026\/04\/read-japan-Aline-Jasper-BAIXA_40-768x512.jpg 768w, https:\/\/www.uepg.br\/wp-content\/uploads\/2026\/04\/read-japan-Aline-Jasper-BAIXA_40-1536x1024.jpg 1536w, https:\/\/www.uepg.br\/wp-content\/uploads\/2026\/04\/read-japan-Aline-Jasper-BAIXA_40-1232x821.jpg 1232w, https:\/\/www.uepg.br\/wp-content\/uploads\/2026\/04\/read-japan-Aline-Jasper-BAIXA_40-1620x1080.jpg 1620w, https:\/\/www.uepg.br\/wp-content\/uploads\/2026\/04\/read-japan-Aline-Jasper-BAIXA_40-272x182.jpg 272w\" data-src=\"https:\/\/www.uepg.br\/wp-content\/uploads\/2026\/04\/read-japan-Aline-Jasper-BAIXA_40.jpg\" data-sizes=\"(max-width: 419px) 100vw, 419px\" \/><\/a>O c\u00f4nsul Yasuhiro Mitsui agradeceu a realiza\u00e7\u00e3o do projeto. \u201cEstou muito feliz em cumprir esse projeto e feliz tamb\u00e9m porque gosto muito de Ponta Grossa. Esse projeto vai fortalecer os la\u00e7os entre o Jap\u00e3o e a Universidade\u201d, defendeu. O presidente honor\u00e1rio da Funda\u00e7\u00e3o Nippon, Yohei Sasakawa, enviou uma carta para agradecer a UEPG e refor\u00e7ou: \u201cque esfor\u00e7os cont\u00ednuos fortale\u00e7am a compreens\u00e3o m\u00fatua e os la\u00e7os de amizade entre nossas na\u00e7\u00f5es\u201d.<\/p>\n<p>O evento foi coroado com apresenta\u00e7\u00f5es culturais, como a Academia de Ikebana Sanguetsu. A ikebana \u00e9 a arte milenar de fazer arranjos usando flores e ramos naturais. Na cultura oriental, a ikebana \u00e9 entendida como um caminho, o caminho da flor, que traz o desenvolvimento da percep\u00e7\u00e3o e a evolu\u00e7\u00e3o dos sentimentos. A outra apresenta\u00e7\u00e3o foi do grupo Elos de Line Dance da Universidade Aberta da Terceira Idade (UATI). A coreografia Nagaiki samba (Samba da longevidade) foi realizada em homenagem ao Jap\u00e3o, cujo povo \u00e9 um dos mais longevos do mundo.<\/p>\n<div id=\"gallery-2\" class=\"gallery galleryid-113889 gallery-columns-3 gallery-size-medium\">\n<dl class=\"gallery-item\">\n<dt class=\"gallery-icon landscape\"><a role=\"link\" href=\"https:\/\/www.uepg.br\/japao-relacoes\/evento-eri-japao-andre-packer-1\/\"><img loading=\"lazy\" class=\"attachment-medium size-medium lazyloaded alignleft\" src=\"https:\/\/www.uepg.br\/wp-content\/uploads\/2026\/04\/Evento-ERI-Japao-Andre-Packer-1-300x200.jpg\" alt=\"\" width=\"300\" height=\"200\" data-srcset=\"https:\/\/www.uepg.br\/wp-content\/uploads\/2026\/04\/Evento-ERI-Japao-Andre-Packer-1-300x200.jpg 300w, https:\/\/www.uepg.br\/wp-content\/uploads\/2026\/04\/Evento-ERI-Japao-Andre-Packer-1-1024x683.jpg 1024w, https:\/\/www.uepg.br\/wp-content\/uploads\/2026\/04\/Evento-ERI-Japao-Andre-Packer-1-768x512.jpg 768w, https:\/\/www.uepg.br\/wp-content\/uploads\/2026\/04\/Evento-ERI-Japao-Andre-Packer-1-1536x1024.jpg 1536w, https:\/\/www.uepg.br\/wp-content\/uploads\/2026\/04\/Evento-ERI-Japao-Andre-Packer-1-1232x821.jpg 1232w, https:\/\/www.uepg.br\/wp-content\/uploads\/2026\/04\/Evento-ERI-Japao-Andre-Packer-1-1620x1080.jpg 1620w, https:\/\/www.uepg.br\/wp-content\/uploads\/2026\/04\/Evento-ERI-Japao-Andre-Packer-1-272x182.jpg 272w, https:\/\/www.uepg.br\/wp-content\/uploads\/2026\/04\/Evento-ERI-Japao-Andre-Packer-1-scaled.jpg 1920w\" data-src=\"https:\/\/www.uepg.br\/wp-content\/uploads\/2026\/04\/Evento-ERI-Japao-Andre-Packer-1-300x200.jpg\" data-sizes=\"(max-width: 300px) 100vw, 300px\" \/><\/a><\/dt>\n<\/dl>\n<dl class=\"gallery-item\">\n<dt class=\"gallery-icon landscape\"><img loading=\"lazy\" class=\"attachment-medium size-medium lazyloaded alignleft\" src=\"https:\/\/www.uepg.br\/wp-content\/uploads\/2026\/04\/Evento-ERI-Japao-Andre-Packer-7-300x200.jpg\" alt=\"\" width=\"300\" height=\"200\" data-srcset=\"https:\/\/www.uepg.br\/wp-content\/uploads\/2026\/04\/Evento-ERI-Japao-Andre-Packer-7-300x200.jpg 300w, https:\/\/www.uepg.br\/wp-content\/uploads\/2026\/04\/Evento-ERI-Japao-Andre-Packer-7-1024x683.jpg 1024w, https:\/\/www.uepg.br\/wp-content\/uploads\/2026\/04\/Evento-ERI-Japao-Andre-Packer-7-768x512.jpg 768w, https:\/\/www.uepg.br\/wp-content\/uploads\/2026\/04\/Evento-ERI-Japao-Andre-Packer-7-1536x1024.jpg 1536w, https:\/\/www.uepg.br\/wp-content\/uploads\/2026\/04\/Evento-ERI-Japao-Andre-Packer-7-1232x821.jpg 1232w, https:\/\/www.uepg.br\/wp-content\/uploads\/2026\/04\/Evento-ERI-Japao-Andre-Packer-7-1620x1080.jpg 1620w, https:\/\/www.uepg.br\/wp-content\/uploads\/2026\/04\/Evento-ERI-Japao-Andre-Packer-7-272x182.jpg 272w, https:\/\/www.uepg.br\/wp-content\/uploads\/2026\/04\/Evento-ERI-Japao-Andre-Packer-7-scaled.jpg 1920w\" data-src=\"https:\/\/www.uepg.br\/wp-content\/uploads\/2026\/04\/Evento-ERI-Japao-Andre-Packer-7-300x200.jpg\" data-sizes=\"(max-width: 300px) 100vw, 300px\" \/><\/dt>\n<\/dl>\n<dl class=\"gallery-item\">\n<dt class=\"gallery-icon landscape\"><a role=\"link\" href=\"https:\/\/www.uepg.br\/japao-relacoes\/evento-eri-japao-andre-packer-12\/\"><img loading=\"lazy\" class=\"attachment-medium size-medium lazyloaded alignleft\" src=\"https:\/\/www.uepg.br\/wp-content\/uploads\/2026\/04\/Evento-ERI-Japao-Andre-Packer-12-300x200.jpg\" alt=\"\" width=\"300\" height=\"200\" data-srcset=\"https:\/\/www.uepg.br\/wp-content\/uploads\/2026\/04\/Evento-ERI-Japao-Andre-Packer-12-300x200.jpg 300w, https:\/\/www.uepg.br\/wp-content\/uploads\/2026\/04\/Evento-ERI-Japao-Andre-Packer-12-1024x683.jpg 1024w, https:\/\/www.uepg.br\/wp-content\/uploads\/2026\/04\/Evento-ERI-Japao-Andre-Packer-12-768x512.jpg 768w, https:\/\/www.uepg.br\/wp-content\/uploads\/2026\/04\/Evento-ERI-Japao-Andre-Packer-12-1536x1024.jpg 1536w, https:\/\/www.uepg.br\/wp-content\/uploads\/2026\/04\/Evento-ERI-Japao-Andre-Packer-12-1232x821.jpg 1232w, https:\/\/www.uepg.br\/wp-content\/uploads\/2026\/04\/Evento-ERI-Japao-Andre-Packer-12-1620x1080.jpg 1620w, https:\/\/www.uepg.br\/wp-content\/uploads\/2026\/04\/Evento-ERI-Japao-Andre-Packer-12-272x182.jpg 272w, https:\/\/www.uepg.br\/wp-content\/uploads\/2026\/04\/Evento-ERI-Japao-Andre-Packer-12-scaled.jpg 1920w\" data-src=\"https:\/\/www.uepg.br\/wp-content\/uploads\/2026\/04\/Evento-ERI-Japao-Andre-Packer-12-300x200.jpg\" data-sizes=\"(max-width: 300px) 100vw, 300px\" \/><\/a><\/dt>\n<\/dl>\n<\/div>\n<p>O evento contou tamb\u00e9m com a presen\u00e7a do Secret\u00e1rio de Projetos Estrat\u00e9gicos da Prefeitura de Ponta Grossa, Edgar Hampf; o representante da comunidade japonesa em Ponta Grossa, Fernando Horie; e a Presidente da Associa\u00e7\u00e3o Cultural e Esportiva Nipobrasileira de Ponta Grossa, Reiko Sumikawa.<\/p>\n<p><strong>Hist\u00f3rico<\/strong><\/p>\n<p>A rela\u00e7\u00e3o entre UEPG e Jap\u00e3o se intensificou nos \u00faltimos anos. Em mar\u00e7o de 2025, a UEPG recebeu uma delega\u00e7\u00e3o de pesquisadores e professores japoneses para a miss\u00e3o \u201cDi\u00e1logos cient\u00edficos Paran\u00e1-Jap\u00e3o para a inova\u00e7\u00e3o na \u00e1rea de Alimentos\u201d, uma visita para fortalecer a coopera\u00e7\u00e3o entre Jap\u00e3o e o estado do Paran\u00e1. J\u00e1 em agosto de 2024, o ERI realizou o encontro Study in Japan com objetivo de promover as universidades japonesas para estudantes e pesquisadores. Em abril de 2024, o reitor Miguel Sanches Neto participou de uma miss\u00e3o voltada \u00e0 internacionaliza\u00e7\u00e3o e \u00e0s parcerias entre as universidades do Brasil e do Jap\u00e3o, com o apoio da Secretaria da Ci\u00eancia, Tecnologia e Ensino Superior do Paran\u00e1 (Seti-PR) e da Funda\u00e7\u00e3o Arauc\u00e1ria (FA). Ainda em 2024, a UEPG enviou representantes para visitar o Jap\u00e3o como parte da miss\u00e3o oficial do Estado do Paran\u00e1, realizando reuni\u00f5es como Minist\u00e9rio da Educa\u00e7\u00e3o (MEXT) e a Universidade de Tsukuba.<\/p>\n<p>&nbsp;<\/p>\n<blockquote><p><em>Texto: Andr\u00e9 Packer | Fotos: Aline Jasper e Andr\u00e9 Packer<\/em><\/p><\/blockquote>\n<p>Confira mais fotos <a href=\"https:\/\/www.uepg.br\/japao-relacoes\/\">no site da UEPG.<\/a><\/p>\n","protected":false},"excerpt":{"rendered":"<p>A Universidade Estadual de Ponta Grossa (UEPG) e Jap\u00e3o celebraram hoje (22) as boas rela\u00e7\u00f5es em um evento realizado no Campus Uvaranas. Apresenta\u00e7\u00f5es culturais e uma doa\u00e7\u00e3o de 175 livros sobre a cultura japonesa para a Biblioteca Central foram os marcos do evento, que contou com a presen\u00e7a do C\u00f4nsul-geral do Jap\u00e3o, Yasuhiro Mitsui. Al\u00e9m&nbsp;&hellip;<\/p>\n","protected":false},"author":886,"featured_media":7636,"comment_status":"closed","ping_status":"open","sticky":false,"template":"","format":"standard","meta":[],"categories":[221,68],"tags":[],"_links":{"self":[{"href":"https:\/\/www2.uepg.br\/eri\/wp-json\/wp\/v2\/posts\/7631"}],"collection":[{"href":"https:\/\/www2.uepg.br\/eri\/wp-json\/wp\/v2\/posts"}],"about":[{"href":"https:\/\/www2.uepg.br\/eri\/wp-json\/wp\/v2\/types\/post"}],"author":[{"embeddable":true,"href":"https:\/\/www2.uepg.br\/eri\/wp-json\/wp\/v2\/users\/886"}],"replies":[{"embeddable":true,"href":"https:\/\/www2.uepg.br\/eri\/wp-json\/wp\/v2\/comments?post=7631"}],"version-history":[{"count":4,"href":"https:\/\/www2.uepg.br\/eri\/wp-json\/wp\/v2\/posts\/7631\/revisions"}],"predecessor-version":[{"id":7635,"href":"https:\/\/www2.uepg.br\/eri\/wp-json\/wp\/v2\/posts\/7631\/revisions\/7635"}],"wp:featuredmedia":[{"embeddable":true,"href":"https:\/\/www2.uepg.br\/eri\/wp-json\/wp\/v2\/media\/7636"}],"wp:attachment":[{"href":"https:\/\/www2.uepg.br\/eri\/wp-json\/wp\/v2\/media?parent=7631"}],"wp:term":[{"taxonomy":"category","embeddable":true,"href":"https:\/\/www2.uepg.br\/eri\/wp-json\/wp\/v2\/categories?post=7631"},{"taxonomy":"post_tag","embeddable":true,"href":"https:\/\/www2.uepg.br\/eri\/wp-json\/wp\/v2\/tags?post=7631"}],"curies":[{"name":"wp","href":"https:\/\/api.w.org\/{rel}","templated":true}]}}