{"id":802,"date":"2020-07-14T17:12:25","date_gmt":"2020-07-14T20:12:25","guid":{"rendered":"http:\/\/www2.uepg.br\/eri\/?p=802"},"modified":"2021-03-09T13:29:01","modified_gmt":"2021-03-09T16:29:01","slug":"chamada-para-projetos-de-inovacao-transnacional-brasil-suica-aceita-propostas-ate-setembro","status":"publish","type":"post","link":"https:\/\/www2.uepg.br\/eri\/chamada-para-projetos-de-inovacao-transnacional-brasil-suica-aceita-propostas-ate-setembro\/","title":{"rendered":"Chamada para projetos de inova\u00e7\u00e3o transnacional Brasil-Su\u00ed\u00e7a aceita propostas at\u00e9 setembro"},"content":{"rendered":"<p><span style=\"font-weight: 400\">A Innosuisse (Ag\u00eancia Su\u00ed\u00e7a para a Promo\u00e7\u00e3o da Inova\u00e7\u00e3o) e a EMBRAPII (Empresa Brasileira de Pesquisa e Inova\u00e7\u00e3o Industrial) lan\u00e7aram edital para projetos de inova\u00e7\u00e3o transnacional entre o Brasil e a Su\u00ed\u00e7a no dia 10 de fevereiro de 2020. Houve uma altera\u00e7\u00e3o no edital, tornando poss\u00edvel a apresenta\u00e7\u00e3o de uma proposta completa para qualquer parceiro, n\u00e3o apenas os parceiros selecionados na primeira etapa com suas pr\u00e9-propostas. A apresenta\u00e7\u00e3o deve ser feita <strong>at\u00e9 o dia 18 de setembro de 2020<\/strong>, de acordo com o restante do edital e regulamento da chamada, que permanecem inalterados. Os candidatos que apresentarem a proposta completa poder\u00e3o entrar em contato com seus contatos nacionais antes da data limite para que recebam orienta\u00e7\u00e3o na busca de parceiros.<\/span><\/p>\n<p><span style=\"font-weight: 400\"> A chamada est\u00e1 aberta para todos os temas, por\u00e9m projetos nas seguintes \u00e1reas s\u00e3o especialmente recomendados:\u00a0<\/span><\/p>\n<ul>\n<li style=\"font-weight: 400\"><span style=\"font-weight: 400\">Biotecnologia e Tecnologia M\u00e9dica<\/span><\/li>\n<li style=\"font-weight: 400\"><span style=\"font-weight: 400\">Agricultura e Produ\u00e7\u00e3o de Alimentos<\/span><\/li>\n<li style=\"font-weight: 400\"><span style=\"font-weight: 400\">Ind\u00fastria 4.0<\/span><\/li>\n<li style=\"font-weight: 400\"><span style=\"font-weight: 400\">Tecnologias de Informa\u00e7\u00e3o e Comunica\u00e7\u00e3o<\/span><\/li>\n<li style=\"font-weight: 400\"><span style=\"font-weight: 400\">Energia &amp; \u00c1gua<\/span><\/li>\n<li style=\"font-weight: 400\"><span style=\"font-weight: 400\">Cidades Sustent\u00e1veis<\/span><\/li>\n<li style=\"font-weight: 400\"><span style=\"font-weight: 400\">Inova\u00e7\u00e3o Social e Cultural e Digitaliza\u00e7\u00e3o<\/span><\/li>\n<\/ul>\n<p><span style=\"font-weight: 400\">Os cons\u00f3rcios do projeto devem incluir pelo menos uma empresa de cada pa\u00eds, um instituto de pesquisa credenciado pela EMBRAPII como \u201cUnidade EMBRAPII\u201d e um instituto de pesquisa da Su\u00ed\u00e7a. Para obter mais informa\u00e7\u00f5es sobre o processo, confira o edital em <\/span><a href=\"https:\/\/www.innosuisse.ch\/dam\/inno\/de\/dokumente\/go-global\/Brasilien\/call3.pdf.download.pdf\/1st%20Joint%20Call%20Brasil-Switzerland.pdf\"><span style=\"font-weight: 400\">https:\/\/www.innosuisse.ch\/dam\/inno\/de\/dokumente\/go-global\/Brasilien\/call3.pdf.download.pdf\/1st%20Joint%20Call%20Brasil-Switzerland.pdf<\/span><\/a><\/p>\n<p><span style=\"font-weight: 400\">\u00a0Saiba mais sobre o financiamento dos projetos: <\/span><a href=\"https:\/\/www.innosuisse.ch\/dam\/inno\/de\/dokumente\/go-global\/Brasilien\/call.pdf.download.pdf\/1st%20Joint%20Call%20Brasil-Switzerland_funding%20rules.pdf\"><span style=\"font-weight: 400\">https:\/\/www.innosuisse.ch\/dam\/inno\/de\/dokumente\/go-global\/Brasilien\/call.pdf.download.pdf\/1st%20Joint%20Call%20Brasil-Switzerland_funding%20rules.pdf<\/span><\/a><\/p>\n<p><span style=\"font-weight: 400\">Para mais informa\u00e7\u00f5es, acesse: <\/span><a href=\"https:\/\/www.innosuisse.ch\/inno\/en\/home\/go-global\/bilateral-cooperation\/brazil.html\"><span style=\"font-weight: 400\">https:\/\/www.innosuisse.ch\/inno\/en\/home\/go-global\/bilateral-cooperation\/brazil.html<\/span><\/a><span style=\"font-weight: 400\"> e <\/span><a href=\"https:\/\/embrapii.org.br\/cooperacao-internacional\/chamada-publica-brasil-e-suica\/\"><span style=\"font-weight: 400\">https:\/\/embrapii.org.br\/cooperacao-internacional\/chamada-publica-brasil-e-suica\/<\/span><\/a><span style=\"font-weight: 400\">.<\/span><\/p>\n","protected":false},"excerpt":{"rendered":"<p>A Innosuisse (Ag\u00eancia Su\u00ed\u00e7a para a Promo\u00e7\u00e3o da Inova\u00e7\u00e3o) e a EMBRAPII (Empresa Brasileira de Pesquisa e Inova\u00e7\u00e3o Industrial) lan\u00e7aram edital para projetos de inova\u00e7\u00e3o transnacional entre o Brasil e a Su\u00ed\u00e7a no dia 10 de fevereiro de 2020. Houve uma altera\u00e7\u00e3o no edital, tornando poss\u00edvel a apresenta\u00e7\u00e3o de uma proposta completa para qualquer parceiro,&nbsp;&hellip;<\/p>\n","protected":false},"author":134,"featured_media":803,"comment_status":"closed","ping_status":"open","sticky":false,"template":"","format":"standard","meta":[],"categories":[4,2],"tags":[],"_links":{"self":[{"href":"https:\/\/www2.uepg.br\/eri\/wp-json\/wp\/v2\/posts\/802"}],"collection":[{"href":"https:\/\/www2.uepg.br\/eri\/wp-json\/wp\/v2\/posts"}],"about":[{"href":"https:\/\/www2.uepg.br\/eri\/wp-json\/wp\/v2\/types\/post"}],"author":[{"embeddable":true,"href":"https:\/\/www2.uepg.br\/eri\/wp-json\/wp\/v2\/users\/134"}],"replies":[{"embeddable":true,"href":"https:\/\/www2.uepg.br\/eri\/wp-json\/wp\/v2\/comments?post=802"}],"version-history":[{"count":1,"href":"https:\/\/www2.uepg.br\/eri\/wp-json\/wp\/v2\/posts\/802\/revisions"}],"predecessor-version":[{"id":804,"href":"https:\/\/www2.uepg.br\/eri\/wp-json\/wp\/v2\/posts\/802\/revisions\/804"}],"wp:featuredmedia":[{"embeddable":true,"href":"https:\/\/www2.uepg.br\/eri\/wp-json\/wp\/v2\/media\/803"}],"wp:attachment":[{"href":"https:\/\/www2.uepg.br\/eri\/wp-json\/wp\/v2\/media?parent=802"}],"wp:term":[{"taxonomy":"category","embeddable":true,"href":"https:\/\/www2.uepg.br\/eri\/wp-json\/wp\/v2\/categories?post=802"},{"taxonomy":"post_tag","embeddable":true,"href":"https:\/\/www2.uepg.br\/eri\/wp-json\/wp\/v2\/tags?post=802"}],"curies":[{"name":"wp","href":"https:\/\/api.w.org\/{rel}","templated":true}]}}