{"id":497,"date":"2021-05-12T12:08:15","date_gmt":"2021-05-12T15:08:15","guid":{"rendered":"https:\/\/www2.uepg.br\/fasca\/?p=497"},"modified":"2021-05-12T15:39:45","modified_gmt":"2021-05-12T18:39:45","slug":"iii-workshop-fasca-links","status":"publish","type":"post","link":"https:\/\/www2.uepg.br\/fasca\/iii-workshop-fasca-links\/","title":{"rendered":"III Workshop FASCA &#8211; Links"},"content":{"rendered":"<p>Para os participantes do III Workshop do Grupo FASCA os links ser\u00e3o enviados para o e-mail indicado no momento da inscri\u00e7\u00e3o. O link para a sess\u00e3o de quinta-feira (13\/05) pela manh\u00e3 ser\u00e1 enviado na quarta-feira (12\/05). Os links para as demais sess\u00f5es ser\u00e3o enviados anteriormente ao in\u00edcio de cada sess\u00e3o na quinta-feira (sess\u00e3o da tarde) e na sexta-feira (sess\u00f5es da manh\u00e3 e da tarde). Caso n\u00e3o recebam o convite por algum motivo, favor entrar em contato no seguinte e-mail: gfascauepg@gmail.com<\/p>\n<p><strong>OBSERVA\u00c7\u00c3O: POR FAVOR, VERIFICAR A CAIXA DE SPAM CASO N\u00c3O TENHA RECEBIDO O CONVITE DA SESS\u00c3O DE QUINTA PELA MANH\u00c3 AINDA.<\/strong><\/p>\n<p>Ao receberem os convites as seguintes informa\u00e7\u00f5es constar\u00e3o nos cabe\u00e7alhos:<\/p>\n<ul>\n<li style=\"font-weight: 400\">III Workshop do Grupo de F\u00edsica Aplicada a Solos e Ci\u00eancias Ambientais para a sess\u00e3o da manh\u00e3 do dia 13\/05\/2021 &#8211; 09h30min -12h00min<\/li>\n<li>\n<p style=\"font-weight: 400\">III Workshop do Grupo de F\u00edsica Aplicada a Solos e Ci\u00eancias Ambientais para a sess\u00e3o da tarde do dia 13\/05\/2021 &#8211;\u00a013h30min -16h40min<\/p>\n<\/li>\n<li>III Workshop do Grupo de F\u00edsica Aplicada a Solos e Ci\u00eancias Ambientais para a sess\u00e3o da manh\u00e3 do dia 14\/05\/2021 &#8211; 09h10min -12h10min<\/li>\n<li>III Workshop do Grupo de F\u00edsica Aplicada a Solos e Ci\u00eancias Ambientais para a sess\u00e3o da tarde do dia 14\/05\/2021 &#8211; 13h30min -17h45min<\/li>\n<\/ul>\n<p>Cordiais sauda\u00e7\u00f5es a todos. Nos vemos amanh\u00e3!<\/p>\n","protected":false},"excerpt":{"rendered":"<p>Para os participantes do III Workshop do Grupo FASCA os links ser\u00e3o enviados para o e-mail indicado no momento da inscri\u00e7\u00e3o. O link para a sess\u00e3o de quinta-feira (13\/05) pela manh\u00e3 ser\u00e1 enviado na quarta-feira (12\/05). Os links para as demais sess\u00f5es ser\u00e3o enviados anteriormente ao in\u00edcio de cada sess\u00e3o na quinta-feira (sess\u00e3o da tarde)&nbsp;&hellip;<\/p>\n","protected":false},"author":300,"featured_media":0,"comment_status":"closed","ping_status":"open","sticky":false,"template":"","format":"standard","meta":[],"categories":[8,2],"tags":[],"_links":{"self":[{"href":"https:\/\/www2.uepg.br\/fasca\/wp-json\/wp\/v2\/posts\/497"}],"collection":[{"href":"https:\/\/www2.uepg.br\/fasca\/wp-json\/wp\/v2\/posts"}],"about":[{"href":"https:\/\/www2.uepg.br\/fasca\/wp-json\/wp\/v2\/types\/post"}],"author":[{"embeddable":true,"href":"https:\/\/www2.uepg.br\/fasca\/wp-json\/wp\/v2\/users\/300"}],"replies":[{"embeddable":true,"href":"https:\/\/www2.uepg.br\/fasca\/wp-json\/wp\/v2\/comments?post=497"}],"version-history":[{"count":4,"href":"https:\/\/www2.uepg.br\/fasca\/wp-json\/wp\/v2\/posts\/497\/revisions"}],"predecessor-version":[{"id":502,"href":"https:\/\/www2.uepg.br\/fasca\/wp-json\/wp\/v2\/posts\/497\/revisions\/502"}],"wp:attachment":[{"href":"https:\/\/www2.uepg.br\/fasca\/wp-json\/wp\/v2\/media?parent=497"}],"wp:term":[{"taxonomy":"category","embeddable":true,"href":"https:\/\/www2.uepg.br\/fasca\/wp-json\/wp\/v2\/categories?post=497"},{"taxonomy":"post_tag","embeddable":true,"href":"https:\/\/www2.uepg.br\/fasca\/wp-json\/wp\/v2\/tags?post=497"}],"curies":[{"name":"wp","href":"https:\/\/api.w.org\/{rel}","templated":true}]}}