{"id":566,"date":"2021-12-24T11:13:15","date_gmt":"2021-12-24T14:13:15","guid":{"rendered":"https:\/\/www2.uepg.br\/fasca\/?p=566"},"modified":"2022-04-26T20:52:40","modified_gmt":"2022-04-26T23:52:40","slug":"projeto-no-edital-universal-cnpq","status":"publish","type":"post","link":"https:\/\/www2.uepg.br\/fasca\/projeto-no-edital-universal-cnpq\/","title":{"rendered":"Projeto Aprovado no Edital Universal &#8211; CNPq"},"content":{"rendered":"<p class=\"p1\"><span class=\"s1\"><img loading=\"lazy\" class=\"alignleft size-medium wp-image-620\" src=\"http:\/\/www2.uepg.br\/fasca\/wp-content\/uploads\/sites\/159\/2022\/01\/C84CC78C-FF1A-4E06-85E2-BEDA7C976222-300x124.png\" alt=\"\" width=\"300\" height=\"124\" srcset=\"https:\/\/www2.uepg.br\/fasca\/wp-content\/uploads\/sites\/159\/2022\/01\/C84CC78C-FF1A-4E06-85E2-BEDA7C976222-300x124.png 300w, https:\/\/www2.uepg.br\/fasca\/wp-content\/uploads\/sites\/159\/2022\/01\/C84CC78C-FF1A-4E06-85E2-BEDA7C976222.png 349w\" sizes=\"(max-width: 300px) 100vw, 300px\" \/>Os professores doutores do grupo de pesquisa em F\u00edsica Aplicada a Solos e Ci\u00eancias Ambientais (FASCA), Andr\u00e9 Brinatti, F\u00e1bio C\u00e1ssaro, Luiz Pires e S\u00e9rgio Saab, tiveram aprovado no <a href=\"https:\/\/www.uepg.br\/cnpq-fisica\/\">Edital Universal do CNPq (Chamada P\u00fablica CNPq\/MCTI\/FNDCT N\u00ba 18\/2021)<\/a> projeto de pesquisa para a aquisi\u00e7\u00e3o de computadores de alto desempenho que ser\u00e3o utilizados na an\u00e1lise de processos que ocorrem no solo.<\/span><\/p>\n<p class=\"p3\"><span class=\"s2\">O projeto foi enviado em parceria com a Profa. Dra. Vladia Correchel da Universidade Federal de Goi\u00e1s, Prof. Dr. Felipe Correa dos Santos da PUC de Goi\u00e1s e Prof. Dr. Jocenei Teodoro de Oliveira atualmente na Universidade Federal do Paran\u00e1. Tamb\u00e9m fazem parte do projeto, al\u00e9m dos pesquisadores doutores, alunos de doutorado, mestrado e inicia\u00e7\u00e3o cient\u00edfica, os quais est\u00e3o desenvolvendo seus trabalhos de pesquisa em assuntos que envolvem simula\u00e7\u00e3o computacional e processamento de imagens de tomografia. O projeto ser\u00e1 coordenado pelo Prof. Luiz Pires e foi aprovado na Faixa B que envolve Grupos de Pesquisa Consolidados.<\/span><\/p>\n<p class=\"p3\"><span class=\"s2\">Os computadores a serem adquiridos ser\u00e3o utilizados em pesquisas que envolvem o entendimento dos processos de transporte de mat\u00e9ria no solo, os quais s\u00e3o importantes no estudo da din\u00e2mica da \u00e1gua nesse meio poroso. Propriedades geom\u00e9tricas e morfol\u00f3gicas do solo afetam a din\u00e2mica da \u00e1gua ao longo do perfil do solo, de modo que a quantifica\u00e7\u00e3o de par\u00e2metros relacionados a geometria dos poros \u00e9 vital para caracterizar a reten\u00e7\u00e3o e o movimento de \u00e1gua no solo. Processos que causam danos no solo ocasionam modifica\u00e7\u00f5es em sua estrutura, e por meio da an\u00e1lise de imagens e simula\u00e7\u00e3o computacional \u00e9 poss\u00edvel quantificar tais danos e prever futuros impactos ambientais que mudan\u00e7as no sistema poroso do solo podem o causar. Desta forma, um caracteriza\u00e7\u00e3o detalhada da arquitetura dos poros do solo, por meio da <a href=\"https:\/\/www.uepg.br\/microtomografo\/\">t\u00e9cnica de microtomografia<\/a>, fornecem resultados que permitem um uso mais racional do solo, com menores impactos ambientais e com melhores resultados em termos agr\u00edcolas. Condi\u00e7\u00f5es adequadas de porosidade s\u00e3o importantes para o uso mais eficiente de recursos h\u00eddricos e na manuten\u00e7\u00e3o da qualidade f\u00edsica do solo.<\/span><\/p>\n<p class=\"p3\"><span class=\"s2\">O resultado da chamada pode ser consultado no seguinte endere\u00e7o eletr\u00f4nico: <a href=\"http:\/\/memoria2.cnpq.br\/web\/guest\/chamadas-publicas?p_p_id=resultadosportlet_WAR_resultadoscnpqportlet_INSTANCE_0ZaM&amp;filtro=abertas&amp;detalha=chamadaDivulgada&amp;idDivulgacao=10362\">Edital Universal<\/a>.<\/span><\/p>\n","protected":false},"excerpt":{"rendered":"<p>Os professores doutores do grupo de pesquisa em F\u00edsica Aplicada a Solos e Ci\u00eancias Ambientais (FASCA), Andr\u00e9 Brinatti, F\u00e1bio C\u00e1ssaro, Luiz Pires e S\u00e9rgio Saab, tiveram aprovado no Edital Universal do CNPq (Chamada P\u00fablica CNPq\/MCTI\/FNDCT N\u00ba 18\/2021) projeto de pesquisa para a aquisi\u00e7\u00e3o de computadores de alto desempenho que ser\u00e3o utilizados na an\u00e1lise de processos&nbsp;&hellip;<\/p>\n","protected":false},"author":300,"featured_media":0,"comment_status":"closed","ping_status":"open","sticky":false,"template":"","format":"standard","meta":[],"categories":[2,11,12],"tags":[],"_links":{"self":[{"href":"https:\/\/www2.uepg.br\/fasca\/wp-json\/wp\/v2\/posts\/566"}],"collection":[{"href":"https:\/\/www2.uepg.br\/fasca\/wp-json\/wp\/v2\/posts"}],"about":[{"href":"https:\/\/www2.uepg.br\/fasca\/wp-json\/wp\/v2\/types\/post"}],"author":[{"embeddable":true,"href":"https:\/\/www2.uepg.br\/fasca\/wp-json\/wp\/v2\/users\/300"}],"replies":[{"embeddable":true,"href":"https:\/\/www2.uepg.br\/fasca\/wp-json\/wp\/v2\/comments?post=566"}],"version-history":[{"count":7,"href":"https:\/\/www2.uepg.br\/fasca\/wp-json\/wp\/v2\/posts\/566\/revisions"}],"predecessor-version":[{"id":569,"href":"https:\/\/www2.uepg.br\/fasca\/wp-json\/wp\/v2\/posts\/566\/revisions\/569"}],"wp:attachment":[{"href":"https:\/\/www2.uepg.br\/fasca\/wp-json\/wp\/v2\/media?parent=566"}],"wp:term":[{"taxonomy":"category","embeddable":true,"href":"https:\/\/www2.uepg.br\/fasca\/wp-json\/wp\/v2\/categories?post=566"},{"taxonomy":"post_tag","embeddable":true,"href":"https:\/\/www2.uepg.br\/fasca\/wp-json\/wp\/v2\/tags?post=566"}],"curies":[{"name":"wp","href":"https:\/\/api.w.org\/{rel}","templated":true}]}}