{"id":581,"date":"2021-12-25T11:34:29","date_gmt":"2021-12-25T14:34:29","guid":{"rendered":"https:\/\/www2.uepg.br\/fasca\/?p=581"},"modified":"2021-12-25T11:34:53","modified_gmt":"2021-12-25T14:34:53","slug":"lancado-o-telescopio-james-webb","status":"publish","type":"post","link":"https:\/\/www2.uepg.br\/fasca\/lancado-o-telescopio-james-webb\/","title":{"rendered":"Lan\u00e7ado o Telesc\u00f3pio James Webb"},"content":{"rendered":"<div id=\"attachment_582\" style=\"width: 310px\" class=\"wp-caption alignleft\"><img aria-describedby=\"caption-attachment-582\" loading=\"lazy\" class=\"size-medium wp-image-582\" src=\"http:\/\/www2.uepg.br\/fasca\/wp-content\/uploads\/sites\/159\/2021\/12\/3B1CBC17-1BAC-4AA1-BE34-FB71C2975729-300x199.jpeg\" alt=\"\" width=\"300\" height=\"199\" srcset=\"https:\/\/www2.uepg.br\/fasca\/wp-content\/uploads\/sites\/159\/2021\/12\/3B1CBC17-1BAC-4AA1-BE34-FB71C2975729-300x199.jpeg 300w, https:\/\/www2.uepg.br\/fasca\/wp-content\/uploads\/sites\/159\/2021\/12\/3B1CBC17-1BAC-4AA1-BE34-FB71C2975729-768x509.jpeg 768w, https:\/\/www2.uepg.br\/fasca\/wp-content\/uploads\/sites\/159\/2021\/12\/3B1CBC17-1BAC-4AA1-BE34-FB71C2975729.jpeg 800w\" sizes=\"(max-width: 300px) 100vw, 300px\" \/><p id=\"caption-attachment-582\" class=\"wp-caption-text\">Cr\u00e9dito: ESA \/ CNES \/ Arianespace<\/p><\/div>\n<p class=\"p1\"><span class=\"s1\">Ocorreu hoje pela manh\u00e3 o lan\u00e7amento do telesc\u00f3pio espacial James Webb. O lan\u00e7amento ocorreu a partir da base de Kourou, na Guiana Francesa, \u00e0s 9h20, pelo hor\u00e1rio de Bras\u00edlia.<\/span><\/p>\n<p class=\"p1\"><span class=\"s1\">Esse telesc\u00f3pio promete revolucionar o estudos sobre o universo. De acordo com Bill Nelson, que \u00e9 atualmente administrador da NASA, o telesc\u00f3pio foi desenvolvido por quase 30 anos, tratando-se de uma verdadeira m\u00e1quina do tempo que permitir\u00e1 descobrir fatos in\u00e9ditos sobre o in\u00edcio do universo.<\/span><\/p>\n<p class=\"p1\"><span class=\"s1\">O telesc\u00f3pio ir\u00e1 funcionar captando radia\u00e7\u00e3o na frequ\u00eancia do infravermelho, permitindo uma vis\u00e3o muito mais detalhada dos objetos celestes. Maiores informa\u00e7\u00f5es podem ser consultadas no site da <a href=\"https:\/\/www.jwst.nasa.gov\/\">NASA<\/a>.<\/span><\/p>\n","protected":false},"excerpt":{"rendered":"<p>Ocorreu hoje pela manh\u00e3 o lan\u00e7amento do telesc\u00f3pio espacial James Webb. O lan\u00e7amento ocorreu a partir da base de Kourou, na Guiana Francesa, \u00e0s 9h20, pelo hor\u00e1rio de Bras\u00edlia. Esse telesc\u00f3pio promete revolucionar o estudos sobre o universo. De acordo com Bill Nelson, que \u00e9 atualmente administrador da NASA, o telesc\u00f3pio foi desenvolvido por quase&nbsp;&hellip;<\/p>\n","protected":false},"author":300,"featured_media":0,"comment_status":"closed","ping_status":"open","sticky":false,"template":"","format":"standard","meta":[],"categories":[2],"tags":[],"_links":{"self":[{"href":"https:\/\/www2.uepg.br\/fasca\/wp-json\/wp\/v2\/posts\/581"}],"collection":[{"href":"https:\/\/www2.uepg.br\/fasca\/wp-json\/wp\/v2\/posts"}],"about":[{"href":"https:\/\/www2.uepg.br\/fasca\/wp-json\/wp\/v2\/types\/post"}],"author":[{"embeddable":true,"href":"https:\/\/www2.uepg.br\/fasca\/wp-json\/wp\/v2\/users\/300"}],"replies":[{"embeddable":true,"href":"https:\/\/www2.uepg.br\/fasca\/wp-json\/wp\/v2\/comments?post=581"}],"version-history":[{"count":2,"href":"https:\/\/www2.uepg.br\/fasca\/wp-json\/wp\/v2\/posts\/581\/revisions"}],"predecessor-version":[{"id":584,"href":"https:\/\/www2.uepg.br\/fasca\/wp-json\/wp\/v2\/posts\/581\/revisions\/584"}],"wp:attachment":[{"href":"https:\/\/www2.uepg.br\/fasca\/wp-json\/wp\/v2\/media?parent=581"}],"wp:term":[{"taxonomy":"category","embeddable":true,"href":"https:\/\/www2.uepg.br\/fasca\/wp-json\/wp\/v2\/categories?post=581"},{"taxonomy":"post_tag","embeddable":true,"href":"https:\/\/www2.uepg.br\/fasca\/wp-json\/wp\/v2\/tags?post=581"}],"curies":[{"name":"wp","href":"https:\/\/api.w.org\/{rel}","templated":true}]}}