{"id":1036,"date":"2022-11-14T11:49:15","date_gmt":"2022-11-14T14:49:15","guid":{"rendered":"https:\/\/www2.uepg.br\/fenata\/?p=1036"},"modified":"2022-11-16T11:51:47","modified_gmt":"2022-11-16T14:51:47","slug":"mostra-telmo-faria-2","status":"publish","type":"post","link":"https:\/\/www2.uepg.br\/fenata\/mostra-telmo-faria-2\/","title":{"rendered":"&#8220;Mostra Telmo Faria&#8221; traz grandes performances e celebra teatro inovador"},"content":{"rendered":"<p style=\"text-align: justify\">No Cine-Teatro \u00d3pera, a principal casa da 50\u00aa edi\u00e7\u00e3o do Festival Nacional de Teatro, o p\u00fablico p\u00f4de acompanhar, ap\u00f3s os espet\u00e1culos da Mostra Adulto, a Telmo Faria, que homenageia o precursor do Festival. Entre quarta e sexta, de 09 a 11, o p\u00fablico p\u00f4de prestigiar, no Palco B, tr\u00eas mon\u00f3logos inventivos e intimistas, que trouxeram personagens e narrativas inovadoras.<\/p>\n<p style=\"text-align: justify\"><img loading=\"lazy\" class=\"alignnone size-full wp-image-39322\" src=\"https:\/\/www.uepg.br\/wp-content\/uploads\/2022\/11\/telmofaria-4-scaled.jpg\" alt=\"\" width=\"1920\" height=\"1280\" \/><\/p>\n<p style=\"text-align: justify\">Na quarta (09), o p\u00fablico assistiu a &#8220;\u00cdndice 22&#8221;, um espet\u00e1culo que mistura sons e proje\u00e7\u00f5es controladas em tempo real pelo diretor e dramaturgo Max Reinert com o solo apresentado pela atriz Denise da Luz. &#8220;Montamos esse espet\u00e1culo em 2018, para comemorar os 30 anos da carreira da Denise. [&#8230;] A ideia era fazer algo que a gente nunca tinha feito, entender qual o papel do artista no mundo atual e como dialogar com o p\u00fablico de hoje, n\u00e3o o de 30 anos&#8221;, explica Reinert. &#8220;Acredito que os nossos trabalhos s\u00e3o respostas aos trabalhos anteriores, como um ciclo de renova\u00e7\u00e3o&#8221;, complementa Denise.<\/p>\n<p><img loading=\"lazy\" class=\"alignnone size-full wp-image-39310\" src=\"https:\/\/www.uepg.br\/wp-content\/uploads\/2022\/11\/desladyi-F-4-scaled.jpg\" alt=\"\" width=\"1920\" height=\"1280\" \/><\/p>\n<p style=\"text-align: justify\">J\u00e1 na quinta (10), o audit\u00f3rio B do \u00d3pera recebeu &#8220;Deslady&#8221;, um espet\u00e1culo solo em que a uma palha\u00e7a decide encarnar Lady Macbeth. Idealizada e atuada por Nathalia Luiz, a pe\u00e7a explora a for\u00e7a feminina e viol\u00eancia atrav\u00e9s da Palha\u00e7a Tinoca. &#8220;Poder trazer a linguagem da palha\u00e7aria para um festival de teatro t\u00e3o importante, ser t\u00e3o bem recepcionada por um p\u00fablico t\u00e3o caloroso, foi incr\u00edvel&#8221;, comenta Nathalia. &#8220;Fiquei muito emocionada e muito feliz por poder trazer o espet\u00e1culo para o Fenata, \u00e9 um festival de muito peso&#8221;.<\/p>\n<p><img loading=\"lazy\" class=\"alignnone size-full wp-image-39318\" src=\"https:\/\/www.uepg.br\/wp-content\/uploads\/2022\/11\/telmofaria-6-scaled.jpg\" alt=\"\" width=\"1920\" height=\"1280\" \/><\/p>\n<p style=\"text-align: justify\">No \u00faltimo dia (11), a Mostra recebeu &#8220;Animo Festas&#8221;, em que Palha\u00e7o Klaus conta sua trajet\u00f3ria como animador de festas infantis. Assim como a Palha\u00e7a Tinoca, Klaus tamb\u00e9m trouxe membros do p\u00fablico para o palco. &#8220;O p\u00fablico foi extremamente receptivo e eu fiquei muito tranquilo para fazer o espet\u00e1culo pois senti que a plateia estava comigo&#8221;, reflete M\u00e1rcio Douglas, int\u00e9rprete do Palha\u00e7o Klaus.<\/p>\n<p style=\"text-align: justify\"><img loading=\"lazy\" class=\" wp-image-39317 alignright\" src=\"https:\/\/www.uepg.br\/wp-content\/uploads\/2022\/11\/telmofaria-8-scaled.jpg\" alt=\"\" width=\"684\" height=\"456\" \/>Em &#8220;Animo Festas&#8221;, Pedro Vinicius foi um dos convidados especiais. &#8220;Esse \u00e9 o meu primeiro Fenata, foi muito surpreendente!&#8221;, ri. &#8220;Eu sou uma pessoa nervosa mas o ator soube brincar e conversar, ali n\u00e3o fiquei nada nervoso&#8221;, completa. No p\u00fablico lotado, tamb\u00e9m estavam outros palha\u00e7os, como Micheli Vaz, que participa da Organiza\u00e7\u00e3o N\u00e3o Governamental SOS Palha\u00e7os. Vaz, que j\u00e1 conhecia o int\u00e9rprete e a pe\u00e7a, comemora a inclus\u00e3o dessa linguagem teatral no Fenata. &#8220;N\u00e3o importa quantas vezes a gente assista, [&#8230;] \u00e9 riso garantido, tem muitas reflex\u00f5es e \u00e9 muito provocativo&#8221;, afirma.<\/p>\n<p style=\"text-align: justify\">&#8220;A Mostra das 22h, hoje conhecida como Telmo Faria, tem como objetivo trazer pe\u00e7as mais intimistas e inovadoras&#8221;, considera Daniel Frances, o coordenador da Mostra Telmo Faria. &#8220;Mas a principal caracter\u00edstica da Mostra \u00e9 que, por ser num teatro menor, as pe\u00e7as tem que se adaptar a esse espa\u00e7o c\u00eanico&#8221;. Daniel tamb\u00e9m ressalta as intera\u00e7\u00f5es entre os artistas e o p\u00fablico. &#8220;T\u00eam sido maravilhoso, porque o p\u00fablico t\u00eam interagido de uma forma extraordin\u00e1ria com os grupos&#8221;, frisa.<\/p>\n<p style=\"text-align: justify\">Para Igor Andretti, um dos premiados da 48\u00ba edi\u00e7\u00e3o do Festival &#8211; que selecionou textos dramat\u00fargicos, em raz\u00e3o das limita\u00e7\u00f5es da pandemia de Covid-19, \u00e9 gratificante acompanhar o Fenata presencialmente. &#8220;\u00c9 muito interessante poder participar e prestigiar a cultura. Eu fico muito feliz de ver Ponta Grossa batendo de frente com grandes capitais nessa \u00e1rea&#8221;, completa.<\/p>\n<p style=\"text-align: justify\">Todos os participantes da Mostra Telmo Faria j\u00e1 conheciam o Fenata: Reinert e da Luz, da T\u00e9spis Cia. de Teatro, estiveram pela sexta vez no Festival e no dia seguinte \u00e0 apresenta\u00e7\u00e3o de \u00cdndice 22, participaram da Mostra Infantil com &#8220;Papel\u00ea&#8221;; a Cia. dos Palha\u00e7os, de &#8220;Deslady&#8221;, havia apresentado &#8220;Concerto em Ri Maior&#8221; no 43\u00ba Fenata; e M\u00e1rcio Douglas, o Palha\u00e7o Klaus, participou do Fenata em 2001.<\/p>\n<p style=\"text-align: justify\">Foi a primeira vez de todos na faixa das 22h, no audit\u00f3rio B do \u00d3pera. &#8220;N\u00e3o foi s\u00f3 o Fenata que chegou aos 50. Para mim, \u00e9 como dois amigos que se reencontram para comemorar&#8221;, reflete M\u00e1rcio Douglas.<\/p>\n<p><img loading=\"lazy\" class=\"alignnone size-full wp-image-39312\" src=\"https:\/\/www.uepg.br\/wp-content\/uploads\/2022\/11\/telmofaria-2-scaled.jpg\" alt=\"\" width=\"1920\" height=\"1280\" \/><\/p>\n<p><span style=\"color: #000080\"><strong>Quem foi Telmo Faria<\/strong><\/span><\/p>\n<p style=\"text-align: justify\">O ator e teatr\u00f3logo Jos\u00e9 Faria Moritz (1918 \u2013 1997), conhecido nacionalmente pelo nome art\u00edstico de Telmo Faria, foi o grande idealizador do Fenata. Fundador do Grupo de Teatro Universit\u00e1rio da UEPG (GTU-UEPG), Telmo voltou a Ponta Grossa em 1973 para dirigir o GTU a convite de seu primo, \u00c1lvaro Augusto da Cunha Rocha, ent\u00e3o reitor da UEPG. Foi respons\u00e1vel por trazer atores de renome, que divulgaram e colocaram o Festival no calend\u00e1rio nacional.<\/p>\n<blockquote>\n<p style=\"text-align: justify\">Texto: William Clarindo<\/p>\n<p style=\"text-align: justify\">Entrevistas: Gabriel Miguel, Julio C\u00e9sar Prado e William Clarindo<\/p>\n<p style=\"text-align: justify\">Fotos: Fabio Ansolin, Julio C\u00e9sar Prado e William Clarindo<\/p>\n<\/blockquote>\n<p><img loading=\"lazy\" class=\"alignnone size-full wp-image-39320\" src=\"https:\/\/www.uepg.br\/wp-content\/uploads\/2022\/11\/telmofaria-5-scaled.jpg\" alt=\"\" width=\"1920\" height=\"1280\" \/> <img loading=\"lazy\" class=\"alignnone size-full wp-image-39314\" src=\"https:\/\/www.uepg.br\/wp-content\/uploads\/2022\/11\/telmofaria-9-scaled.jpg\" alt=\"\" width=\"1920\" height=\"1280\" \/> <img loading=\"lazy\" class=\"alignnone size-full wp-image-39311\" src=\"https:\/\/www.uepg.br\/wp-content\/uploads\/2022\/11\/telmofaria-1-scaled.jpg\" alt=\"\" width=\"1920\" height=\"1280\" \/> <img loading=\"lazy\" class=\"alignnone size-full wp-image-39321\" src=\"https:\/\/www.uepg.br\/wp-content\/uploads\/2022\/11\/telmofaria-3-scaled.jpg\" alt=\"\" width=\"1920\" height=\"1280\" \/> <img loading=\"lazy\" class=\"alignnone size-full wp-image-39309\" src=\"https:\/\/www.uepg.br\/wp-content\/uploads\/2022\/11\/desladyi-F-6-scaled.jpg\" alt=\"\" width=\"1920\" height=\"1280\" \/> <img loading=\"lazy\" class=\"alignnone size-full wp-image-39308\" src=\"https:\/\/www.uepg.br\/wp-content\/uploads\/2022\/11\/desladyi-F-7-scaled.jpg\" alt=\"\" width=\"1920\" height=\"1280\" \/> <img loading=\"lazy\" class=\"alignnone size-full wp-image-39307\" src=\"https:\/\/www.uepg.br\/wp-content\/uploads\/2022\/11\/desladyi-F-9-scaled.jpg\" alt=\"\" width=\"1280\" height=\"1920\" \/><\/p>\n","protected":false},"excerpt":{"rendered":"<p>No Cine-Teatro \u00d3pera, a principal casa da 50\u00aa edi\u00e7\u00e3o do Festival Nacional de Teatro, o p\u00fablico p\u00f4de acompanhar, ap\u00f3s os espet\u00e1culos da Mostra Adulto, a Telmo Faria, que homenageia o precursor do Festival. Entre quarta e sexta, de 09 a 11, o p\u00fablico p\u00f4de prestigiar, no Palco B, tr\u00eas mon\u00f3logos inventivos e intimistas, que trouxeram&nbsp;&hellip;<\/p>\n","protected":false},"author":592,"featured_media":1037,"comment_status":"closed","ping_status":"closed","sticky":false,"template":"","format":"standard","meta":{"_monsterinsights_skip_tracking":false,"_monsterinsights_sitenote_active":false,"_monsterinsights_sitenote_note":"","_monsterinsights_sitenote_category":0},"categories":[3],"tags":[54,4,8,60],"_links":{"self":[{"href":"https:\/\/www2.uepg.br\/fenata\/wp-json\/wp\/v2\/posts\/1036"}],"collection":[{"href":"https:\/\/www2.uepg.br\/fenata\/wp-json\/wp\/v2\/posts"}],"about":[{"href":"https:\/\/www2.uepg.br\/fenata\/wp-json\/wp\/v2\/types\/post"}],"author":[{"embeddable":true,"href":"https:\/\/www2.uepg.br\/fenata\/wp-json\/wp\/v2\/users\/592"}],"replies":[{"embeddable":true,"href":"https:\/\/www2.uepg.br\/fenata\/wp-json\/wp\/v2\/comments?post=1036"}],"version-history":[{"count":2,"href":"https:\/\/www2.uepg.br\/fenata\/wp-json\/wp\/v2\/posts\/1036\/revisions"}],"predecessor-version":[{"id":1039,"href":"https:\/\/www2.uepg.br\/fenata\/wp-json\/wp\/v2\/posts\/1036\/revisions\/1039"}],"wp:featuredmedia":[{"embeddable":true,"href":"https:\/\/www2.uepg.br\/fenata\/wp-json\/wp\/v2\/media\/1037"}],"wp:attachment":[{"href":"https:\/\/www2.uepg.br\/fenata\/wp-json\/wp\/v2\/media?parent=1036"}],"wp:term":[{"taxonomy":"category","embeddable":true,"href":"https:\/\/www2.uepg.br\/fenata\/wp-json\/wp\/v2\/categories?post=1036"},{"taxonomy":"post_tag","embeddable":true,"href":"https:\/\/www2.uepg.br\/fenata\/wp-json\/wp\/v2\/tags?post=1036"}],"curies":[{"name":"wp","href":"https:\/\/api.w.org\/{rel}","templated":true}]}}