{"id":1042,"date":"2019-08-23T12:50:00","date_gmt":"2019-08-23T12:50:00","guid":{"rendered":"http:\/\/www2.uepg.br\/gpinterconexoes\/?p=1042"},"modified":"2019-08-27T13:09:07","modified_gmt":"2019-08-27T13:09:07","slug":"gpinterconexoes-celebra-a-organizacao-de-cartilha-e-rotulos-em-comunidades-de-itaiacoca-e-tres-corregos","status":"publish","type":"post","link":"https:\/\/www2.uepg.br\/gpinterconexoes\/2019\/08\/23\/gpinterconexoes-celebra-a-organizacao-de-cartilha-e-rotulos-em-comunidades-de-itaiacoca-e-tres-corregos\/","title":{"rendered":"GPInterconex\u00f5es celebra a organiza\u00e7\u00e3o de cartilha e r\u00f3tulos em comunidades de Itaiacoca e Tr\u00eas C\u00f3rregos"},"content":{"rendered":"<p>Em comemora\u00e7\u00e3o a um ano de atividades desenvolvidas, pelos novos membros do GPInterconex\u00f5es &#8211; Dr\u00aa Tanize Tomasi, Msc. Renato Pereira, Msc. Cleusi Terezinha Bobato Stadler e Engenheira de Alimentos Fernanda Arruda Paes -, em parceria com os moradores das Comunidades rurais e tradicionais de Itaiacoca (Ponta Grossa &#8211; PR) e Tr\u00eas C\u00f3rregos (Campo Largo &#8211; PR) elaborou-se a cartilha &#8220;Saberes-Fazeres das Comunidades Tradicionais e Rurais da Estrada da Lomba &#8211; Paran\u00e1&#8221; e r\u00f3tulos dos seus produtos. <img loading=\"lazy\" class=\"size-medium wp-image-1043 aligncenter\" src=\"http:\/\/www2.uepg.br\/gpinterconexoes\/wp-content\/uploads\/sites\/4\/2019\/08\/WhatsApp-Image-2019-08-23-at-08.27.35-212x300.jpeg\" alt=\"\" width=\"212\" height=\"300\" srcset=\"https:\/\/www2.uepg.br\/gpinterconexoes\/wp-content\/uploads\/sites\/4\/2019\/08\/WhatsApp-Image-2019-08-23-at-08.27.35-212x300.jpeg 212w, https:\/\/www2.uepg.br\/gpinterconexoes\/wp-content\/uploads\/sites\/4\/2019\/08\/WhatsApp-Image-2019-08-23-at-08.27.35-768x1085.jpeg 768w, https:\/\/www2.uepg.br\/gpinterconexoes\/wp-content\/uploads\/sites\/4\/2019\/08\/WhatsApp-Image-2019-08-23-at-08.27.35-725x1024.jpeg 725w, https:\/\/www2.uepg.br\/gpinterconexoes\/wp-content\/uploads\/sites\/4\/2019\/08\/WhatsApp-Image-2019-08-23-at-08.27.35.jpeg 906w\" sizes=\"(max-width: 212px) 100vw, 212px\" \/><!--more--><\/p>\n<p>A cartilha que contempla as comunidades Faxinal Sete Saltos de Baixo (Ponta Grossa), Sete Saltos de Cima (Ponta Grossa) e Palmital dos Pretos (Campo Largo) teve como autores Tanize Tomasi, Renato Pereira e Nicolas Floriani e colabora\u00e7\u00e3o de Cleusi Terezinha Bobato Stadler e Fernanda Arruda Paes. O<span style=\"font-size: 1rem\">s saberes-fazeres, as pr\u00e1ticas agr\u00edcolas tradicionais e agroecol\u00f3gicas, as pr\u00e1ticas de benzimento e cura, as pr\u00e1ticas culin\u00e1rias, as sementes crioulas, o ferramental foram alguns dos conhecimentos destes agricultores organizados neste material. As fotografias de autoria de Renato e Tanize registram os momentos de viv\u00eancia junto ao cotidiano dos moradores. Tamb\u00e9m contempla a cria\u00e7\u00e3o de dois selos, um faxinalense &#8211; que \u00e9 uma cria\u00e7\u00e3o do projeto de extens\u00e3o &#8220;Selo <i>Socioambiental Produtos da Agrofloresta Faxinalense: capacita\u00e7\u00e3o sociot\u00e9cnica e empoderamento jur\u00eddico para a inclus\u00e3o social e gera\u00e7\u00e3o de renda de popula\u00e7\u00f5es tradicionais do Paran\u00e1\u201d<\/i> (Edital USF\/SETI)-, e outro consolidando a organiza\u00e7\u00e3o de agricultores rurais e tradicionais na<em> Rede SAPE &#8211; Saberes A<\/em><\/span><em>groecol\u00f3gicos<\/em><span style=\"font-size: 1rem\"><em> de Perman\u00eancia<\/em>, inciativa regional-local gestada pela comunidade e apoiada pelos pesquisadores Renato e Tanize.\u00a0<\/span><\/p>\n<p>Oficinas realizadas pela Engenheira de Alimentos Fernanda e pela graduanda do mesmo curso Tayn\u00e1, ambas integrantes do Projeto Selo Faxinalense foram parceiras na coleta das receitas da culin\u00e1ria local e constru\u00e7\u00e3o dos r\u00f3tulos dos produtos, com a elabora\u00e7\u00e3o da tabela nutricional por Fernanda e a diagrama\u00e7\u00e3o e arte por Renato e Tanize.<\/p>\n<p><img loading=\"lazy\" class=\"size-medium wp-image-1058 aligncenter\" src=\"http:\/\/www2.uepg.br\/gpinterconexoes\/wp-content\/uploads\/sites\/4\/2019\/08\/r\u00f3tulooooo-300x269.jpg\" alt=\"\" width=\"300\" height=\"269\" srcset=\"https:\/\/www2.uepg.br\/gpinterconexoes\/wp-content\/uploads\/sites\/4\/2019\/08\/r\u00f3tulooooo-300x269.jpg 300w, https:\/\/www2.uepg.br\/gpinterconexoes\/wp-content\/uploads\/sites\/4\/2019\/08\/r\u00f3tulooooo.jpg 441w\" sizes=\"(max-width: 300px) 100vw, 300px\" \/><\/p>\n<p>Os r\u00f3tulos e a cartilha foram lan\u00e7ados no evento Pr\u00e9-Cepial que ocorreu nos dias 16 e 17 de agosto em Rebou\u00e7as-PR. Seis representantes das comunidades participaram do evento, al\u00e9m de outros moradores que enviaram seus produtos para a exposi\u00e7\u00e3o e comercializa\u00e7\u00e3o. Tamb\u00e9m puderam divulgar suas trilhas tur\u00edsticas levando os banners com os cartogramas sociais. O transporte dos moradores contou com o apoio da UEPG e o acompanhamento da integrante do GPInterconex\u00f5es Ingrid (Graduanda Geografia).<\/p>\n<p><img loading=\"lazy\" class=\"aligncenter wp-image-1059 size-large\" src=\"http:\/\/www2.uepg.br\/gpinterconexoes\/wp-content\/uploads\/sites\/4\/2019\/08\/rede-sape-rebou\u00e7as-1024x576.jpeg\" alt=\"\" width=\"525\" height=\"295\" srcset=\"https:\/\/www2.uepg.br\/gpinterconexoes\/wp-content\/uploads\/sites\/4\/2019\/08\/rede-sape-rebou\u00e7as-1024x576.jpeg 1024w, https:\/\/www2.uepg.br\/gpinterconexoes\/wp-content\/uploads\/sites\/4\/2019\/08\/rede-sape-rebou\u00e7as-300x169.jpeg 300w, https:\/\/www2.uepg.br\/gpinterconexoes\/wp-content\/uploads\/sites\/4\/2019\/08\/rede-sape-rebou\u00e7as-768x432.jpeg 768w, https:\/\/www2.uepg.br\/gpinterconexoes\/wp-content\/uploads\/sites\/4\/2019\/08\/rede-sape-rebou\u00e7as.jpeg 1032w\" sizes=\"(max-width: 525px) 100vw, 525px\" \/><\/p>\n<p>Durante a Feira Regional de Sementes Crioulas teve-se a exposi\u00e7\u00e3o do mostru\u00e1rio com os exemplares levantados pelas atividades de pesquisa da Tese da doutorando do PPGEO Cleusi que contemplam dentro outras, estas comunidades.<\/p>\n","protected":false},"excerpt":{"rendered":"<p>Em comemora\u00e7\u00e3o a um ano de atividades desenvolvidas, pelos novos membros do GPInterconex\u00f5es &#8211; Dr\u00aa Tanize Tomasi, Msc. Renato Pereira, Msc. Cleusi Terezinha Bobato Stadler e Engenheira de Alimentos Fernanda Arruda Paes -, em parceria com os moradores das Comunidades rurais e tradicionais de Itaiacoca (Ponta Grossa &#8211; PR) e Tr\u00eas C\u00f3rregos (Campo Largo &#8211; &hellip; <\/p>\n<p class=\"link-more\"><a href=\"https:\/\/www2.uepg.br\/gpinterconexoes\/2019\/08\/23\/gpinterconexoes-celebra-a-organizacao-de-cartilha-e-rotulos-em-comunidades-de-itaiacoca-e-tres-corregos\/\" class=\"more-link\">Continue lendo<span class=\"screen-reader-text\"> &#8220;GPInterconex\u00f5es celebra a organiza\u00e7\u00e3o de cartilha e r\u00f3tulos em comunidades de Itaiacoca e Tr\u00eas C\u00f3rregos&#8221;<\/span><\/a><\/p>\n","protected":false},"author":15,"featured_media":0,"comment_status":"closed","ping_status":"open","sticky":false,"template":"","format":"standard","meta":[],"categories":[1],"tags":[],"_links":{"self":[{"href":"https:\/\/www2.uepg.br\/gpinterconexoes\/wp-json\/wp\/v2\/posts\/1042"}],"collection":[{"href":"https:\/\/www2.uepg.br\/gpinterconexoes\/wp-json\/wp\/v2\/posts"}],"about":[{"href":"https:\/\/www2.uepg.br\/gpinterconexoes\/wp-json\/wp\/v2\/types\/post"}],"author":[{"embeddable":true,"href":"https:\/\/www2.uepg.br\/gpinterconexoes\/wp-json\/wp\/v2\/users\/15"}],"replies":[{"embeddable":true,"href":"https:\/\/www2.uepg.br\/gpinterconexoes\/wp-json\/wp\/v2\/comments?post=1042"}],"version-history":[{"count":5,"href":"https:\/\/www2.uepg.br\/gpinterconexoes\/wp-json\/wp\/v2\/posts\/1042\/revisions"}],"predecessor-version":[{"id":1081,"href":"https:\/\/www2.uepg.br\/gpinterconexoes\/wp-json\/wp\/v2\/posts\/1042\/revisions\/1081"}],"wp:attachment":[{"href":"https:\/\/www2.uepg.br\/gpinterconexoes\/wp-json\/wp\/v2\/media?parent=1042"}],"wp:term":[{"taxonomy":"category","embeddable":true,"href":"https:\/\/www2.uepg.br\/gpinterconexoes\/wp-json\/wp\/v2\/categories?post=1042"},{"taxonomy":"post_tag","embeddable":true,"href":"https:\/\/www2.uepg.br\/gpinterconexoes\/wp-json\/wp\/v2\/tags?post=1042"}],"curies":[{"name":"wp","href":"https:\/\/api.w.org\/{rel}","templated":true}]}}