{"id":1071,"date":"2019-08-17T13:00:52","date_gmt":"2019-08-17T13:00:52","guid":{"rendered":"http:\/\/www2.uepg.br\/gpinterconexoes\/?p=1071"},"modified":"2020-04-21T01:01:48","modified_gmt":"2020-04-21T01:01:48","slug":"gpinterconexoes-contribui-para-a-integracao-de-agricultores-em-feira-regional","status":"publish","type":"post","link":"https:\/\/www2.uepg.br\/gpinterconexoes\/2019\/08\/17\/gpinterconexoes-contribui-para-a-integracao-de-agricultores-em-feira-regional\/","title":{"rendered":"GPInterconex\u00f5es contribui para a integra\u00e7\u00e3o de agricultores em feira regional"},"content":{"rendered":"<p>O GPInterconex\u00f5es promove com o apoio do transporte da UEPG a participa\u00e7\u00e3o de membros da Rede Sape &#8211; Saberes Agroecol\u00f3gicos de Perman\u00eancia &#8211; Comunidade Sete Saltos de Cima (Ponta Grossa &#8211; PR) e Comunidade Quilombola Palmital dos Pretos (Campo Largo &#8211; PR) -, e faxinalenses de Sete Saltos de Baixo (Ponta Grossa &#8211; PR) na 17\u00aa Feira Regional de Sementes Crioulas e da Agrobiodiversidade e a 3\u00aa Festa dos Guardi\u00f5es e Guardi\u00e3s de Sementes.<\/p>\n<figure id=\"attachment_1072\" aria-describedby=\"caption-attachment-1072\" style=\"width: 300px\" class=\"wp-caption aligncenter\"><img loading=\"lazy\" class=\"wp-image-1072 size-medium\" src=\"http:\/\/www2.uepg.br\/gpinterconexoes\/wp-content\/uploads\/sites\/4\/2019\/08\/WhatsApp-Image-2019-08-26-at-11.58.13-300x200.jpeg\" alt=\"\" width=\"300\" height=\"200\" srcset=\"https:\/\/www2.uepg.br\/gpinterconexoes\/wp-content\/uploads\/sites\/4\/2019\/08\/WhatsApp-Image-2019-08-26-at-11.58.13-300x200.jpeg 300w, https:\/\/www2.uepg.br\/gpinterconexoes\/wp-content\/uploads\/sites\/4\/2019\/08\/WhatsApp-Image-2019-08-26-at-11.58.13-768x512.jpeg 768w, https:\/\/www2.uepg.br\/gpinterconexoes\/wp-content\/uploads\/sites\/4\/2019\/08\/WhatsApp-Image-2019-08-26-at-11.58.13-272x182.jpeg 272w, https:\/\/www2.uepg.br\/gpinterconexoes\/wp-content\/uploads\/sites\/4\/2019\/08\/WhatsApp-Image-2019-08-26-at-11.58.13.jpeg 960w\" sizes=\"(max-width: 300px) 100vw, 300px\" \/><figcaption id=\"caption-attachment-1072\" class=\"wp-caption-text\">Fonte: COLETIVO TRIUNFO, 2019<\/figcaption><\/figure>\n<p><!--more--><\/p>\n<p>Nos dias 16 e 17 de agosto de 2019, o munic\u00edpio de Rebou\u00e7as sediou a 17\u00aa Feira Regional de Sementes Crioulas e da Agrobiodiversidade e a 3\u00aa Festa dos Guardi\u00f5es e Guardi\u00e3s de Sementes, com o tema \u201cCultivar sementes crioulas \u00e9 promover alimenta\u00e7\u00e3o saud\u00e1vel e preservar os conhecimentos tradicionais\u201d.<\/p>\n<p>Segundo o Coletivo Triunfo, respons\u00e1vel pela organiza\u00e7\u00e3o, o evento recebeu cerca de 4.000 pessoas entre agricultores e agricultoras familiares, quilombolas, faxinalenses, ind\u00edgenas, assentados da reforma agr\u00e1ria, benzedeiras, estudantes, professores, gestores p\u00fablicos, pesquisadores e moradores da regi\u00e3o.<\/p>\n<p>Os agricultores rurais e tradicionais da Rede SAPE e faxinalenses representaram a regi\u00e3o dos distritos de Itaiacoca (Ponta Grossa &#8211; PR) e Tr\u00eas C\u00f3rregos (Campo Largo &#8211; PR) com a exposi\u00e7\u00e3o e comercializa\u00e7\u00e3o de produtos &#8211; alimentos da culin\u00e1ria tradicional e artesanatos.<\/p>\n<figure id=\"attachment_1073\" aria-describedby=\"caption-attachment-1073\" style=\"width: 300px\" class=\"wp-caption aligncenter\"><img loading=\"lazy\" class=\"wp-image-1073 size-medium\" src=\"http:\/\/www2.uepg.br\/gpinterconexoes\/wp-content\/uploads\/sites\/4\/2019\/08\/WhatsApp-Image-2019-08-26-at-11.58.18-300x225.jpeg\" alt=\"\" width=\"300\" height=\"225\" srcset=\"https:\/\/www2.uepg.br\/gpinterconexoes\/wp-content\/uploads\/sites\/4\/2019\/08\/WhatsApp-Image-2019-08-26-at-11.58.18-300x225.jpeg 300w, https:\/\/www2.uepg.br\/gpinterconexoes\/wp-content\/uploads\/sites\/4\/2019\/08\/WhatsApp-Image-2019-08-26-at-11.58.18-768x576.jpeg 768w, https:\/\/www2.uepg.br\/gpinterconexoes\/wp-content\/uploads\/sites\/4\/2019\/08\/WhatsApp-Image-2019-08-26-at-11.58.18-1024x768.jpeg 1024w, https:\/\/www2.uepg.br\/gpinterconexoes\/wp-content\/uploads\/sites\/4\/2019\/08\/WhatsApp-Image-2019-08-26-at-11.58.18.jpeg 1280w\" sizes=\"(max-width: 300px) 100vw, 300px\" \/><figcaption id=\"caption-attachment-1073\" class=\"wp-caption-text\">Fonte: PAES, 2019<\/figcaption><\/figure>\n<p>Tamb\u00e9m divulgaram o banco de sementes da Rede SAPE, estruturado pelos GPInterconex\u00f5es e os membros da rede em dezembro de 2018 tendo como Guardi\u00e3o oficial Ant\u00f4nio Ostrufk, que recentemente inaugurou a Casa de Sementes Agricultor Jos\u00e9 Sarnick abrigando o banco.\u00a0 A doutoranda do PPGEO, Cleusi Terezinha Bobato Stadler, integrante do GPInterconex\u00f5es, exp\u00f4s o mostru\u00e1rio de sementes crioulas organizado durante as suas investiga\u00e7\u00f5es da tese de doutorado em comunidades tradicionais paranaenses.<\/p>\n<figure id=\"attachment_1075\" aria-describedby=\"caption-attachment-1075\" style=\"width: 300px\" class=\"wp-caption aligncenter\"><img loading=\"lazy\" class=\"wp-image-1075 size-medium\" src=\"http:\/\/www2.uepg.br\/gpinterconexoes\/wp-content\/uploads\/sites\/4\/2019\/08\/WhatsApp-Image-2019-08-26-at-11.58.18-1-1-300x225.jpeg\" alt=\"\" width=\"300\" height=\"225\" srcset=\"https:\/\/www2.uepg.br\/gpinterconexoes\/wp-content\/uploads\/sites\/4\/2019\/08\/WhatsApp-Image-2019-08-26-at-11.58.18-1-1-300x225.jpeg 300w, https:\/\/www2.uepg.br\/gpinterconexoes\/wp-content\/uploads\/sites\/4\/2019\/08\/WhatsApp-Image-2019-08-26-at-11.58.18-1-1-768x576.jpeg 768w, https:\/\/www2.uepg.br\/gpinterconexoes\/wp-content\/uploads\/sites\/4\/2019\/08\/WhatsApp-Image-2019-08-26-at-11.58.18-1-1-1024x768.jpeg 1024w, https:\/\/www2.uepg.br\/gpinterconexoes\/wp-content\/uploads\/sites\/4\/2019\/08\/WhatsApp-Image-2019-08-26-at-11.58.18-1-1.jpeg 1280w\" sizes=\"(max-width: 300px) 100vw, 300px\" \/><figcaption id=\"caption-attachment-1075\" class=\"wp-caption-text\">Fonte: PAES, 2019<\/figcaption><\/figure>\n<p>O GPInterconex\u00f5es, os membros da Rede SAPE e Faxinalenses tiveram a oportunidade de participar durante a feira de semin\u00e1rios sobre alimenta\u00e7\u00e3o saud\u00e1vel, seguran\u00e7a e soberania alimentar e oficinas de manejo de erva-mate e conserva\u00e7\u00e3o de sementes crioulas.<\/p>\n<p>As t\u00e9cnicas Fernanda de Arruda Paes e a estagi\u00e1ria Tayna Cris Silva, do Grupo de Pesquisa Interconex\u00f5es (UEPG-CNPq), por meio do Projeto de Extens\u00e3o \u201c<em>Sistema Participativo de Certifica\u00e7\u00e3o Socioambiental da Agrofloresta Faxinalense: da diferencia\u00e7\u00e3<\/em><em>o <\/em><em>\u00e0 <\/em><em>qualifica<\/em><em>\u00e7\u00e3o dos produtos de comunidades rurais tradicionais do Paran<\/em><em>\u00e1<\/em>\u201d apoiado pelo Programa Universidade Sem Fronteiras (SETI-PR), ministram oficinas de capacita\u00e7\u00e3o s\u00f3cio-t\u00e9cnica, produ\u00e7\u00e3o e processamento de alimentos nestas comunidades tradicionais, quilombolas e faxinalenses, na regi\u00e3o de Ponta Grossa e Campo Largo.<\/p>\n<p>As oficinas contribu\u00edram para o projeto da Rede SAPE, gestado pelos agricultores locais com o apoio dos integrantes do GPInterconex\u00f5es Dr\u00aa Tanize Tomasi e Msc. doutorando PPGEO Renato Pereira, que alicer\u00e7aram os trabalhos de campo do Projeto das Territorialidades tradicionais as territorializa\u00e7\u00f5es da agroecologia, coordenado pelo Prof. Dr. Nicolas Floriani. Portanto, o GPInterconex\u00f5es, dentro de seus projetos e pesquisas tem alavancado a j\u00e1 existente produ\u00e7\u00e3o tradicional de alimentos com valor nutricional de base ecol\u00f3gica &#8211; quintais agroflorestais e sistemas agroflorestais destes agricultores.<\/p>\n<p><span style=\"font-size: 1rem;font-style: italic\">O GPInterconex\u00f5es j\u00e1 concluiu a etapa da cria\u00e7\u00e3o de r\u00f3tulos e dos selos de identifica\u00e7\u00e3o &#8211; Rede SAPE e Produtos da Agrofloresta Faxinalense que puderam ser inaugurados durante a feira.<\/span><\/p>\n<figure id=\"attachment_1076\" aria-describedby=\"caption-attachment-1076\" style=\"width: 300px\" class=\"wp-caption aligncenter\"><img loading=\"lazy\" class=\"wp-image-1076 size-medium\" src=\"http:\/\/www2.uepg.br\/gpinterconexoes\/wp-content\/uploads\/sites\/4\/2019\/08\/WhatsApp-Image-2019-08-26-at-11.58.20-300x225.jpeg\" alt=\"\" width=\"300\" height=\"225\" srcset=\"https:\/\/www2.uepg.br\/gpinterconexoes\/wp-content\/uploads\/sites\/4\/2019\/08\/WhatsApp-Image-2019-08-26-at-11.58.20-300x225.jpeg 300w, https:\/\/www2.uepg.br\/gpinterconexoes\/wp-content\/uploads\/sites\/4\/2019\/08\/WhatsApp-Image-2019-08-26-at-11.58.20-768x576.jpeg 768w, https:\/\/www2.uepg.br\/gpinterconexoes\/wp-content\/uploads\/sites\/4\/2019\/08\/WhatsApp-Image-2019-08-26-at-11.58.20-1024x768.jpeg 1024w, https:\/\/www2.uepg.br\/gpinterconexoes\/wp-content\/uploads\/sites\/4\/2019\/08\/WhatsApp-Image-2019-08-26-at-11.58.20.jpeg 1280w\" sizes=\"(max-width: 300px) 100vw, 300px\" \/><figcaption id=\"caption-attachment-1076\" class=\"wp-caption-text\">Fonte: PAES, 2019<\/figcaption><\/figure>\n<p style=\"text-align: right\">Texto adaptado de Fernanda de Arruda Paes<\/p>\n","protected":false},"excerpt":{"rendered":"<p>O GPInterconex\u00f5es promove com o apoio do transporte da UEPG a participa\u00e7\u00e3o de membros da Rede Sape &#8211; Saberes Agroecol\u00f3gicos de Perman\u00eancia &#8211; Comunidade Sete Saltos de Cima (Ponta Grossa &#8211; PR) e Comunidade Quilombola Palmital dos Pretos (Campo Largo &#8211; PR) -, e faxinalenses de Sete Saltos de Baixo (Ponta Grossa &#8211; PR) na &hellip; <\/p>\n<p class=\"link-more\"><a href=\"https:\/\/www2.uepg.br\/gpinterconexoes\/2019\/08\/17\/gpinterconexoes-contribui-para-a-integracao-de-agricultores-em-feira-regional\/\" class=\"more-link\">Continue lendo<span class=\"screen-reader-text\"> &#8220;GPInterconex\u00f5es contribui para a integra\u00e7\u00e3o de agricultores em feira regional&#8221;<\/span><\/a><\/p>\n","protected":false},"author":15,"featured_media":0,"comment_status":"closed","ping_status":"open","sticky":false,"template":"","format":"standard","meta":[],"categories":[1],"tags":[],"_links":{"self":[{"href":"https:\/\/www2.uepg.br\/gpinterconexoes\/wp-json\/wp\/v2\/posts\/1071"}],"collection":[{"href":"https:\/\/www2.uepg.br\/gpinterconexoes\/wp-json\/wp\/v2\/posts"}],"about":[{"href":"https:\/\/www2.uepg.br\/gpinterconexoes\/wp-json\/wp\/v2\/types\/post"}],"author":[{"embeddable":true,"href":"https:\/\/www2.uepg.br\/gpinterconexoes\/wp-json\/wp\/v2\/users\/15"}],"replies":[{"embeddable":true,"href":"https:\/\/www2.uepg.br\/gpinterconexoes\/wp-json\/wp\/v2\/comments?post=1071"}],"version-history":[{"count":3,"href":"https:\/\/www2.uepg.br\/gpinterconexoes\/wp-json\/wp\/v2\/posts\/1071\/revisions"}],"predecessor-version":[{"id":1082,"href":"https:\/\/www2.uepg.br\/gpinterconexoes\/wp-json\/wp\/v2\/posts\/1071\/revisions\/1082"}],"wp:attachment":[{"href":"https:\/\/www2.uepg.br\/gpinterconexoes\/wp-json\/wp\/v2\/media?parent=1071"}],"wp:term":[{"taxonomy":"category","embeddable":true,"href":"https:\/\/www2.uepg.br\/gpinterconexoes\/wp-json\/wp\/v2\/categories?post=1071"},{"taxonomy":"post_tag","embeddable":true,"href":"https:\/\/www2.uepg.br\/gpinterconexoes\/wp-json\/wp\/v2\/tags?post=1071"}],"curies":[{"name":"wp","href":"https:\/\/api.w.org\/{rel}","templated":true}]}}