{"id":129,"date":"2019-10-08T11:15:08","date_gmt":"2019-10-08T14:15:08","guid":{"rendered":"http:\/\/www2.uepg.br\/lama\/?p=129"},"modified":"2020-11-11T11:15:46","modified_gmt":"2020-11-11T14:15:46","slug":"lama-uepg-e-casa-familiar-rural-de-sao-mateus-do-sul-realizam-atividades-de-educacao-ambiental","status":"publish","type":"post","link":"https:\/\/www2.uepg.br\/lama\/lama-uepg-e-casa-familiar-rural-de-sao-mateus-do-sul-realizam-atividades-de-educacao-ambiental\/","title":{"rendered":"Lama-UEPG e Casa Familiar Rural de S\u00e3o Mateus do Sul realizam atividades de educa\u00e7\u00e3o ambiental"},"content":{"rendered":"<p align=\"justify\"><img loading=\"lazy\" class=\"wp-image-3518 alignleft lazyloaded\" src=\"https:\/\/www.uepg.br\/wp-content\/uploads\/2019\/10\/1q.jpg\" sizes=\"(max-width: 503px) 100vw, 503px\" srcset=\"https:\/\/www.uepg.br\/wp-content\/uploads\/2019\/10\/1q.jpg 1920w, https:\/\/www.uepg.br\/wp-content\/uploads\/2019\/10\/1q-300x225.jpg 300w, https:\/\/www.uepg.br\/wp-content\/uploads\/2019\/10\/1q-768x576.jpg 768w, https:\/\/www.uepg.br\/wp-content\/uploads\/2019\/10\/1q-1024x768.jpg 1024w, https:\/\/www.uepg.br\/wp-content\/uploads\/2019\/10\/1q-1232x924.jpg 1232w, https:\/\/www.uepg.br\/wp-content\/uploads\/2019\/10\/1q-1440x1080.jpg 1440w\" alt=\"\" width=\"503\" height=\"377\" data-srcset=\"https:\/\/www.uepg.br\/wp-content\/uploads\/2019\/10\/1q.jpg 1920w, https:\/\/www.uepg.br\/wp-content\/uploads\/2019\/10\/1q-300x225.jpg 300w, https:\/\/www.uepg.br\/wp-content\/uploads\/2019\/10\/1q-768x576.jpg 768w, https:\/\/www.uepg.br\/wp-content\/uploads\/2019\/10\/1q-1024x768.jpg 1024w, https:\/\/www.uepg.br\/wp-content\/uploads\/2019\/10\/1q-1232x924.jpg 1232w, https:\/\/www.uepg.br\/wp-content\/uploads\/2019\/10\/1q-1440x1080.jpg 1440w\" data-src=\"https:\/\/www.uepg.br\/wp-content\/uploads\/2019\/10\/1q.jpg\" data-sizes=\"(max-width: 503px) 100vw, 503px\" \/>O Laborat\u00f3rio de Mecaniza\u00e7\u00e3o Agr\u00edcola da Universidade Estadual de Ponta Grossa (Lama\/UEPG) em parceria com a Casa Familiar Rural, desenvolveu atividades de educa\u00e7\u00e3o ambiental no Col\u00e9gio Estadual do Campo Professor Eug\u00eanio de Almeida, no munic\u00edpio de S\u00e3o Mateus do Sul.<\/p>\n<p align=\"justify\">T\u00e9cnicos do Lama-UEPG ministraram palestras que abordaram temas relacionados \u00e0 import\u00e2ncia das \u00e1rvores e da adequa\u00e7\u00e3o ambiental de propriedades rurais, para alunos do 5\u00ba e 6\u00ba ano da escola.\u00a0Durante a visita, tamb\u00e9m foi realizado no col\u00e9gio o plantio de 21 mudas de \u00e1rvores frut\u00edferas pelos alunos da Escola do Campo e alunos do pr\u00e9-infantil da Escola Municipal Ensino Infantil Fundamental Professora Apolina Staniszewski, com a monitoria dos alunos do primeiro ano do ensino m\u00e9dio da Casa Familiar Rural.<\/p>\n<p align=\"justify\">Todas as mudas foram produzidas e doadas pelo Viveiro Florestal do Col\u00e9gio Agr\u00edcola Augusto Ribas, da UEPG, e estiveram envolvidos nas atividades 146 alunos, 10 professores e dois t\u00e9cnicos do Lama.<\/p>\n<p align=\"justify\"><img loading=\"lazy\" class=\"wp-image-3523 alignright lazyloaded\" src=\"https:\/\/www.uepg.br\/wp-content\/uploads\/2019\/10\/4-copy-1.jpg\" sizes=\"(max-width: 458px) 100vw, 458px\" srcset=\"https:\/\/www.uepg.br\/wp-content\/uploads\/2019\/10\/4-copy-1.jpg 1920w, https:\/\/www.uepg.br\/wp-content\/uploads\/2019\/10\/4-copy-1-300x222.jpg 300w, https:\/\/www.uepg.br\/wp-content\/uploads\/2019\/10\/4-copy-1-768x569.jpg 768w, https:\/\/www.uepg.br\/wp-content\/uploads\/2019\/10\/4-copy-1-1024x758.jpg 1024w, https:\/\/www.uepg.br\/wp-content\/uploads\/2019\/10\/4-copy-1-1232x912.jpg 1232w, https:\/\/www.uepg.br\/wp-content\/uploads\/2019\/10\/4-copy-1-1459x1080.jpg 1459w\" alt=\"\" width=\"458\" height=\"339\" data-srcset=\"https:\/\/www.uepg.br\/wp-content\/uploads\/2019\/10\/4-copy-1.jpg 1920w, https:\/\/www.uepg.br\/wp-content\/uploads\/2019\/10\/4-copy-1-300x222.jpg 300w, https:\/\/www.uepg.br\/wp-content\/uploads\/2019\/10\/4-copy-1-768x569.jpg 768w, https:\/\/www.uepg.br\/wp-content\/uploads\/2019\/10\/4-copy-1-1024x758.jpg 1024w, https:\/\/www.uepg.br\/wp-content\/uploads\/2019\/10\/4-copy-1-1232x912.jpg 1232w, https:\/\/www.uepg.br\/wp-content\/uploads\/2019\/10\/4-copy-1-1459x1080.jpg 1459w\" data-src=\"https:\/\/www.uepg.br\/wp-content\/uploads\/2019\/10\/4-copy-1.jpg\" data-sizes=\"(max-width: 458px) 100vw, 458px\" \/>A professora Gisela Bueno Lazzari da Casa Familiar Rural, participou das atividades e destaca a import\u00e2ncia de integrar os estudantes em a\u00e7\u00f5es como a planta\u00e7\u00e3o de mudas. \u201cA atividade tem rela\u00e7\u00e3o direta com o incentivo aos alunos de uma alimenta\u00e7\u00e3o mais saud\u00e1vel. Essas s\u00e3o excelentes pr\u00e1ticas, pois buscam despertar nas crian\u00e7as a descoberta de novos sabores e sensa\u00e7\u00f5es atrav\u00e9s das frutas nativas\u201d, explica.<\/p>\n<p align=\"justify\">A Casa Familiar Rural de S\u00e3o Mateus do Sul desenvolve diversas atividades focadas na agroecologia atrav\u00e9s do projeto Plantando Educa\u00e7\u00e3o e Pescando Agroecologia, patrocinado pela Petrobras e Governo Federal. Outras atividades realizadas pelo Lama-UEPG s\u00e3o financiadas pelo Centro Vocacional Tecnol\u00f3gico em Agroecologia (CVT), com recursos do Conselho Nacional de Desenvolvimento Cient\u00edfico e Tecnol\u00f3gico (CNPq) e tamb\u00e9m pelo projeto Paran\u00e1 Mais Org\u00e2nico, do Governo Estadual.<\/p>\n<p align=\"justify\">Atividades de educa\u00e7\u00e3o ambiental como a desenvolvida pelo projeto Lama-UEPG na escola em S\u00e3o Matheus do Sul, buscam estimular a conscientiza\u00e7\u00e3o dos estudantes acerca dos problemas ambientais,al\u00e9m de ressaltar a import\u00e2ncia da conserva\u00e7\u00e3o dos recursos naturais.<\/p>\n<p align=\"justify\"><img loading=\"lazy\" class=\"wp-image-3522 alignleft lazyloaded\" src=\"https:\/\/www.uepg.br\/wp-content\/uploads\/2019\/10\/5-1.jpg\" sizes=\"(max-width: 422px) 100vw, 422px\" srcset=\"https:\/\/www.uepg.br\/wp-content\/uploads\/2019\/10\/5-1.jpg 1920w, https:\/\/www.uepg.br\/wp-content\/uploads\/2019\/10\/5-1-300x225.jpg 300w, https:\/\/www.uepg.br\/wp-content\/uploads\/2019\/10\/5-1-768x576.jpg 768w, https:\/\/www.uepg.br\/wp-content\/uploads\/2019\/10\/5-1-1024x768.jpg 1024w, https:\/\/www.uepg.br\/wp-content\/uploads\/2019\/10\/5-1-1232x924.jpg 1232w, https:\/\/www.uepg.br\/wp-content\/uploads\/2019\/10\/5-1-1440x1080.jpg 1440w\" alt=\"\" width=\"422\" height=\"317\" data-srcset=\"https:\/\/www.uepg.br\/wp-content\/uploads\/2019\/10\/5-1.jpg 1920w, https:\/\/www.uepg.br\/wp-content\/uploads\/2019\/10\/5-1-300x225.jpg 300w, https:\/\/www.uepg.br\/wp-content\/uploads\/2019\/10\/5-1-768x576.jpg 768w, https:\/\/www.uepg.br\/wp-content\/uploads\/2019\/10\/5-1-1024x768.jpg 1024w, https:\/\/www.uepg.br\/wp-content\/uploads\/2019\/10\/5-1-1232x924.jpg 1232w, https:\/\/www.uepg.br\/wp-content\/uploads\/2019\/10\/5-1-1440x1080.jpg 1440w\" data-src=\"https:\/\/www.uepg.br\/wp-content\/uploads\/2019\/10\/5-1.jpg\" data-sizes=\"(max-width: 422px) 100vw, 422px\" \/><strong>Projeto segue agenda da ONU 2030 para o desenvolvimento sustent\u00e1vel<\/strong><\/p>\n<p align=\"justify\">As atividades desenvolvidas pelos projetos s\u00e3o comprometidas com a agenda 2030 da ONU, no que diz respeito a preserva\u00e7\u00e3o ambiental, mais especificamente os objetivos 13, 15 e 17 da agenda.<\/p>\n<p align=\"justify\"><strong>Objetivo 13<\/strong>:\u00a0Tomar medidas urgentes para combater a mudan\u00e7a do clima e seus impactos<\/p>\n<p align=\"justify\"><strong>Objetivo 15<\/strong>:\u00a0Proteger, recuperar e promover o uso sustent\u00e1vel dos ecossistemas terrestres, gerir de forma sustent\u00e1vel as florestas, combater a desertifica\u00e7\u00e3o, deter e reverter a degrada\u00e7\u00e3o da terra e deter a perda de biodiversidade<\/p>\n<p align=\"justify\"><strong>Objetivo 17<\/strong>:\u00a0Fortalecer os meios de implementa\u00e7\u00e3o e revitalizar a parceria global para o desenvolvimento sustent\u00e1vel<\/p>\n","protected":false},"excerpt":{"rendered":"<p>O Laborat\u00f3rio de Mecaniza\u00e7\u00e3o Agr\u00edcola da Universidade Estadual de Ponta Grossa (Lama\/UEPG) em parceria com a Casa Familiar Rural, desenvolveu atividades de educa\u00e7\u00e3o ambiental no Col\u00e9gio Estadual do Campo Professor Eug\u00eanio de Almeida, no munic\u00edpio de S\u00e3o Mateus do Sul. T\u00e9cnicos do Lama-UEPG ministraram palestras que abordaram temas relacionados \u00e0 import\u00e2ncia das \u00e1rvores e da&nbsp;&hellip;<\/p>\n","protected":false},"author":24,"featured_media":0,"comment_status":"closed","ping_status":"closed","sticky":false,"template":"","format":"standard","meta":[],"categories":[2],"tags":[],"_links":{"self":[{"href":"https:\/\/www2.uepg.br\/lama\/wp-json\/wp\/v2\/posts\/129"}],"collection":[{"href":"https:\/\/www2.uepg.br\/lama\/wp-json\/wp\/v2\/posts"}],"about":[{"href":"https:\/\/www2.uepg.br\/lama\/wp-json\/wp\/v2\/types\/post"}],"author":[{"embeddable":true,"href":"https:\/\/www2.uepg.br\/lama\/wp-json\/wp\/v2\/users\/24"}],"replies":[{"embeddable":true,"href":"https:\/\/www2.uepg.br\/lama\/wp-json\/wp\/v2\/comments?post=129"}],"version-history":[{"count":1,"href":"https:\/\/www2.uepg.br\/lama\/wp-json\/wp\/v2\/posts\/129\/revisions"}],"predecessor-version":[{"id":130,"href":"https:\/\/www2.uepg.br\/lama\/wp-json\/wp\/v2\/posts\/129\/revisions\/130"}],"wp:attachment":[{"href":"https:\/\/www2.uepg.br\/lama\/wp-json\/wp\/v2\/media?parent=129"}],"wp:term":[{"taxonomy":"category","embeddable":true,"href":"https:\/\/www2.uepg.br\/lama\/wp-json\/wp\/v2\/categories?post=129"},{"taxonomy":"post_tag","embeddable":true,"href":"https:\/\/www2.uepg.br\/lama\/wp-json\/wp\/v2\/tags?post=129"}],"curies":[{"name":"wp","href":"https:\/\/api.w.org\/{rel}","templated":true}]}}