{"id":306,"date":"2024-02-20T09:57:22","date_gmt":"2024-02-20T12:57:22","guid":{"rendered":"https:\/\/www2.uepg.br\/lama\/?p=306"},"modified":"2024-03-19T14:21:39","modified_gmt":"2024-03-19T17:21:39","slug":"lama-uepg-inicia-curso-de-agente-em-desenvolvimento-rural-sustentavel","status":"publish","type":"post","link":"https:\/\/www2.uepg.br\/lama\/lama-uepg-inicia-curso-de-agente-em-desenvolvimento-rural-sustentavel\/","title":{"rendered":"Lama\/UEPG inicia Curso de Agente em Desenvolvimento Rural Sustent\u00e1vel"},"content":{"rendered":"<p>No dia 24 de agosto de 2023 na Escola Estadual do Campo da Imaculada Concei\u00e7\u00e3o, localizada na Comunidade Liga\u00e7\u00e3o, o Lama\/UEPG iniciou o Curso em Agentes de Desenvolvimento Rural Sustent\u00e1vel.<\/p>\n<p>O projeto conta com a Coordena\u00e7\u00e3o do Prof. Jo\u00e3o Dremiski (IFPR, Campus Irati), doutorando em Agronomia pela UEPG.<\/p>\n<p>O curso conta, com aulas nas mais diversas tem\u00e1ticas, dentre elas:<\/p>\n<ul>\n<li>Diagn\u00f3stico Rural Participativo (DRP)<\/li>\n<li>Sistemas produtivos<\/li>\n<li>Manejo do solo<\/li>\n<li>Agroind\u00fastrias<\/li>\n<li>Associativismo e cooperativismo<\/li>\n<li>Pol\u00edticas p\u00fablicas<\/li>\n<\/ul>\n<p>O objetivo do curso \u00e9 formar agentes capazes de identificar problemas em suas comunidades, al\u00e9m de discuti-los, implementando solu\u00e7\u00f5es no meio rural.<\/p>\n<div id=\"attachment_307\" style=\"width: 1170px\" class=\"wp-caption alignleft\"><img aria-describedby=\"caption-attachment-307\" loading=\"lazy\" class=\"wp-image-307\" src=\"http:\/\/www2.uepg.br\/lama\/wp-content\/uploads\/sites\/7\/2024\/02\/Imagem-1-Curso-ADES.jpg\" alt=\"\" width=\"1160\" height=\"522\" \/><p id=\"caption-attachment-307\" class=\"wp-caption-text\">Aula inaugural, com abertura do curso pelo Prof. Dr. Pedro Weirich Neto.<\/p><\/div>\n<p>&nbsp;<\/p>\n<p>&nbsp;<\/p>\n<p>&nbsp;<\/p>\n<p>&nbsp;<\/p>\n<p>&nbsp;<\/p>\n<p>&nbsp;<\/p>\n<p>&nbsp;<\/p>\n<p>&nbsp;<\/p>\n<p>&nbsp;<\/p>\n<p>&nbsp;<\/p>\n<p>&nbsp;<\/p>\n<p>&nbsp;<\/p>\n<div id=\"attachment_308\" style=\"width: 1290px\" class=\"wp-caption alignnone\"><img aria-describedby=\"caption-attachment-308\" loading=\"lazy\" class=\"wp-image-308 size-full\" src=\"http:\/\/www2.uepg.br\/lama\/wp-content\/uploads\/sites\/7\/2024\/02\/Imagem-2-Curso-ADES.jpg\" alt=\"\" width=\"1280\" height=\"720\" \/><p id=\"caption-attachment-308\" class=\"wp-caption-text\">Aula sobre Diagn\u00f3stico Rural Participativo (DRP), ministrado pela Prof\u00aa. Dra. N\u00e1tali Maidl de Souza.<\/p><\/div>\n<p>&nbsp;<\/p>\n","protected":false},"excerpt":{"rendered":"<p>No dia 24 de agosto de 2023 na Escola Estadual do Campo da Imaculada Concei\u00e7\u00e3o, localizada na Comunidade Liga\u00e7\u00e3o, o Lama\/UEPG iniciou o Curso em Agentes de Desenvolvimento Rural Sustent\u00e1vel. O projeto conta com a Coordena\u00e7\u00e3o do Prof. Jo\u00e3o Dremiski (IFPR, Campus Irati), doutorando em Agronomia pela UEPG. O curso conta, com aulas nas mais&nbsp;&hellip;<\/p>\n","protected":false},"author":264,"featured_media":308,"comment_status":"closed","ping_status":"closed","sticky":false,"template":"","format":"standard","meta":[],"categories":[2],"tags":[],"_links":{"self":[{"href":"https:\/\/www2.uepg.br\/lama\/wp-json\/wp\/v2\/posts\/306"}],"collection":[{"href":"https:\/\/www2.uepg.br\/lama\/wp-json\/wp\/v2\/posts"}],"about":[{"href":"https:\/\/www2.uepg.br\/lama\/wp-json\/wp\/v2\/types\/post"}],"author":[{"embeddable":true,"href":"https:\/\/www2.uepg.br\/lama\/wp-json\/wp\/v2\/users\/264"}],"replies":[{"embeddable":true,"href":"https:\/\/www2.uepg.br\/lama\/wp-json\/wp\/v2\/comments?post=306"}],"version-history":[{"count":6,"href":"https:\/\/www2.uepg.br\/lama\/wp-json\/wp\/v2\/posts\/306\/revisions"}],"predecessor-version":[{"id":470,"href":"https:\/\/www2.uepg.br\/lama\/wp-json\/wp\/v2\/posts\/306\/revisions\/470"}],"wp:featuredmedia":[{"embeddable":true,"href":"https:\/\/www2.uepg.br\/lama\/wp-json\/wp\/v2\/media\/308"}],"wp:attachment":[{"href":"https:\/\/www2.uepg.br\/lama\/wp-json\/wp\/v2\/media?parent=306"}],"wp:term":[{"taxonomy":"category","embeddable":true,"href":"https:\/\/www2.uepg.br\/lama\/wp-json\/wp\/v2\/categories?post=306"},{"taxonomy":"post_tag","embeddable":true,"href":"https:\/\/www2.uepg.br\/lama\/wp-json\/wp\/v2\/tags?post=306"}],"curies":[{"name":"wp","href":"https:\/\/api.w.org\/{rel}","templated":true}]}}