{"id":313,"date":"2024-02-20T11:18:07","date_gmt":"2024-02-20T14:18:07","guid":{"rendered":"https:\/\/www2.uepg.br\/lama\/?p=313"},"modified":"2024-03-19T14:24:29","modified_gmt":"2024-03-19T17:24:29","slug":"lama-uepg-participa-do-evento-transforma-agro","status":"publish","type":"post","link":"https:\/\/www2.uepg.br\/lama\/lama-uepg-participa-do-evento-transforma-agro\/","title":{"rendered":"Lama\/UEPG participa do evento Transforma Agro"},"content":{"rendered":"<p>Participa\u00e7\u00e3o do Lama\/UEPG, no evento tecnol\u00f3gico Transforma Agro, promovido pela Prefeitura de Ponta Grossa, que contou com o objetivo de levar conhecimento e informa\u00e7\u00e3o aos produtores rurais da Regi\u00e3o dos Campos Gerais no Paran\u00e1. No evento, contamos com a participa\u00e7\u00e3o do Prof. Dr. Jaime Alberti Gomes que palestrou sobre sistemas agr\u00edcolas produtivos alternativos, falando sobre Plantio Direto em Hortali\u00e7as, Voisin, e Agroflorestas, J\u00e1 o Doutorando em Agronomia Waldir Zarrochinski J\u00fanior, falou sobre sistemas de Certifica\u00e7\u00e3o de Produtos Org\u00e2nicos.<\/p>\n<div id=\"attachment_314\" style=\"width: 1142px\" class=\"wp-caption alignnone\"><img aria-describedby=\"caption-attachment-314\" loading=\"lazy\" class=\"wp-image-314\" src=\"http:\/\/www2.uepg.br\/lama\/wp-content\/uploads\/sites\/7\/2024\/02\/Imagem-1.jpg\" alt=\"\" width=\"1132\" height=\"666\" \/><p id=\"caption-attachment-314\" class=\"wp-caption-text\">Palestra sobre sistemas Alternativos de Produ\u00e7\u00e3o Agr\u00edcola, Prof. Dr. Jaime (Lama\/UEPG).<\/p><\/div>\n<div id=\"attachment_315\" style=\"width: 1147px\" class=\"wp-caption alignnone\"><img aria-describedby=\"caption-attachment-315\" loading=\"lazy\" class=\"wp-image-315\" src=\"http:\/\/www2.uepg.br\/lama\/wp-content\/uploads\/sites\/7\/2024\/02\/Imagem-2.jpg\" alt=\"\" width=\"1137\" height=\"741\" \/><p id=\"caption-attachment-315\" class=\"wp-caption-text\">Palestra Certifica\u00e7\u00e3o de Produtos Org\u00e2nicos, Eng. Agr\u00f4nomo Waldir (Doutorando em Agronomia &#8211; Lama\/UEPG).<\/p><\/div>\n<p>&nbsp;<\/p>\n","protected":false},"excerpt":{"rendered":"<p>Participa\u00e7\u00e3o do Lama\/UEPG, no evento tecnol\u00f3gico Transforma Agro, promovido pela Prefeitura de Ponta Grossa, que contou com o objetivo de levar conhecimento e informa\u00e7\u00e3o aos produtores rurais da Regi\u00e3o dos Campos Gerais no Paran\u00e1. No evento, contamos com a participa\u00e7\u00e3o do Prof. Dr. Jaime Alberti Gomes que palestrou sobre sistemas agr\u00edcolas produtivos alternativos, falando sobre&nbsp;&hellip;<\/p>\n","protected":false},"author":264,"featured_media":352,"comment_status":"closed","ping_status":"closed","sticky":false,"template":"","format":"standard","meta":[],"categories":[2],"tags":[],"_links":{"self":[{"href":"https:\/\/www2.uepg.br\/lama\/wp-json\/wp\/v2\/posts\/313"}],"collection":[{"href":"https:\/\/www2.uepg.br\/lama\/wp-json\/wp\/v2\/posts"}],"about":[{"href":"https:\/\/www2.uepg.br\/lama\/wp-json\/wp\/v2\/types\/post"}],"author":[{"embeddable":true,"href":"https:\/\/www2.uepg.br\/lama\/wp-json\/wp\/v2\/users\/264"}],"replies":[{"embeddable":true,"href":"https:\/\/www2.uepg.br\/lama\/wp-json\/wp\/v2\/comments?post=313"}],"version-history":[{"count":4,"href":"https:\/\/www2.uepg.br\/lama\/wp-json\/wp\/v2\/posts\/313\/revisions"}],"predecessor-version":[{"id":472,"href":"https:\/\/www2.uepg.br\/lama\/wp-json\/wp\/v2\/posts\/313\/revisions\/472"}],"wp:featuredmedia":[{"embeddable":true,"href":"https:\/\/www2.uepg.br\/lama\/wp-json\/wp\/v2\/media\/352"}],"wp:attachment":[{"href":"https:\/\/www2.uepg.br\/lama\/wp-json\/wp\/v2\/media?parent=313"}],"wp:term":[{"taxonomy":"category","embeddable":true,"href":"https:\/\/www2.uepg.br\/lama\/wp-json\/wp\/v2\/categories?post=313"},{"taxonomy":"post_tag","embeddable":true,"href":"https:\/\/www2.uepg.br\/lama\/wp-json\/wp\/v2\/tags?post=313"}],"curies":[{"name":"wp","href":"https:\/\/api.w.org\/{rel}","templated":true}]}}