{"id":318,"date":"2024-02-20T11:26:50","date_gmt":"2024-02-20T14:26:50","guid":{"rendered":"https:\/\/www2.uepg.br\/lama\/?p=318"},"modified":"2024-03-19T14:22:24","modified_gmt":"2024-03-19T17:22:24","slug":"entrega-de-camisetas-personalizadas-curso-de-agente-em-desenvolvimento-rural-sustentavel-ades","status":"publish","type":"post","link":"https:\/\/www2.uepg.br\/lama\/entrega-de-camisetas-personalizadas-curso-de-agente-em-desenvolvimento-rural-sustentavel-ades\/","title":{"rendered":"Entrega de camisetas personalizadas: Curso de Agente em Desenvolvimento Rural Sustent\u00e1vel (ADES)"},"content":{"rendered":"<p>Na quinta-feira (30) de dezembro de 2023, o projeto sob coordena\u00e7\u00e3o do Prof. Jo\u00e3o Dremiski (Prof. do IFPR, Campus Irati e doutorando em Agronomia\/UEPG), fez a entrega de camisetas aos alunos do curso de Agentes em Desenvolvimento Rural Sustent\u00e1vel, na Escola Estadual do Campo Imaculada Concei\u00e7\u00e3o, Comunidade Liga\u00e7\u00e3o, Prudent\u00f3polis, Paran\u00e1. O desenvolvimento da camiseta traz refer\u00eancia \u00e0 identidade da regi\u00e3o, onde as curvas de n\u00edvel simbolizam a \u201cdigital\u201d da comunidade e o morro \u201cTrombudinho\u201d relembra um marco na paisagem da regi\u00e3o.<\/p>\n<div id=\"attachment_320\" style=\"width: 1610px\" class=\"wp-caption alignnone\"><img aria-describedby=\"caption-attachment-320\" loading=\"lazy\" class=\"wp-image-320 size-full\" src=\"http:\/\/www2.uepg.br\/lama\/wp-content\/uploads\/sites\/7\/2024\/02\/Imagem-2-ADES-camisetas.jpeg\" alt=\"\" width=\"1600\" height=\"900\" \/><p id=\"caption-attachment-320\" class=\"wp-caption-text\">Entrega das camisetas aos alunos do curso Agentes em Desenvolvimento Rural Sustent\u00e1vel.<\/p><\/div>\n<div id=\"attachment_319\" style=\"width: 1610px\" class=\"wp-caption alignnone\"><img aria-describedby=\"caption-attachment-319\" loading=\"lazy\" class=\"wp-image-319 size-full\" src=\"http:\/\/www2.uepg.br\/lama\/wp-content\/uploads\/sites\/7\/2024\/02\/Imagem-1-ADES-camisetas.jpeg\" alt=\"\" width=\"1600\" height=\"900\" \/><p id=\"caption-attachment-319\" class=\"wp-caption-text\">Arte de autoria da Engenheira Agr\u00f4noma e mestranda Juliana A. Hay.<\/p><\/div>\n<p>&nbsp;<\/p>\n","protected":false},"excerpt":{"rendered":"<p>Na quinta-feira (30) de dezembro de 2023, o projeto sob coordena\u00e7\u00e3o do Prof. Jo\u00e3o Dremiski (Prof. do IFPR, Campus Irati e doutorando em Agronomia\/UEPG), fez a entrega de camisetas aos alunos do curso de Agentes em Desenvolvimento Rural Sustent\u00e1vel, na Escola Estadual do Campo Imaculada Concei\u00e7\u00e3o, Comunidade Liga\u00e7\u00e3o, Prudent\u00f3polis, Paran\u00e1. O desenvolvimento da camiseta traz&nbsp;&hellip;<\/p>\n","protected":false},"author":264,"featured_media":321,"comment_status":"closed","ping_status":"closed","sticky":false,"template":"","format":"standard","meta":[],"categories":[2],"tags":[],"_links":{"self":[{"href":"https:\/\/www2.uepg.br\/lama\/wp-json\/wp\/v2\/posts\/318"}],"collection":[{"href":"https:\/\/www2.uepg.br\/lama\/wp-json\/wp\/v2\/posts"}],"about":[{"href":"https:\/\/www2.uepg.br\/lama\/wp-json\/wp\/v2\/types\/post"}],"author":[{"embeddable":true,"href":"https:\/\/www2.uepg.br\/lama\/wp-json\/wp\/v2\/users\/264"}],"replies":[{"embeddable":true,"href":"https:\/\/www2.uepg.br\/lama\/wp-json\/wp\/v2\/comments?post=318"}],"version-history":[{"count":3,"href":"https:\/\/www2.uepg.br\/lama\/wp-json\/wp\/v2\/posts\/318\/revisions"}],"predecessor-version":[{"id":471,"href":"https:\/\/www2.uepg.br\/lama\/wp-json\/wp\/v2\/posts\/318\/revisions\/471"}],"wp:featuredmedia":[{"embeddable":true,"href":"https:\/\/www2.uepg.br\/lama\/wp-json\/wp\/v2\/media\/321"}],"wp:attachment":[{"href":"https:\/\/www2.uepg.br\/lama\/wp-json\/wp\/v2\/media?parent=318"}],"wp:term":[{"taxonomy":"category","embeddable":true,"href":"https:\/\/www2.uepg.br\/lama\/wp-json\/wp\/v2\/categories?post=318"},{"taxonomy":"post_tag","embeddable":true,"href":"https:\/\/www2.uepg.br\/lama\/wp-json\/wp\/v2\/tags?post=318"}],"curies":[{"name":"wp","href":"https:\/\/api.w.org\/{rel}","templated":true}]}}