{"id":323,"date":"2024-02-20T11:38:34","date_gmt":"2024-02-20T14:38:34","guid":{"rendered":"https:\/\/www2.uepg.br\/lama\/?p=323"},"modified":"2024-03-19T14:20:08","modified_gmt":"2024-03-19T17:20:08","slug":"lama-uepg-apresenta-trabalhos-junto-a-agricultura-camponesa-em-conferencia-mundial","status":"publish","type":"post","link":"https:\/\/www2.uepg.br\/lama\/lama-uepg-apresenta-trabalhos-junto-a-agricultura-camponesa-em-conferencia-mundial\/","title":{"rendered":"Lama\/UEPG apresenta trabalhos junto a agricultura camponesa em Confer\u00eancia Mundial"},"content":{"rendered":"<p>O Lama\/UEPG foi convidado a apresentar suas realiza\u00e7\u00f5es quanto a desenvolvimento sustent\u00e1vel junto a agricultores camponeses na VII Confer\u00eancia Internacional Seguran\u00e7a H\u00eddrica e Mudan\u00e7as Clim\u00e1ticas realizada na Universidade de Cuenca, no Equador que ocorreu entre os dias 21 e 23 de novembro desse ano.<br \/>\nA Profa. Dra. N\u00e1tali Maidl de Souza apresentou os trabalhos desenvolvidos pelo o Lama\/UEPG que visam melhorias sociais e econ\u00f4micas para aumentar a resili\u00eancia e a capacidade de adapta\u00e7\u00e3o da agricultura camponesa paranaense \u00e0s mudan\u00e7as clim\u00e1ticas (Sustainable rural development starts with water), bem como participou de workshops, sendo ainda, convidada para avalia\u00e7\u00e3o final do evento.<br \/>\nA Confer\u00eancia \u00e9 um evento anual em que cientistas, formuladores de pol\u00edticas e partes interessadas, discutem as mais diversas facetas da seguran\u00e7a h\u00eddrica e sua rela\u00e7\u00e3o com a variabilidade e as mudan\u00e7as clim\u00e1ticas.<br \/>\nO evento teve como organizadores: SDG Nexus Network, UCUENCA, CNRD (Centers for Natural Resources and Development), SWINDON (International Network on Sustainable Water Management in Developing Countries), University of Hohenheim e AIT (Asian Institute of Technology). A rede de estudos conta com cinco universidades alem\u00e3s, uma universidade tailandesa, uma do Vietn\u00e3 e a Universidade de Cuenca no Equador. O evento foi financiado pelo DAAD Wordwide.<\/p>\n\n\t\t<style type=\"text\/css\">\n\t\t\t#gallery-1 {\n\t\t\t\tmargin: auto;\n\t\t\t}\n\t\t\t#gallery-1 .gallery-item {\n\t\t\t\tfloat: left;\n\t\t\t\tmargin-top: 10px;\n\t\t\t\ttext-align: center;\n\t\t\t\twidth: 33%;\n\t\t\t}\n\t\t\t#gallery-1 img {\n\t\t\t\tborder: 2px solid #cfcfcf;\n\t\t\t}\n\t\t\t#gallery-1 .gallery-caption {\n\t\t\t\tmargin-left: 0;\n\t\t\t}\n\t\t\t\/* see gallery_shortcode() in wp-includes\/media.php *\/\n\t\t<\/style>\n\t\t<div id='gallery-1' class='gallery galleryid-323 gallery-columns-3 gallery-size-large'><dl class='gallery-item'>\n\t\t\t<dt class='gallery-icon landscape'>\n\t\t\t\t<a href='https:\/\/www2.uepg.br\/lama\/lama-uepg-apresenta-trabalhos-junto-a-agricultura-camponesa-em-conferencia-mundial\/whatsapp-image-2024-02-20-at-11-31-49\/'><img width=\"828\" height=\"825\" src=\"https:\/\/www2.uepg.br\/lama\/wp-content\/uploads\/sites\/7\/2024\/02\/WhatsApp-Image-2024-02-20-at-11.31.49.jpeg\" class=\"attachment-large size-large\" alt=\"\" loading=\"lazy\" \/><\/a>\n\t\t\t<\/dt><\/dl><dl class='gallery-item'>\n\t\t\t<dt class='gallery-icon landscape'>\n\t\t\t\t<a href='https:\/\/www2.uepg.br\/lama\/lama-uepg-apresenta-trabalhos-junto-a-agricultura-camponesa-em-conferencia-mundial\/whatsapp-image-2024-02-20-at-11-31-49-2\/'><img width=\"828\" height=\"827\" src=\"https:\/\/www2.uepg.br\/lama\/wp-content\/uploads\/sites\/7\/2024\/02\/WhatsApp-Image-2024-02-20-at-11.31.49-2.jpeg\" class=\"attachment-large size-large\" alt=\"\" loading=\"lazy\" \/><\/a>\n\t\t\t<\/dt><\/dl><dl class='gallery-item'>\n\t\t\t<dt class='gallery-icon landscape'>\n\t\t\t\t<a href='https:\/\/www2.uepg.br\/lama\/lama-uepg-apresenta-trabalhos-junto-a-agricultura-camponesa-em-conferencia-mundial\/whatsapp-image-2024-02-20-at-11-31-49-1\/'><img width=\"828\" height=\"819\" src=\"https:\/\/www2.uepg.br\/lama\/wp-content\/uploads\/sites\/7\/2024\/02\/WhatsApp-Image-2024-02-20-at-11.31.49-1.jpeg\" class=\"attachment-large size-large\" alt=\"\" loading=\"lazy\" \/><\/a>\n\t\t\t<\/dt><\/dl><br style=\"clear: both\" \/><dl class='gallery-item'>\n\t\t\t<dt class='gallery-icon landscape'>\n\t\t\t\t<a href='https:\/\/www2.uepg.br\/lama\/lama-uepg-apresenta-trabalhos-junto-a-agricultura-camponesa-em-conferencia-mundial\/whatsapp-image-2024-02-20-at-11-31-49-3\/'><img width=\"828\" height=\"827\" src=\"https:\/\/www2.uepg.br\/lama\/wp-content\/uploads\/sites\/7\/2024\/02\/WhatsApp-Image-2024-02-20-at-11.31.49-3.jpeg\" class=\"attachment-large size-large\" alt=\"\" loading=\"lazy\" \/><\/a>\n\t\t\t<\/dt><\/dl><dl class='gallery-item'>\n\t\t\t<dt class='gallery-icon portrait'>\n\t\t\t\t<a href='https:\/\/www2.uepg.br\/lama\/lama-uepg-apresenta-trabalhos-junto-a-agricultura-camponesa-em-conferencia-mundial\/whatsapp-image-2024-02-20-at-11-31-49-4\/'><img width=\"820\" height=\"825\" src=\"https:\/\/www2.uepg.br\/lama\/wp-content\/uploads\/sites\/7\/2024\/02\/WhatsApp-Image-2024-02-20-at-11.31.49-4.jpeg\" class=\"attachment-large size-large\" alt=\"\" loading=\"lazy\" \/><\/a>\n\t\t\t<\/dt><\/dl><dl class='gallery-item'>\n\t\t\t<dt class='gallery-icon landscape'>\n\t\t\t\t<a href='https:\/\/www2.uepg.br\/lama\/lama-uepg-apresenta-trabalhos-junto-a-agricultura-camponesa-em-conferencia-mundial\/whatsapp-image-2024-02-20-at-11-32-47\/'><img width=\"828\" height=\"750\" src=\"https:\/\/www2.uepg.br\/lama\/wp-content\/uploads\/sites\/7\/2024\/02\/WhatsApp-Image-2024-02-20-at-11.32.47.jpeg\" class=\"attachment-large size-large\" alt=\"\" loading=\"lazy\" \/><\/a>\n\t\t\t<\/dt><\/dl><br style=\"clear: both\" \/>\n\t\t<\/div>\n\n","protected":false},"excerpt":{"rendered":"<p>O Lama\/UEPG foi convidado a apresentar suas realiza\u00e7\u00f5es quanto a desenvolvimento sustent\u00e1vel junto a agricultores camponeses na VII Confer\u00eancia Internacional Seguran\u00e7a H\u00eddrica e Mudan\u00e7as Clim\u00e1ticas realizada na Universidade de Cuenca, no Equador que ocorreu entre os dias 21 e 23 de novembro desse ano. A Profa. Dra. N\u00e1tali Maidl de Souza apresentou os trabalhos desenvolvidos&nbsp;&hellip;<\/p>\n","protected":false},"author":264,"featured_media":354,"comment_status":"closed","ping_status":"closed","sticky":false,"template":"","format":"standard","meta":[],"categories":[2],"tags":[],"_links":{"self":[{"href":"https:\/\/www2.uepg.br\/lama\/wp-json\/wp\/v2\/posts\/323"}],"collection":[{"href":"https:\/\/www2.uepg.br\/lama\/wp-json\/wp\/v2\/posts"}],"about":[{"href":"https:\/\/www2.uepg.br\/lama\/wp-json\/wp\/v2\/types\/post"}],"author":[{"embeddable":true,"href":"https:\/\/www2.uepg.br\/lama\/wp-json\/wp\/v2\/users\/264"}],"replies":[{"embeddable":true,"href":"https:\/\/www2.uepg.br\/lama\/wp-json\/wp\/v2\/comments?post=323"}],"version-history":[{"count":4,"href":"https:\/\/www2.uepg.br\/lama\/wp-json\/wp\/v2\/posts\/323\/revisions"}],"predecessor-version":[{"id":469,"href":"https:\/\/www2.uepg.br\/lama\/wp-json\/wp\/v2\/posts\/323\/revisions\/469"}],"wp:featuredmedia":[{"embeddable":true,"href":"https:\/\/www2.uepg.br\/lama\/wp-json\/wp\/v2\/media\/354"}],"wp:attachment":[{"href":"https:\/\/www2.uepg.br\/lama\/wp-json\/wp\/v2\/media?parent=323"}],"wp:term":[{"taxonomy":"category","embeddable":true,"href":"https:\/\/www2.uepg.br\/lama\/wp-json\/wp\/v2\/categories?post=323"},{"taxonomy":"post_tag","embeddable":true,"href":"https:\/\/www2.uepg.br\/lama\/wp-json\/wp\/v2\/tags?post=323"}],"curies":[{"name":"wp","href":"https:\/\/api.w.org\/{rel}","templated":true}]}}