{"id":333,"date":"2024-02-20T11:45:59","date_gmt":"2024-02-20T14:45:59","guid":{"rendered":"https:\/\/www2.uepg.br\/lama\/?p=333"},"modified":"2024-03-19T14:17:22","modified_gmt":"2024-03-19T17:17:22","slug":"lama-uepg-parabeniza-mulheres-e-meninas-na-ciencia","status":"publish","type":"post","link":"https:\/\/www2.uepg.br\/lama\/lama-uepg-parabeniza-mulheres-e-meninas-na-ciencia\/","title":{"rendered":"Lama\/UEPG parabeniza mulheres e meninas na ci\u00eancia"},"content":{"rendered":"<p>No dia 11 de fevereiro foi comemorado o \u201cDia Internacional das Mulheres e Meninas na Ci\u00eancia\u201d. Embora achemos que a necessidade de um dia para essa comemora\u00e7\u00e3o \u00e9 a comprova\u00e7\u00e3o dos erros em tal reconhecimento, onde atua\u00e7\u00e3o e feitos s\u00e3o iguais aos dos homens e meninos. No Lama\/UEPG n\u00e3o se tem nenhuma diferen\u00e7a, da enxada as an\u00e1lises e instrumenta\u00e7\u00e3o mais complexas, espera-se que a qualidade de vida dos agricultores camponeses brasileiros seja contemplada, que a sa\u00fade de solo e \u00e1gua seja contemplada,que os sistemas agroecol\u00f3gicos sejam contemplados e que esta desigualdade desapare\u00e7a o mais r\u00e1pido\u00a0poss\u00edvel.<\/p>\n\n\t\t<style type=\"text\/css\">\n\t\t\t#gallery-1 {\n\t\t\t\tmargin: auto;\n\t\t\t}\n\t\t\t#gallery-1 .gallery-item {\n\t\t\t\tfloat: left;\n\t\t\t\tmargin-top: 10px;\n\t\t\t\ttext-align: center;\n\t\t\t\twidth: 100%;\n\t\t\t}\n\t\t\t#gallery-1 img {\n\t\t\t\tborder: 2px solid #cfcfcf;\n\t\t\t}\n\t\t\t#gallery-1 .gallery-caption {\n\t\t\t\tmargin-left: 0;\n\t\t\t}\n\t\t\t\/* see gallery_shortcode() in wp-includes\/media.php *\/\n\t\t<\/style>\n\t\t<div id='gallery-1' class='gallery galleryid-333 gallery-columns-1 gallery-size-medium'><dl class='gallery-item'>\n\t\t\t<dt class='gallery-icon landscape'>\n\t\t\t\t<a href='https:\/\/www2.uepg.br\/lama\/lama-uepg-parabeniza-mulheres-e-meninas-na-ciencia\/imagem1\/'><img width=\"300\" height=\"191\" src=\"https:\/\/www2.uepg.br\/lama\/wp-content\/uploads\/sites\/7\/2024\/02\/Imagem1.jpg\" class=\"attachment-medium size-medium\" alt=\"\" loading=\"lazy\" aria-describedby=\"gallery-1-334\" \/><\/a>\n\t\t\t<\/dt>\n\t\t\t\t<dd class='wp-caption-text gallery-caption' id='gallery-1-334'>\n\t\t\t\tProf\u00aa. Nat\u00e1li (Lama\/UEPG) praticando ci\u00eancia.\n\t\t\t\t<\/dd><\/dl><br style=\"clear: both\" \/><dl class='gallery-item'>\n\t\t\t<dt class='gallery-icon landscape'>\n\t\t\t\t<a href='https:\/\/www2.uepg.br\/lama\/lama-uepg-parabeniza-mulheres-e-meninas-na-ciencia\/imagem2\/'><img width=\"300\" height=\"293\" src=\"https:\/\/www2.uepg.br\/lama\/wp-content\/uploads\/sites\/7\/2024\/02\/Imagem2.jpg\" class=\"attachment-medium size-medium\" alt=\"\" loading=\"lazy\" aria-describedby=\"gallery-1-335\" \/><\/a>\n\t\t\t<\/dt>\n\t\t\t\t<dd class='wp-caption-text gallery-caption' id='gallery-1-335'>\n\t\t\t\tDoutoranda Jana\u00edna (membra em\u00e9rita Lama\/UEPG), divulgando ci\u00eancia.\n\t\t\t\t<\/dd><\/dl><br style=\"clear: both\" \/><dl class='gallery-item'>\n\t\t\t<dt class='gallery-icon landscape'>\n\t\t\t\t<a href='https:\/\/www2.uepg.br\/lama\/lama-uepg-parabeniza-mulheres-e-meninas-na-ciencia\/imagem3\/'><img width=\"300\" height=\"196\" src=\"https:\/\/www2.uepg.br\/lama\/wp-content\/uploads\/sites\/7\/2024\/02\/Imagem3.jpg\" class=\"attachment-medium size-medium\" alt=\"\" loading=\"lazy\" aria-describedby=\"gallery-1-336\" \/><\/a>\n\t\t\t<\/dt>\n\t\t\t\t<dd class='wp-caption-text gallery-caption' id='gallery-1-336'>\n\t\t\t\tMestranda Juliana (Lama\/UEPG), ensinando ci\u00eancia.\n\t\t\t\t<\/dd><\/dl><br style=\"clear: both\" \/><dl class='gallery-item'>\n\t\t\t<dt class='gallery-icon landscape'>\n\t\t\t\t<a href='https:\/\/www2.uepg.br\/lama\/lama-uepg-parabeniza-mulheres-e-meninas-na-ciencia\/imagem4\/'><img width=\"300\" height=\"195\" src=\"https:\/\/www2.uepg.br\/lama\/wp-content\/uploads\/sites\/7\/2024\/02\/Imagem4.jpg\" class=\"attachment-medium size-medium\" alt=\"\" loading=\"lazy\" aria-describedby=\"gallery-1-337\" \/><\/a>\n\t\t\t<\/dt>\n\t\t\t\t<dd class='wp-caption-text gallery-caption' id='gallery-1-337'>\n\t\t\t\tMeninas na ci\u00eancia, Nat\u00e1lia, Greice e Stefani (Lama\/UEPG), iniciando na ci\u00eancia.\n\t\t\t\t<\/dd><\/dl><br style=\"clear: both\" \/>\n\t\t<\/div>\n\n<p>&nbsp;<\/p>\n<p>&nbsp;<\/p>\n<p>&nbsp;<\/p>\n<p>&nbsp;<\/p>\n","protected":false},"excerpt":{"rendered":"<p>No dia 11 de fevereiro foi comemorado o \u201cDia Internacional das Mulheres e Meninas na Ci\u00eancia\u201d. Embora achemos que a necessidade de um dia para essa comemora\u00e7\u00e3o \u00e9 a comprova\u00e7\u00e3o dos erros em tal reconhecimento, onde atua\u00e7\u00e3o e feitos s\u00e3o iguais aos dos homens e meninos. No Lama\/UEPG n\u00e3o se tem nenhuma diferen\u00e7a, da enxada&nbsp;&hellip;<\/p>\n","protected":false},"author":264,"featured_media":334,"comment_status":"closed","ping_status":"closed","sticky":false,"template":"","format":"standard","meta":[],"categories":[2],"tags":[],"_links":{"self":[{"href":"https:\/\/www2.uepg.br\/lama\/wp-json\/wp\/v2\/posts\/333"}],"collection":[{"href":"https:\/\/www2.uepg.br\/lama\/wp-json\/wp\/v2\/posts"}],"about":[{"href":"https:\/\/www2.uepg.br\/lama\/wp-json\/wp\/v2\/types\/post"}],"author":[{"embeddable":true,"href":"https:\/\/www2.uepg.br\/lama\/wp-json\/wp\/v2\/users\/264"}],"replies":[{"embeddable":true,"href":"https:\/\/www2.uepg.br\/lama\/wp-json\/wp\/v2\/comments?post=333"}],"version-history":[{"count":5,"href":"https:\/\/www2.uepg.br\/lama\/wp-json\/wp\/v2\/posts\/333\/revisions"}],"predecessor-version":[{"id":466,"href":"https:\/\/www2.uepg.br\/lama\/wp-json\/wp\/v2\/posts\/333\/revisions\/466"}],"wp:featuredmedia":[{"embeddable":true,"href":"https:\/\/www2.uepg.br\/lama\/wp-json\/wp\/v2\/media\/334"}],"wp:attachment":[{"href":"https:\/\/www2.uepg.br\/lama\/wp-json\/wp\/v2\/media?parent=333"}],"wp:term":[{"taxonomy":"category","embeddable":true,"href":"https:\/\/www2.uepg.br\/lama\/wp-json\/wp\/v2\/categories?post=333"},{"taxonomy":"post_tag","embeddable":true,"href":"https:\/\/www2.uepg.br\/lama\/wp-json\/wp\/v2\/tags?post=333"}],"curies":[{"name":"wp","href":"https:\/\/api.w.org\/{rel}","templated":true}]}}