{"id":339,"date":"2024-02-20T11:49:46","date_gmt":"2024-02-20T14:49:46","guid":{"rendered":"https:\/\/www2.uepg.br\/lama\/?p=339"},"modified":"2024-03-19T14:14:38","modified_gmt":"2024-03-19T17:14:38","slug":"lama-uepg-faz-estagio-de-vivencia-em-sistemas-agroflorestais","status":"publish","type":"post","link":"https:\/\/www2.uepg.br\/lama\/lama-uepg-faz-estagio-de-vivencia-em-sistemas-agroflorestais\/","title":{"rendered":"Lama\/UEPG faz est\u00e1gio de viv\u00eancia em sistemas agroflorestais"},"content":{"rendered":"<p>Na semana de 18 a 24 de janeiro, o Doutorando em Agronomia e integrante da equipe do Laborat\u00f3rio de Mecaniza\u00e7\u00e3o Agr\u00edcola da Universidade Estadual de Ponta Grossa (Lama\/UEPG) Jean-Fritz Milien participou de est\u00e1gio de viv\u00eancia no Instituto Nova Hora, em Ribeir\u00e3o Preto, estado de S\u00e3o Paulo.<\/p>\n<p>Os sistemas agroflorestais s\u00e3o, sem sombra de d\u00favida, os sistemas produtivos agr\u00edcolas mais complexos e sustent\u00e1veis atualmente propostos. A sua complexidade passa por conhecer fisiologia vegetal, solo e clima, bem como conhecer e proporcionar intera\u00e7\u00e3o entre esses fatores. O projeto de pesquisa do doutorando Fritz \u00e9 implementar e avaliar a qualidade de solo em projeto agroflorestal no Haiti. O Haiti possui sua agricultura baseada na agricultura camponesa, com m\u00e9dia de propriedades menores que 1 hectare (1 ha), em \u00e1reas montanhosas e totalmente baseada no revolvimento do solo. A recupera\u00e7\u00e3o e conserva\u00e7\u00e3o do solo passa por sistemas agr\u00edcolas diferenciados, onde se acredita que os sistemas agroflorestais possam auxiliar em tal proposi\u00e7\u00e3o.<\/p>\n<p>Como forma de revis\u00e3o bibliogr\u00e1fica pr\u00e1tica, Fritz conheceu v\u00e1rios arranjos de sistemas agroflorestais no Assentamento Mario Lago, Regi\u00e3o de Ribeir\u00e3o Preto, SP. \u201cA visita foi interessante demais, al\u00e9m de conhecer\/falar, tive oportunidade de participar de v\u00e1rias pr\u00e1ticas de manejo\u201d, declarou Jean-Fritz.<\/p>\n<p>O referido doutorando foi recebido por Jos\u00e9 Ferreira de Souza (carinhosamente conhecido como Paraguaio), que possui experi\u00eancia nacional e internacional no estudo e implanta\u00e7\u00e3o de Sistemas Agroflorestais. Inclusive, a convite de institui\u00e7\u00e3o norte americana, j\u00e1 esteve v\u00e1rias vezes no Haiti. \u201cFicamos muito contentes com o interesse do Jean-Fritz e da Universidade no sistema de agrofloresta, e mais felizes ainda em receb\u00ea-lo em nossa casa\u201d relata Paraguaio.<\/p>\n<p>Jean-Fritz foi recebido ainda em mais tr\u00eas propriedades, com sistemas diferenciados, bem como em est\u00e1gios e manejos diferentes. Foram realizados trabalhos t\u00e9cnicos na agrofloresta do Cesar Maretti, Sanderson Barros da Silva e Leonardo Bortoletto Cuel.<\/p>\n<div id=\"attachment_340\" style=\"width: 952px\" class=\"wp-caption alignnone\"><img aria-describedby=\"caption-attachment-340\" loading=\"lazy\" class=\"wp-image-340\" src=\"http:\/\/www2.uepg.br\/lama\/wp-content\/uploads\/sites\/7\/2024\/02\/Imagem-1.png\" alt=\"\" width=\"942\" height=\"527\" \/><p id=\"caption-attachment-340\" class=\"wp-caption-text\">Doutorando Jean-Fritz em visita a agrofloresta na propriedade do Sr. Jos\u00e9 Ferreira de Souza.<\/p><\/div>\n<div id=\"attachment_341\" style=\"width: 955px\" class=\"wp-caption alignnone\"><img aria-describedby=\"caption-attachment-341\" loading=\"lazy\" class=\"wp-image-341 \" src=\"http:\/\/www2.uepg.br\/lama\/wp-content\/uploads\/sites\/7\/2024\/02\/Imagem-2.png\" alt=\"\" width=\"945\" height=\"530\" \/><p id=\"caption-attachment-341\" class=\"wp-caption-text\">Sr. Jos\u00e9 Ferreira em \u00e1rea onde vai ser instalada uma agrofloresta.<\/p><\/div>\n<div id=\"attachment_342\" style=\"width: 958px\" class=\"wp-caption alignnone\"><img aria-describedby=\"caption-attachment-342\" loading=\"lazy\" class=\"wp-image-342 \" src=\"http:\/\/www2.uepg.br\/lama\/wp-content\/uploads\/sites\/7\/2024\/02\/Imagem-3.png\" alt=\"\" width=\"948\" height=\"541\" \/><p id=\"caption-attachment-342\" class=\"wp-caption-text\">Transplantio de caf\u00e9 em \u00e1rea que j\u00e1 tem abacate e mandioca.<\/p><\/div>\n<p>&nbsp;<\/p>\n","protected":false},"excerpt":{"rendered":"<p>Na semana de 18 a 24 de janeiro, o Doutorando em Agronomia e integrante da equipe do Laborat\u00f3rio de Mecaniza\u00e7\u00e3o Agr\u00edcola da Universidade Estadual de Ponta Grossa (Lama\/UEPG) Jean-Fritz Milien participou de est\u00e1gio de viv\u00eancia no Instituto Nova Hora, em Ribeir\u00e3o Preto, estado de S\u00e3o Paulo. Os sistemas agroflorestais s\u00e3o, sem sombra de d\u00favida, os&nbsp;&hellip;<\/p>\n","protected":false},"author":264,"featured_media":340,"comment_status":"closed","ping_status":"closed","sticky":false,"template":"","format":"standard","meta":[],"categories":[2],"tags":[],"_links":{"self":[{"href":"https:\/\/www2.uepg.br\/lama\/wp-json\/wp\/v2\/posts\/339"}],"collection":[{"href":"https:\/\/www2.uepg.br\/lama\/wp-json\/wp\/v2\/posts"}],"about":[{"href":"https:\/\/www2.uepg.br\/lama\/wp-json\/wp\/v2\/types\/post"}],"author":[{"embeddable":true,"href":"https:\/\/www2.uepg.br\/lama\/wp-json\/wp\/v2\/users\/264"}],"replies":[{"embeddable":true,"href":"https:\/\/www2.uepg.br\/lama\/wp-json\/wp\/v2\/comments?post=339"}],"version-history":[{"count":5,"href":"https:\/\/www2.uepg.br\/lama\/wp-json\/wp\/v2\/posts\/339\/revisions"}],"predecessor-version":[{"id":464,"href":"https:\/\/www2.uepg.br\/lama\/wp-json\/wp\/v2\/posts\/339\/revisions\/464"}],"wp:featuredmedia":[{"embeddable":true,"href":"https:\/\/www2.uepg.br\/lama\/wp-json\/wp\/v2\/media\/340"}],"wp:attachment":[{"href":"https:\/\/www2.uepg.br\/lama\/wp-json\/wp\/v2\/media?parent=339"}],"wp:term":[{"taxonomy":"category","embeddable":true,"href":"https:\/\/www2.uepg.br\/lama\/wp-json\/wp\/v2\/categories?post=339"},{"taxonomy":"post_tag","embeddable":true,"href":"https:\/\/www2.uepg.br\/lama\/wp-json\/wp\/v2\/tags?post=339"}],"curies":[{"name":"wp","href":"https:\/\/api.w.org\/{rel}","templated":true}]}}