{"id":361,"date":"2024-02-26T10:51:16","date_gmt":"2024-02-26T13:51:16","guid":{"rendered":"https:\/\/www2.uepg.br\/lama\/?p=361"},"modified":"2024-03-19T14:11:54","modified_gmt":"2024-03-19T17:11:54","slug":"lama-uepg-participa-do-lancamento-de-convenio-brasil-china-de-maquinas-agricolas-para-agricultura-camponesa","status":"publish","type":"post","link":"https:\/\/www2.uepg.br\/lama\/lama-uepg-participa-do-lancamento-de-convenio-brasil-china-de-maquinas-agricolas-para-agricultura-camponesa\/","title":{"rendered":"Lama\/UEPG participa do lan\u00e7amento de conv\u00eanio Brasil-China de m\u00e1quinas agr\u00edcolas para agricultura camponesa"},"content":{"rendered":"<p>O Prof. Pedro Henrique Weirich Neto participou entre os dias 31 de janeiro e 02 de fevereiro do \u201cSemin\u00e1rio Nacional de Mecaniza\u00e7\u00e3o Agr\u00edcola\u201d e do lan\u00e7amento do Campo Demonstrativo de M\u00e1quinas Chinesas para Agricultura Familiar, em Apodi, Rio Grande do Norte. Os eventos foram organizados pelo Cons\u00f3rcio Nordeste, pelo MST e pela Associa\u00e7\u00e3o Internacional para a Coopera\u00e7\u00e3o Popular \u2013 IAPC\/BAOBAB.<\/p>\n<p>Foram dois dias de semin\u00e1rios e discuss\u00f5es da pol\u00edtica chinesa, tanto acad\u00eamica como industrial para o tema e um dia com demonstra\u00e7\u00e3o de m\u00e1quinas chinesas de baixa pot\u00eancia projetadas para a agricultura camponesa.<\/p>\n<p>O Semin\u00e1rio contou com participa\u00e7\u00e3o de professores da Universidade de Agricultura da China (CAU), membros da Associa\u00e7\u00e3o Chinesa de Fabricantes de M\u00e1quinas Agr\u00edcolas, lideran\u00e7as camponesas brasileiras e professores de ensino superior brasileiros (IFRN, UERN, UNB, UFRPE, UFMA, UFSCAR e UEPG). O lan\u00e7amento do Campo Experimental contou, tamb\u00e9m, com a presen\u00e7a de um ministro e dois governadores, onde v\u00e1rios conv\u00eanios foram assinados.<\/p>\n<p>O Lama\/UEPG agradece o apoio da Reitoria da UEPG.<\/p>\n\n\t\t<style type=\"text\/css\">\n\t\t\t#gallery-1 {\n\t\t\t\tmargin: auto;\n\t\t\t}\n\t\t\t#gallery-1 .gallery-item {\n\t\t\t\tfloat: left;\n\t\t\t\tmargin-top: 10px;\n\t\t\t\ttext-align: center;\n\t\t\t\twidth: 100%;\n\t\t\t}\n\t\t\t#gallery-1 img {\n\t\t\t\tborder: 2px solid #cfcfcf;\n\t\t\t}\n\t\t\t#gallery-1 .gallery-caption {\n\t\t\t\tmargin-left: 0;\n\t\t\t}\n\t\t\t\/* see gallery_shortcode() in wp-includes\/media.php *\/\n\t\t<\/style>\n\t\t<div id='gallery-1' class='gallery galleryid-361 gallery-columns-1 gallery-size-large'><dl class='gallery-item'>\n\t\t\t<dt class='gallery-icon landscape'>\n\t\t\t\t<a href='https:\/\/www2.uepg.br\/lama\/lama-uepg-participa-do-lancamento-de-convenio-brasil-china-de-maquinas-agricolas-para-agricultura-camponesa\/imagem1-2\/'><img width=\"415\" height=\"273\" src=\"https:\/\/www2.uepg.br\/lama\/wp-content\/uploads\/sites\/7\/2024\/02\/Imagem1-1.jpg\" class=\"attachment-large size-large\" alt=\"\" loading=\"lazy\" aria-describedby=\"gallery-1-363\" \/><\/a>\n\t\t\t<\/dt>\n\t\t\t\t<dd class='wp-caption-text gallery-caption' id='gallery-1-363'>\n\t\t\t\tProfessora Yang MinLi, Universidade de Agricultura da China (CAU), contando a hist\u00f3ria da mecaniza\u00e7\u00e3o de baixa pot\u00eancia na China.\n\t\t\t\t<\/dd><\/dl><br style=\"clear: both\" \/><dl class='gallery-item'>\n\t\t\t<dt class='gallery-icon landscape'>\n\t\t\t\t<a href='https:\/\/www2.uepg.br\/lama\/lama-uepg-participa-do-lancamento-de-convenio-brasil-china-de-maquinas-agricolas-para-agricultura-camponesa\/imagem-3-3\/'><img width=\"401\" height=\"272\" src=\"https:\/\/www2.uepg.br\/lama\/wp-content\/uploads\/sites\/7\/2024\/02\/Imagem-3-1.jpg\" class=\"attachment-large size-large\" alt=\"\" loading=\"lazy\" aria-describedby=\"gallery-1-364\" \/><\/a>\n\t\t\t<\/dt>\n\t\t\t\t<dd class='wp-caption-text gallery-caption' id='gallery-1-364'>\n\t\t\t\tExemplos, bem interessantes de m\u00e1quinas apresentadas.\n\t\t\t\t<\/dd><\/dl><br style=\"clear: both\" \/><dl class='gallery-item'>\n\t\t\t<dt class='gallery-icon landscape'>\n\t\t\t\t<a href='https:\/\/www2.uepg.br\/lama\/lama-uepg-participa-do-lancamento-de-convenio-brasil-china-de-maquinas-agricolas-para-agricultura-camponesa\/imagem-4\/'><img width=\"423\" height=\"280\" src=\"https:\/\/www2.uepg.br\/lama\/wp-content\/uploads\/sites\/7\/2024\/02\/Imagem-4.jpg\" class=\"attachment-large size-large\" alt=\"\" loading=\"lazy\" aria-describedby=\"gallery-1-365\" \/><\/a>\n\t\t\t<\/dt>\n\t\t\t\t<dd class='wp-caption-text gallery-caption' id='gallery-1-365'>\n\t\t\t\tExemplos da tecnologia que pode ficar \u00e0 disposi\u00e7\u00e3o da agricultura camponesa a partir do conv\u00eanio.\n\t\t\t\t<\/dd><\/dl><br style=\"clear: both\" \/>\n\t\t<\/div>\n\n","protected":false},"excerpt":{"rendered":"<p>O Prof. Pedro Henrique Weirich Neto participou entre os dias 31 de janeiro e 02 de fevereiro do \u201cSemin\u00e1rio Nacional de Mecaniza\u00e7\u00e3o Agr\u00edcola\u201d e do lan\u00e7amento do Campo Demonstrativo de M\u00e1quinas Chinesas para Agricultura Familiar, em Apodi, Rio Grande do Norte. Os eventos foram organizados pelo Cons\u00f3rcio Nordeste, pelo MST e pela Associa\u00e7\u00e3o Internacional para&nbsp;&hellip;<\/p>\n","protected":false},"author":264,"featured_media":362,"comment_status":"closed","ping_status":"closed","sticky":false,"template":"","format":"standard","meta":[],"categories":[2],"tags":[],"_links":{"self":[{"href":"https:\/\/www2.uepg.br\/lama\/wp-json\/wp\/v2\/posts\/361"}],"collection":[{"href":"https:\/\/www2.uepg.br\/lama\/wp-json\/wp\/v2\/posts"}],"about":[{"href":"https:\/\/www2.uepg.br\/lama\/wp-json\/wp\/v2\/types\/post"}],"author":[{"embeddable":true,"href":"https:\/\/www2.uepg.br\/lama\/wp-json\/wp\/v2\/users\/264"}],"replies":[{"embeddable":true,"href":"https:\/\/www2.uepg.br\/lama\/wp-json\/wp\/v2\/comments?post=361"}],"version-history":[{"count":5,"href":"https:\/\/www2.uepg.br\/lama\/wp-json\/wp\/v2\/posts\/361\/revisions"}],"predecessor-version":[{"id":462,"href":"https:\/\/www2.uepg.br\/lama\/wp-json\/wp\/v2\/posts\/361\/revisions\/462"}],"wp:featuredmedia":[{"embeddable":true,"href":"https:\/\/www2.uepg.br\/lama\/wp-json\/wp\/v2\/media\/362"}],"wp:attachment":[{"href":"https:\/\/www2.uepg.br\/lama\/wp-json\/wp\/v2\/media?parent=361"}],"wp:term":[{"taxonomy":"category","embeddable":true,"href":"https:\/\/www2.uepg.br\/lama\/wp-json\/wp\/v2\/categories?post=361"},{"taxonomy":"post_tag","embeddable":true,"href":"https:\/\/www2.uepg.br\/lama\/wp-json\/wp\/v2\/tags?post=361"}],"curies":[{"name":"wp","href":"https:\/\/api.w.org\/{rel}","templated":true}]}}