{"id":372,"date":"2024-02-29T11:28:43","date_gmt":"2024-02-29T14:28:43","guid":{"rendered":"https:\/\/www2.uepg.br\/lama\/?p=372"},"modified":"2024-03-19T14:11:43","modified_gmt":"2024-03-19T17:11:43","slug":"lama-uepg-comemora-24-anos-do-primeiro-trote-solidario-da-uepg","status":"publish","type":"post","link":"https:\/\/www2.uepg.br\/lama\/lama-uepg-comemora-24-anos-do-primeiro-trote-solidario-da-uepg\/","title":{"rendered":"Lama\/UEPG comemora 24 anos do primeiro trote solid\u00e1rio da UEPG"},"content":{"rendered":"<p>Na d\u00e9cada de 80 e 90 os trotes violentos nas Universidades Brasileiras eram uma realidade, em alguns casos com muitos acad\u00eamicos machucados e muitas vezes levando a \u00f3bito. No final da d\u00e9cada de 90 algumas universidades paulistas criaram o trote solid\u00e1rio, onde acad\u00eamicos veteranos e calouros realizavam algumas atividades de solidariedade junto a comunidades pr\u00f3ximas. No ano de 2000, o Laborat\u00f3rio de Mecaniza\u00e7\u00e3o Agr\u00edcola da Universidade Estadual de Ponta Grossa (Lama\/UEPG) realizou o primeiro trote solid\u00e1rio da UEPG, talvez do Sul do Brasil, denominado de Trote Amigo. Este foi realizado em dois dias, no primeiro dia os calouros arrecadaram alimentos, totalizando mais de 1.600 kg. No segundo dia os alimentos foram entregues na Cidade dos Meninos (na \u00e9poca, a entidade prestava servi\u00e7o de acolhimento), bem como foram realizadas v\u00e1rias brincadeiras com as crian\u00e7as e adolescentes da institui\u00e7\u00e3o que formavam grupos com os calouros. No decorrer do dia, o grupo de bolsistas do Lama\/UEPG, que escreveu e idealizou, encenou uma pe\u00e7a de teatro tratando de alimenta\u00e7\u00e3o saud\u00e1vel, import\u00e2ncia dos hortifrutis, bem como referenciando sistemas agroecol\u00f3gicos de produ\u00e7\u00e3o de alimentos.<\/p>\n\n\t\t<style type=\"text\/css\">\n\t\t\t#gallery-1 {\n\t\t\t\tmargin: auto;\n\t\t\t}\n\t\t\t#gallery-1 .gallery-item {\n\t\t\t\tfloat: left;\n\t\t\t\tmargin-top: 10px;\n\t\t\t\ttext-align: center;\n\t\t\t\twidth: 100%;\n\t\t\t}\n\t\t\t#gallery-1 img {\n\t\t\t\tborder: 2px solid #cfcfcf;\n\t\t\t}\n\t\t\t#gallery-1 .gallery-caption {\n\t\t\t\tmargin-left: 0;\n\t\t\t}\n\t\t\t\/* see gallery_shortcode() in wp-includes\/media.php *\/\n\t\t<\/style>\n\t\t<div id='gallery-1' class='gallery galleryid-372 gallery-columns-1 gallery-size-large'><dl class='gallery-item'>\n\t\t\t<dt class='gallery-icon landscape'>\n\t\t\t\t<a href='https:\/\/www2.uepg.br\/lama\/lama-uepg-comemora-24-anos-do-primeiro-trote-solidario-da-uepg\/foto-1\/'><img width=\"675\" height=\"448\" src=\"https:\/\/www2.uepg.br\/lama\/wp-content\/uploads\/sites\/7\/2024\/02\/Foto-1.png\" class=\"attachment-large size-large\" alt=\"\" loading=\"lazy\" \/><\/a>\n\t\t\t<\/dt><\/dl><br style=\"clear: both\" \/><dl class='gallery-item'>\n\t\t\t<dt class='gallery-icon landscape'>\n\t\t\t\t<a href='https:\/\/www2.uepg.br\/lama\/lama-uepg-comemora-24-anos-do-primeiro-trote-solidario-da-uepg\/foto-3\/'><img width=\"678\" height=\"449\" src=\"https:\/\/www2.uepg.br\/lama\/wp-content\/uploads\/sites\/7\/2024\/02\/Foto-3.png\" class=\"attachment-large size-large\" alt=\"\" loading=\"lazy\" aria-describedby=\"gallery-1-380\" \/><\/a>\n\t\t\t<\/dt>\n\t\t\t\t<dd class='wp-caption-text gallery-caption' id='gallery-1-380'>\n\t\t\t\tFotos 1 e 2. Arrecada\u00e7\u00e3o de mais de 1.600kg de alimentos .\n\t\t\t\t<\/dd><\/dl><br style=\"clear: both\" \/><dl class='gallery-item'>\n\t\t\t<dt class='gallery-icon landscape'>\n\t\t\t\t<a href='https:\/\/www2.uepg.br\/lama\/lama-uepg-comemora-24-anos-do-primeiro-trote-solidario-da-uepg\/foto-4\/'><img width=\"678\" height=\"441\" src=\"https:\/\/www2.uepg.br\/lama\/wp-content\/uploads\/sites\/7\/2024\/02\/Foto-4.png\" class=\"attachment-large size-large\" alt=\"\" loading=\"lazy\" \/><\/a>\n\t\t\t<\/dt><\/dl><br style=\"clear: both\" \/><dl class='gallery-item'>\n\t\t\t<dt class='gallery-icon landscape'>\n\t\t\t\t<a href='https:\/\/www2.uepg.br\/lama\/lama-uepg-comemora-24-anos-do-primeiro-trote-solidario-da-uepg\/foto-5\/'><img width=\"671\" height=\"452\" src=\"https:\/\/www2.uepg.br\/lama\/wp-content\/uploads\/sites\/7\/2024\/02\/Foto-5.png\" class=\"attachment-large size-large\" alt=\"\" loading=\"lazy\" \/><\/a>\n\t\t\t<\/dt><\/dl><br style=\"clear: both\" \/><dl class='gallery-item'>\n\t\t\t<dt class='gallery-icon landscape'>\n\t\t\t\t<a href='https:\/\/www2.uepg.br\/lama\/lama-uepg-comemora-24-anos-do-primeiro-trote-solidario-da-uepg\/foto-6\/'><img width=\"674\" height=\"442\" src=\"https:\/\/www2.uepg.br\/lama\/wp-content\/uploads\/sites\/7\/2024\/02\/Foto-6.png\" class=\"attachment-large size-large\" alt=\"\" loading=\"lazy\" aria-describedby=\"gallery-1-374\" \/><\/a>\n\t\t\t<\/dt>\n\t\t\t\t<dd class='wp-caption-text gallery-caption' id='gallery-1-374'>\n\t\t\t\tFotos 3,4 e 5. Entrega dos alimentos e momento de brincadeiras com as crian\u00e7as e adolescentes da Cidade dos Meninos.\n\t\t\t\t<\/dd><\/dl><br style=\"clear: both\" \/><dl class='gallery-item'>\n\t\t\t<dt class='gallery-icon landscape'>\n\t\t\t\t<a href='https:\/\/www2.uepg.br\/lama\/lama-uepg-comemora-24-anos-do-primeiro-trote-solidario-da-uepg\/foto-7\/'><img width=\"636\" height=\"446\" src=\"https:\/\/www2.uepg.br\/lama\/wp-content\/uploads\/sites\/7\/2024\/02\/Foto-7.png\" class=\"attachment-large size-large\" alt=\"\" loading=\"lazy\" \/><\/a>\n\t\t\t<\/dt><\/dl><br style=\"clear: both\" \/><dl class='gallery-item'>\n\t\t\t<dt class='gallery-icon landscape'>\n\t\t\t\t<a href='https:\/\/www2.uepg.br\/lama\/lama-uepg-comemora-24-anos-do-primeiro-trote-solidario-da-uepg\/foto-8\/'><img width=\"645\" height=\"448\" src=\"https:\/\/www2.uepg.br\/lama\/wp-content\/uploads\/sites\/7\/2024\/02\/Foto-8.png\" class=\"attachment-large size-large\" alt=\"\" loading=\"lazy\" \/><\/a>\n\t\t\t<\/dt><\/dl><br style=\"clear: both\" \/><dl class='gallery-item'>\n\t\t\t<dt class='gallery-icon landscape'>\n\t\t\t\t<a href='https:\/\/www2.uepg.br\/lama\/lama-uepg-comemora-24-anos-do-primeiro-trote-solidario-da-uepg\/foto-9\/'><img width=\"642\" height=\"436\" src=\"https:\/\/www2.uepg.br\/lama\/wp-content\/uploads\/sites\/7\/2024\/02\/Foto-9.png\" class=\"attachment-large size-large\" alt=\"\" loading=\"lazy\" aria-describedby=\"gallery-1-377\" \/><\/a>\n\t\t\t<\/dt>\n\t\t\t\t<dd class='wp-caption-text gallery-caption' id='gallery-1-377'>\n\t\t\t\tFotos 6,7 e 8. Prepara\u00e7\u00e3o e apresenta\u00e7\u00e3o da pe\u00e7a de teatro pelo Lama\/UEPG para as crian\u00e7as e adolescentes da Cidade dos Meninos.\n\t\t\t\t<\/dd><\/dl><br style=\"clear: both\" \/>\n\t\t<\/div>\n\n<p>&nbsp;<\/p>\n<p>&nbsp;<\/p>\n","protected":false},"excerpt":{"rendered":"<p>Na d\u00e9cada de 80 e 90 os trotes violentos nas Universidades Brasileiras eram uma realidade, em alguns casos com muitos acad\u00eamicos machucados e muitas vezes levando a \u00f3bito. No final da d\u00e9cada de 90 algumas universidades paulistas criaram o trote solid\u00e1rio, onde acad\u00eamicos veteranos e calouros realizavam algumas atividades de solidariedade junto a comunidades pr\u00f3ximas.&nbsp;&hellip;<\/p>\n","protected":false},"author":264,"featured_media":378,"comment_status":"closed","ping_status":"closed","sticky":false,"template":"","format":"standard","meta":[],"categories":[2],"tags":[],"_links":{"self":[{"href":"https:\/\/www2.uepg.br\/lama\/wp-json\/wp\/v2\/posts\/372"}],"collection":[{"href":"https:\/\/www2.uepg.br\/lama\/wp-json\/wp\/v2\/posts"}],"about":[{"href":"https:\/\/www2.uepg.br\/lama\/wp-json\/wp\/v2\/types\/post"}],"author":[{"embeddable":true,"href":"https:\/\/www2.uepg.br\/lama\/wp-json\/wp\/v2\/users\/264"}],"replies":[{"embeddable":true,"href":"https:\/\/www2.uepg.br\/lama\/wp-json\/wp\/v2\/comments?post=372"}],"version-history":[{"count":4,"href":"https:\/\/www2.uepg.br\/lama\/wp-json\/wp\/v2\/posts\/372\/revisions"}],"predecessor-version":[{"id":460,"href":"https:\/\/www2.uepg.br\/lama\/wp-json\/wp\/v2\/posts\/372\/revisions\/460"}],"wp:featuredmedia":[{"embeddable":true,"href":"https:\/\/www2.uepg.br\/lama\/wp-json\/wp\/v2\/media\/378"}],"wp:attachment":[{"href":"https:\/\/www2.uepg.br\/lama\/wp-json\/wp\/v2\/media?parent=372"}],"wp:term":[{"taxonomy":"category","embeddable":true,"href":"https:\/\/www2.uepg.br\/lama\/wp-json\/wp\/v2\/categories?post=372"},{"taxonomy":"post_tag","embeddable":true,"href":"https:\/\/www2.uepg.br\/lama\/wp-json\/wp\/v2\/tags?post=372"}],"curies":[{"name":"wp","href":"https:\/\/api.w.org\/{rel}","templated":true}]}}