{"id":385,"date":"2024-03-05T17:24:09","date_gmt":"2024-03-05T20:24:09","guid":{"rendered":"https:\/\/www2.uepg.br\/lama\/?p=385"},"modified":"2024-03-05T17:24:09","modified_gmt":"2024-03-05T20:24:09","slug":"lama-uepg-recebe-12-milhoes-de-verba-parlamentar","status":"publish","type":"post","link":"https:\/\/www2.uepg.br\/lama\/lama-uepg-recebe-12-milhoes-de-verba-parlamentar\/","title":{"rendered":"Lama\/UEPG recebe 1,2 milh\u00f5es de verba parlamentar"},"content":{"rendered":"<p>Na tarde do dia 23 de fevereiro, a Universidade Estadual de Ponta Grossa (UEPG) recebeu o Deputado Federal Tadeu Veneri (PT\/PR) para o an\u00fancio de emendas parlamentares que somam R$ 1,7 milh\u00f5es. Destes, R$ 1,2 mil, ser\u00e3o destinados a projetos apresentados pelo Laborat\u00f3rio de Mecaniza\u00e7\u00e3o Agr\u00edcola da Universidade Estadual de Ponta Grossa (Lama\/UEPG). Estes s\u00e3o projetos de extens\u00e3o rural, pesquisa e ensino junto a agricultura camponesa (acampamentos e assentamentos da reforma agr\u00e1ria, comunidades quilombolas e agricultura familiar). Fazem parte da proposta, implementa\u00e7\u00e3o de \u00e1reas experimentais de plantio direto em hortali\u00e7as, em sistemas de fruticultura agroecol\u00f3gica, estudos de erva-mate nativas, sistema ecol\u00f3gico de pastagens, estudos de m\u00e1quinas agr\u00edcolas de baixa pot\u00eancia e transforma\u00e7\u00f5es agroindustriais.<\/p>\n\n\t\t<style type=\"text\/css\">\n\t\t\t#gallery-1 {\n\t\t\t\tmargin: auto;\n\t\t\t}\n\t\t\t#gallery-1 .gallery-item {\n\t\t\t\tfloat: left;\n\t\t\t\tmargin-top: 10px;\n\t\t\t\ttext-align: center;\n\t\t\t\twidth: 100%;\n\t\t\t}\n\t\t\t#gallery-1 img {\n\t\t\t\tborder: 2px solid #cfcfcf;\n\t\t\t}\n\t\t\t#gallery-1 .gallery-caption {\n\t\t\t\tmargin-left: 0;\n\t\t\t}\n\t\t\t\/* see gallery_shortcode() in wp-includes\/media.php *\/\n\t\t<\/style>\n\t\t<div id='gallery-1' class='gallery galleryid-385 gallery-columns-1 gallery-size-large'><dl class='gallery-item'>\n\t\t\t<dt class='gallery-icon landscape'>\n\t\t\t\t<a href='https:\/\/www2.uepg.br\/lama\/lama-uepg-recebe-12-milhoes-de-verba-parlamentar\/foto-1-2\/'><img width=\"1024\" height=\"649\" src=\"https:\/\/www2.uepg.br\/lama\/wp-content\/uploads\/sites\/7\/2024\/03\/Foto-1.jpg\" class=\"attachment-large size-large\" alt=\"\" loading=\"lazy\" aria-describedby=\"gallery-1-386\" \/><\/a>\n\t\t\t<\/dt>\n\t\t\t\t<dd class='wp-caption-text gallery-caption' id='gallery-1-386'>\n\t\t\t\tReitor Prof. Miguel Sanchez Neto e o Deputado Federal Tadeu Veneri (PT\/PR) na referida reuni\u00e3o.\n\t\t\t\t<\/dd><\/dl><br style=\"clear: both\" \/><dl class='gallery-item'>\n\t\t\t<dt class='gallery-icon landscape'>\n\t\t\t\t<a href='https:\/\/www2.uepg.br\/lama\/lama-uepg-recebe-12-milhoes-de-verba-parlamentar\/foto-2-2\/'><img width=\"1024\" height=\"636\" src=\"https:\/\/www2.uepg.br\/lama\/wp-content\/uploads\/sites\/7\/2024\/03\/Foto-2.jpg\" class=\"attachment-large size-large\" alt=\"\" loading=\"lazy\" aria-describedby=\"gallery-1-387\" \/><\/a>\n\t\t\t<\/dt>\n\t\t\t\t<dd class='wp-caption-text gallery-caption' id='gallery-1-387'>\n\t\t\t\tProf. Pedro, representou o Lama\/UEPG na reuni\u00e3o.\n\t\t\t\t<\/dd><\/dl><br style=\"clear: both\" \/><dl class='gallery-item'>\n\t\t\t<dt class='gallery-icon landscape'>\n\t\t\t\t<a href='https:\/\/www2.uepg.br\/lama\/lama-uepg-recebe-12-milhoes-de-verba-parlamentar\/foto-3-2\/'><img width=\"1024\" height=\"695\" src=\"https:\/\/www2.uepg.br\/lama\/wp-content\/uploads\/sites\/7\/2024\/03\/Foto-3.jpg\" class=\"attachment-large size-large\" alt=\"\" loading=\"lazy\" aria-describedby=\"gallery-1-388\" \/><\/a>\n\t\t\t<\/dt>\n\t\t\t\t<dd class='wp-caption-text gallery-caption' id='gallery-1-388'>\n\t\t\t\tReuni\u00e3o, tamb\u00e9m, contou com a presen\u00e7a do Prof. Edson (Hist\u00f3ria\/UEPG) um dos articuladores da proposta e o Vice-Reitor Prof. Ivo Demiate.\n\t\t\t\t<\/dd><\/dl><br style=\"clear: both\" \/>\n\t\t<\/div>\n\n<p>&nbsp;<\/p>\n","protected":false},"excerpt":{"rendered":"<p>Na tarde do dia 23 de fevereiro, a Universidade Estadual de Ponta Grossa (UEPG) recebeu o Deputado Federal Tadeu Veneri (PT\/PR) para o an\u00fancio de emendas parlamentares que somam R$ 1,7 milh\u00f5es. Destes, R$ 1,2 mil, ser\u00e3o destinados a projetos apresentados pelo Laborat\u00f3rio de Mecaniza\u00e7\u00e3o Agr\u00edcola da Universidade Estadual de Ponta Grossa (Lama\/UEPG). Estes s\u00e3o&nbsp;&hellip;<\/p>\n","protected":false},"author":264,"featured_media":389,"comment_status":"closed","ping_status":"closed","sticky":false,"template":"","format":"standard","meta":[],"categories":[2],"tags":[],"_links":{"self":[{"href":"https:\/\/www2.uepg.br\/lama\/wp-json\/wp\/v2\/posts\/385"}],"collection":[{"href":"https:\/\/www2.uepg.br\/lama\/wp-json\/wp\/v2\/posts"}],"about":[{"href":"https:\/\/www2.uepg.br\/lama\/wp-json\/wp\/v2\/types\/post"}],"author":[{"embeddable":true,"href":"https:\/\/www2.uepg.br\/lama\/wp-json\/wp\/v2\/users\/264"}],"replies":[{"embeddable":true,"href":"https:\/\/www2.uepg.br\/lama\/wp-json\/wp\/v2\/comments?post=385"}],"version-history":[{"count":1,"href":"https:\/\/www2.uepg.br\/lama\/wp-json\/wp\/v2\/posts\/385\/revisions"}],"predecessor-version":[{"id":390,"href":"https:\/\/www2.uepg.br\/lama\/wp-json\/wp\/v2\/posts\/385\/revisions\/390"}],"wp:featuredmedia":[{"embeddable":true,"href":"https:\/\/www2.uepg.br\/lama\/wp-json\/wp\/v2\/media\/389"}],"wp:attachment":[{"href":"https:\/\/www2.uepg.br\/lama\/wp-json\/wp\/v2\/media?parent=385"}],"wp:term":[{"taxonomy":"category","embeddable":true,"href":"https:\/\/www2.uepg.br\/lama\/wp-json\/wp\/v2\/categories?post=385"},{"taxonomy":"post_tag","embeddable":true,"href":"https:\/\/www2.uepg.br\/lama\/wp-json\/wp\/v2\/tags?post=385"}],"curies":[{"name":"wp","href":"https:\/\/api.w.org\/{rel}","templated":true}]}}