{"id":433,"date":"2024-03-19T09:47:27","date_gmt":"2024-03-19T12:47:27","guid":{"rendered":"https:\/\/www2.uepg.br\/lama\/?p=433"},"modified":"2024-03-19T14:07:45","modified_gmt":"2024-03-19T17:07:45","slug":"parabens-dayana","status":"publish","type":"post","link":"https:\/\/www2.uepg.br\/lama\/parabens-dayana\/","title":{"rendered":"Parab\u00e9ns Dayana!"},"content":{"rendered":"<div id=\"attachment_437\" style=\"width: 446px\" class=\"wp-caption aligncenter\"><img aria-describedby=\"caption-attachment-437\" loading=\"lazy\" class=\"wp-image-437\" src=\"http:\/\/www2.uepg.br\/lama\/wp-content\/uploads\/sites\/7\/2024\/03\/WhatsApp-Image-2024-03-19-at-09.44.54.jpeg\" alt=\"\" width=\"436\" height=\"327\" \/><p id=\"caption-attachment-437\" class=\"wp-caption-text\">Equipe do Lama\/UEPG na Esta\u00e7\u00e3o Ecol\u00f3gica do Taim, Rio Grande do Sul (2005).<\/p><\/div>\n<p>Engenheira Agr\u00f4noma, Mestre, Doutora. S\u00e3o v\u00e1rias as formas com que se pode nominar a Prof\u00aa Dayana Almeida. Com forma\u00e7\u00e3o vasta em Ecologia com conceitos de espacialidade e uso das terras, inclusive com per\u00edodos na B\u00e9lgica e na Alemanha, iniciou sua carreira cient\u00edfica no Laborat\u00f3rio de Mecaniza\u00e7\u00e3o Agr\u00edcola da Universidade Estadual de Ponta Grossa (Lama\/UEPG), onde foi bolsista de v\u00e1rios projetos com a mesma tem\u00e1tica, sempre com muita compet\u00eancia e seriedade. N\u00e3o seria de se admirar que o cargo efetivo de professora viria! Prof\u00aa Dayana agora \u00e9 efetiva na Unesp de Rio Claro, ocupando a cadeira de Geografia Territorial, liga\u00e7\u00e3o interdisciplinar de suma import\u00e2ncia entre o espa\u00e7o e o uso antr\u00f3pico ou n\u00e3o da paisagem. Parab\u00e9ns pela sua conquista, Prof\u00aa Dayana!<\/p>\n<div id=\"attachment_436\" style=\"width: 451px\" class=\"wp-caption aligncenter\"><img aria-describedby=\"caption-attachment-436\" loading=\"lazy\" class=\"wp-image-436\" src=\"http:\/\/www2.uepg.br\/lama\/wp-content\/uploads\/sites\/7\/2024\/03\/WhatsApp-Image-2024-03-19-at-09.44.53.jpeg\" alt=\"\" width=\"441\" height=\"331\" \/><p id=\"caption-attachment-436\" class=\"wp-caption-text\">Equipe do Lama\/UEPG em Congresso na UCPel, Pelota, Rio Grande do Sul (2005).<\/p><\/div>\n","protected":false},"excerpt":{"rendered":"<p>Engenheira Agr\u00f4noma, Mestre, Doutora. S\u00e3o v\u00e1rias as formas com que se pode nominar a Prof\u00aa Dayana Almeida. Com forma\u00e7\u00e3o vasta em Ecologia com conceitos de espacialidade e uso das terras, inclusive com per\u00edodos na B\u00e9lgica e na Alemanha, iniciou sua carreira cient\u00edfica no Laborat\u00f3rio de Mecaniza\u00e7\u00e3o Agr\u00edcola da Universidade Estadual de Ponta Grossa (Lama\/UEPG), onde&nbsp;&hellip;<\/p>\n","protected":false},"author":264,"featured_media":437,"comment_status":"closed","ping_status":"closed","sticky":false,"template":"","format":"standard","meta":[],"categories":[2],"tags":[],"_links":{"self":[{"href":"https:\/\/www2.uepg.br\/lama\/wp-json\/wp\/v2\/posts\/433"}],"collection":[{"href":"https:\/\/www2.uepg.br\/lama\/wp-json\/wp\/v2\/posts"}],"about":[{"href":"https:\/\/www2.uepg.br\/lama\/wp-json\/wp\/v2\/types\/post"}],"author":[{"embeddable":true,"href":"https:\/\/www2.uepg.br\/lama\/wp-json\/wp\/v2\/users\/264"}],"replies":[{"embeddable":true,"href":"https:\/\/www2.uepg.br\/lama\/wp-json\/wp\/v2\/comments?post=433"}],"version-history":[{"count":14,"href":"https:\/\/www2.uepg.br\/lama\/wp-json\/wp\/v2\/posts\/433\/revisions"}],"predecessor-version":[{"id":459,"href":"https:\/\/www2.uepg.br\/lama\/wp-json\/wp\/v2\/posts\/433\/revisions\/459"}],"wp:featuredmedia":[{"embeddable":true,"href":"https:\/\/www2.uepg.br\/lama\/wp-json\/wp\/v2\/media\/437"}],"wp:attachment":[{"href":"https:\/\/www2.uepg.br\/lama\/wp-json\/wp\/v2\/media?parent=433"}],"wp:term":[{"taxonomy":"category","embeddable":true,"href":"https:\/\/www2.uepg.br\/lama\/wp-json\/wp\/v2\/categories?post=433"},{"taxonomy":"post_tag","embeddable":true,"href":"https:\/\/www2.uepg.br\/lama\/wp-json\/wp\/v2\/tags?post=433"}],"curies":[{"name":"wp","href":"https:\/\/api.w.org\/{rel}","templated":true}]}}