{"id":473,"date":"2024-03-20T17:27:13","date_gmt":"2024-03-20T20:27:13","guid":{"rendered":"https:\/\/www2.uepg.br\/lama\/?p=473"},"modified":"2024-03-20T17:30:09","modified_gmt":"2024-03-20T20:30:09","slug":"lama-uepg-e-convidado-para-o-xi-simposio-alemanha-brasil-de-desenvolvimento-sustentavel","status":"publish","type":"post","link":"https:\/\/www2.uepg.br\/lama\/lama-uepg-e-convidado-para-o-xi-simposio-alemanha-brasil-de-desenvolvimento-sustentavel\/","title":{"rendered":"Lama\/UEPG \u00e9 convidado para o XI Simp\u00f3sio Alemanha-Brasil de Desenvolvimento Sustent\u00e1vel"},"content":{"rendered":"<div id=\"attachment_478\" style=\"width: 568px\" class=\"wp-caption alignleft\"><img aria-describedby=\"caption-attachment-478\" loading=\"lazy\" class=\"wp-image-478\" src=\"http:\/\/www2.uepg.br\/lama\/wp-content\/uploads\/sites\/7\/2024\/03\/WhatsApp-Image-2024-03-20-at-17.23.21.jpeg\" alt=\"\" width=\"558\" height=\"233\" data-wp-editing=\"1\" \/><p id=\"caption-attachment-478\" class=\"wp-caption-text\">Detalhe da Programa\u00e7\u00e3o do XI Simp\u00f3sio Alemanha-Brasil de Desenvolvimento Sustent\u00e1vel.<\/p><\/div>\n<p>O Laborat\u00f3rio de Mecaniza\u00e7\u00e3o Agr\u00edcola da Universidade Estadual de Ponta Grossa (Lama\/UEPG) foi convidado para apresentar trabalhos de ensino, pesquisa e extens\u00e3o rural que realiza junto a agricultura camponesa regional. O lama\/UEPG, h\u00e1 mais de 30 anos realiza trabalhos junto a agricultores camponeses nas Mesos Regi\u00f5es Centro-Oriental e Sudeste do Paran\u00e1, cuja premissa \u00e9 o desenvolvimento sustent\u00e1vel. Para tal; conserva\u00e7\u00e3o de \u00e1gua e solo, sistemas agroecol\u00f3gicos de produ\u00e7\u00e3o, resgate de sementes crioulas, manejo ecol\u00f3gico de pastagem, com\u00e9rcio justo, envolvimento de jovens e mulheres, entre outras a\u00e7\u00f5es s\u00e3o praticadas. Al\u00e9m do referido, pela experi\u00eancia, o Lama\/UEPG teve a honra de ser convidado para moderar sess\u00e3o do evento. Esta discutir\u00e1 <strong><em>Resilience and Adaptation for Sustainable Agri-Food Systems<\/em><\/strong><strong>. <\/strong>A profa. N\u00e1tali ir\u00e1 representar o Lama\/UEPG no evento, que ocorrer\u00e1 na <em>Universit\u00e4t T\u00fcbingen, <\/em>na cidade de<em> T\u00fcbingen, <\/em>no per\u00edodo de 20 a 22 de mar\u00e7o de 2024.<\/p>\n<div id=\"attachment_477\" style=\"width: 672px\" class=\"wp-caption aligncenter\"><img aria-describedby=\"caption-attachment-477\" loading=\"lazy\" class=\"wp-image-477\" src=\"http:\/\/www2.uepg.br\/lama\/wp-content\/uploads\/sites\/7\/2024\/03\/WhatsApp-Image-2024-03-20-at-17.23.21-1.jpeg\" alt=\"\" width=\"662\" height=\"615\" \/><p id=\"caption-attachment-477\" class=\"wp-caption-text\">A Profa. N\u00e1tali ir\u00e1 representar o Lama\/UEPG no referido evento.<\/p><\/div>\n","protected":false},"excerpt":{"rendered":"<p>O Laborat\u00f3rio de Mecaniza\u00e7\u00e3o Agr\u00edcola da Universidade Estadual de Ponta Grossa (Lama\/UEPG) foi convidado para apresentar trabalhos de ensino, pesquisa e extens\u00e3o rural que realiza junto a agricultura camponesa regional. O lama\/UEPG, h\u00e1 mais de 30 anos realiza trabalhos junto a agricultores camponeses nas Mesos Regi\u00f5es Centro-Oriental e Sudeste do Paran\u00e1, cuja premissa \u00e9 o&nbsp;&hellip;<\/p>\n","protected":false},"author":264,"featured_media":479,"comment_status":"closed","ping_status":"closed","sticky":false,"template":"","format":"standard","meta":[],"categories":[2],"tags":[],"_links":{"self":[{"href":"https:\/\/www2.uepg.br\/lama\/wp-json\/wp\/v2\/posts\/473"}],"collection":[{"href":"https:\/\/www2.uepg.br\/lama\/wp-json\/wp\/v2\/posts"}],"about":[{"href":"https:\/\/www2.uepg.br\/lama\/wp-json\/wp\/v2\/types\/post"}],"author":[{"embeddable":true,"href":"https:\/\/www2.uepg.br\/lama\/wp-json\/wp\/v2\/users\/264"}],"replies":[{"embeddable":true,"href":"https:\/\/www2.uepg.br\/lama\/wp-json\/wp\/v2\/comments?post=473"}],"version-history":[{"count":4,"href":"https:\/\/www2.uepg.br\/lama\/wp-json\/wp\/v2\/posts\/473\/revisions"}],"predecessor-version":[{"id":483,"href":"https:\/\/www2.uepg.br\/lama\/wp-json\/wp\/v2\/posts\/473\/revisions\/483"}],"wp:featuredmedia":[{"embeddable":true,"href":"https:\/\/www2.uepg.br\/lama\/wp-json\/wp\/v2\/media\/479"}],"wp:attachment":[{"href":"https:\/\/www2.uepg.br\/lama\/wp-json\/wp\/v2\/media?parent=473"}],"wp:term":[{"taxonomy":"category","embeddable":true,"href":"https:\/\/www2.uepg.br\/lama\/wp-json\/wp\/v2\/categories?post=473"},{"taxonomy":"post_tag","embeddable":true,"href":"https:\/\/www2.uepg.br\/lama\/wp-json\/wp\/v2\/tags?post=473"}],"curies":[{"name":"wp","href":"https:\/\/api.w.org\/{rel}","templated":true}]}}